{"id":16833,"date":"2015-04-02T20:18:23","date_gmt":"2015-04-02T23:18:23","guid":{"rendered":"https:\/\/blogs.gazetaesportiva.com\/planeta-octogono\/?p=16833"},"modified":"2015-04-02T20:18:23","modified_gmt":"2015-04-02T23:18:23","slug":"voce-indica-veja-os-bastidores-com-participacao-de-campea-do-ufc-ronda-rousey-no-filme-velozes-e-furiosos-7","status":"publish","type":"post","link":"https:\/\/blogs.gazetaesportiva.com\/planeta-octogono\/2015\/04\/02\/voce-indica-veja-os-bastidores-com-participacao-de-campea-do-ufc-ronda-rousey-no-filme-velozes-e-furiosos-7\/","title":{"rendered":"Voc\u00ea Indica &#8211; Veja os bastidores com participa\u00e7\u00e3o de campe\u00e3 do UFC, Ronda Rousey no filme Velozes e Furiosos 7"},"content":{"rendered":"<figure id=\"attachment_16714\" aria-describedby=\"caption-attachment-16714\" style=\"width: 695px\" class=\"wp-caption aligncenter\"><a href=\"https:\/\/blogs.gazetaesportiva.com\/planeta-octogono\/files\/2015\/03\/11046454_1019101831451065_472283302607688673_o.jpg\"><img loading=\"lazy\" decoding=\"async\" class=\"size-full wp-image-16714\" alt=\"Ronda Rousey (esquerda) participa de famoso filme - Ana Carolina\/Gazeta Press\" src=\"https:\/\/blogs.gazetaesportiva.com\/planeta-octogono\/files\/2015\/03\/11046454_1019101831451065_472283302607688673_o.jpg\" width=\"695\" height=\"463\" \/><\/a><figcaption id=\"caption-attachment-16714\" class=\"wp-caption-text\"><strong><em>Ronda Rousey (esquerda) participa de famoso filme &#8211; Ana Carolina\/Gazeta Press<\/em><\/strong><\/figcaption><\/figure>\n<p>&nbsp;<\/p>\n<p>A carreira de atriz da musa americana, Ronda Rousey cada vez est\u00e1 ganhando mais notoriedade.<\/p>\n<p>Foi divulgado nesta semana, um v\u00eddeo mostrando os bastidores da participa\u00e7\u00e3o da atleta no famoso filme, Velozes e Furiosos que ter\u00e1 sua estr\u00e9ia neste m\u00eas de abril.<\/p>\n<p>No v\u00eddeo, o longa mostra os bastidores de uma cena aonde Ronda contracena com a atriz Michelle Dominguez.<\/p>\n<p>&#8220;Ela \u00e9 muito legal, e t\u00e3o forte que me pegou como se eu fosse uma crian\u00e7a.&#8221; brincou a atriz.<\/p>\n<p>Ronda vai defender seu cintur\u00e3o contra a brasileira Bethe Correia no dia 1 de agosto, no Rio de Janeiro.<\/p>\n<p>&nbsp;<\/p>\n<p>[yframe url=&#8217;www.youtube.com\/watch?v=Rok82ZcOPHM&#8217;]<\/p>\n","protected":false},"excerpt":{"rendered":"<p>&nbsp; A carreira de atriz da musa americana, Ronda Rousey cada vez est\u00e1 ganhando mais notoriedade. Foi divulgado nesta semana, um v\u00eddeo mostrando os bastidores <a class=\"read-more\" href=\"https:\/\/blogs.gazetaesportiva.com\/planeta-octogono\/2015\/04\/02\/voce-indica-veja-os-bastidores-com-participacao-de-campea-do-ufc-ronda-rousey-no-filme-velozes-e-furiosos-7\/\">leia mais<\/a><\/p>\n","protected":false},"author":33,"featured_media":0,"comment_status":"open","ping_status":"open","sticky":false,"template":"","format":"standard","meta":{"jetpack_post_was_ever_published":false,"_jetpack_newsletter_access":"","_jetpack_dont_email_post_to_subs":false,"_jetpack_newsletter_tier_id":0,"_jetpack_memberships_contains_paywalled_content":false,"_jetpack_memberships_contains_paid_content":false,"footnotes":"","jetpack_publicize_message":"","jetpack_publicize_feature_enabled":true,"jetpack_social_post_already_shared":false,"jetpack_social_options":{"image_generator_settings":{"template":"highway","default_image_id":0,"font":"","enabled":false},"version":2}},"categories":[4],"tags":[98,347],"class_list":["post-16833","post","type-post","status-publish","format-standard","hentry","category-voce-indica","tag-ronda-rousey","tag-velozes-e-furiosos"],"jetpack_publicize_connections":[],"jetpack_featured_media_url":"","jetpack_sharing_enabled":true,"jetpack_shortlink":"https:\/\/wp.me\/p6rqUQ-4nv","_links":{"self":[{"href":"https:\/\/blogs.gazetaesportiva.com\/planeta-octogono\/wp-json\/wp\/v2\/posts\/16833","targetHints":{"allow":["GET"]}}],"collection":[{"href":"https:\/\/blogs.gazetaesportiva.com\/planeta-octogono\/wp-json\/wp\/v2\/posts"}],"about":[{"href":"https:\/\/blogs.gazetaesportiva.com\/planeta-octogono\/wp-json\/wp\/v2\/types\/post"}],"author":[{"embeddable":true,"href":"https:\/\/blogs.gazetaesportiva.com\/planeta-octogono\/wp-json\/wp\/v2\/users\/33"}],"replies":[{"embeddable":true,"href":"https:\/\/blogs.gazetaesportiva.com\/planeta-octogono\/wp-json\/wp\/v2\/comments?post=16833"}],"version-history":[{"count":0,"href":"https:\/\/blogs.gazetaesportiva.com\/planeta-octogono\/wp-json\/wp\/v2\/posts\/16833\/revisions"}],"wp:attachment":[{"href":"https:\/\/blogs.gazetaesportiva.com\/planeta-octogono\/wp-json\/wp\/v2\/media?parent=16833"}],"wp:term":[{"taxonomy":"category","embeddable":true,"href":"https:\/\/blogs.gazetaesportiva.com\/planeta-octogono\/wp-json\/wp\/v2\/categories?post=16833"},{"taxonomy":"post_tag","embeddable":true,"href":"https:\/\/blogs.gazetaesportiva.com\/planeta-octogono\/wp-json\/wp\/v2\/tags?post=16833"}],"curies":[{"name":"wp","href":"https:\/\/api.w.org\/{rel}","templated":true}]}}