{"id":16828,"date":"2015-04-01T13:24:23","date_gmt":"2015-04-01T16:24:23","guid":{"rendered":"https:\/\/blogs.gazetaesportiva.com\/planeta-octogono\/?p=16828"},"modified":"2015-04-01T13:24:23","modified_gmt":"2015-04-01T16:24:23","slug":"conor-mcgregor-volta-a-provocar-jose-aldo-e-toma-cinturao-em-coletiva-na-irlanda","status":"publish","type":"post","link":"https:\/\/blogs.gazetaesportiva.com\/planeta-octogono\/2015\/04\/01\/conor-mcgregor-volta-a-provocar-jose-aldo-e-toma-cinturao-em-coletiva-na-irlanda\/","title":{"rendered":"Conor McGregor volta a provocar Jos\u00e9 Aldo e toma cintur\u00e3o em coletiva na Irlanda"},"content":{"rendered":"<figure id=\"attachment_16829\" aria-describedby=\"caption-attachment-16829\" style=\"width: 695px\" class=\"wp-caption aligncenter\"><a href=\"https:\/\/blogs.gazetaesportiva.com\/planeta-octogono\/files\/2015\/04\/aldoconor.jpg\"><img loading=\"lazy\" decoding=\"async\" class=\"size-full wp-image-16829\" alt=\"Conor McGregor toma cintur\u00e3o de Aldo em coletiva - Divulga\u00e7\u00e3o\" src=\"https:\/\/blogs.gazetaesportiva.com\/planeta-octogono\/files\/2015\/04\/aldoconor.jpg\" width=\"695\" height=\"347\" \/><\/a><figcaption id=\"caption-attachment-16829\" class=\"wp-caption-text\"><strong><em>Conor McGregor toma cintur\u00e3o de Aldo em coletiva &#8211; Divulga\u00e7\u00e3o<\/em><\/strong><\/figcaption><\/figure>\n<p>&nbsp;<\/p>\n<p>O UFC realizou nesta ter\u00e7a feira o final de seu Tour Mundial com Jos\u00e9 Aldo e Conor McGregor na cidade de Dublin, na Irlanda.<\/p>\n<p>Com a presen\u00e7a de milhares de fan\u00e1ticos f\u00e3s irlandeses, o desafiante foi recebido com festa e o Presidente do UFC, Dana White teve dificuldades para iniciar a coletiva mediante o grande barulho da torcida.<\/p>\n<p>Ap\u00f3s tentar acalmar os \u00e2nimos, Dana teve mais trabalho com as provoca\u00e7\u00f5es de McGregor sobre Aldo.<\/p>\n<p>Depois de ouvir uma declara\u00e7\u00e3o de Jos\u00e9 Aldo, dizendo ser o rei de Dublin, o irland\u00eas se enfureceu e tomou o cintur\u00e3o do brasileiro, iniciando uma confus\u00e3o que foi imediatamente contida pelo staff e seguran\u00e7as presentes.<\/p>\n<p>&#8220;Preste aten\u00e7\u00e3o. Olha s\u00f3 para quem \u00e9 de verdade o rei de Dublin.&#8221; disparou McGregor que batia na mesa com as m\u00e3os e discutia com Aldo durante boa parte da coletiva.<\/p>\n<p>A torcida irlandesa em um clima hostil com o brasileiro, tamb\u00e9m provocava o campe\u00e3o com diversas m\u00fasicas, e com f\u00e3s fazendo diversas provoca\u00e7\u00f5es durante as oportunidades cedidas por Dana White para perguntas.<\/p>\n<p>Na encarada, os lutadores voltaram a se provocar, para del\u00edrio da torcida presente.<\/p>\n<p>O duelo acontece no dia 11 de julho, na edi\u00e7\u00e3o 189, na semana mais importante do ano para o UFC.<\/p>\n<p>[yframe url=&#8217;www.youtube.com\/watch?v=zxoT34adJ_4&#8242;]<\/p>\n<p style=\"text-align: center\"><strong><em>Jos\u00e9 Aldo curte jogo do Brasil em Londres<\/em><\/strong><\/p>\n<p style=\"text-align: left\">O UFC tamb\u00e9m divulgou os bastidores da passagem de Aldo por Londres.<\/p>\n<p style=\"text-align: left\">O lutador aproveitou para curtir um jogo do Brasil contra o Chile, enquanto McGregor assistiu um v\u00eddeo de bastidores do evento atrav\u00e9s de seu celular.<\/p>\n<p style=\"text-align: left\">[yframe url=&#8217;www.youtube.com\/watch?v=Cw6UPAJNhac&#8217;]<\/p>\n","protected":false},"excerpt":{"rendered":"<p>&nbsp; O UFC realizou nesta ter\u00e7a feira o final de seu Tour Mundial com Jos\u00e9 Aldo e Conor McGregor na cidade de Dublin, na Irlanda. <a class=\"read-more\" href=\"https:\/\/blogs.gazetaesportiva.com\/planeta-octogono\/2015\/04\/01\/conor-mcgregor-volta-a-provocar-jose-aldo-e-toma-cinturao-em-coletiva-na-irlanda\/\">leia mais<\/a><\/p>\n","protected":false},"author":33,"featured_media":16829,"comment_status":"open","ping_status":"open","sticky":false,"template":"","format":"standard","meta":{"jetpack_post_was_ever_published":false,"_jetpack_newsletter_access":"","_jetpack_dont_email_post_to_subs":false,"_jetpack_newsletter_tier_id":0,"_jetpack_memberships_contains_paywalled_content":false,"_jetpack_memberships_contains_paid_content":false,"footnotes":"","jetpack_publicize_message":"","jetpack_publicize_feature_enabled":true,"jetpack_social_post_already_shared":false,"jetpack_social_options":{"image_generator_settings":{"template":"highway","default_image_id":0,"font":"","enabled":false},"version":2}},"categories":[1],"tags":[614,12,721],"class_list":["post-16828","post","type-post","status-publish","format-standard","has-post-thumbnail","hentry","category-principal","tag-conor-mcgregor","tag-jose-aldo","tag-ufc-189"],"jetpack_publicize_connections":[],"jetpack_featured_media_url":"https:\/\/blogs.gazetaesportiva.com\/planeta-octogono\/files\/2015\/04\/aldoconor.jpg","jetpack_sharing_enabled":true,"jetpack_shortlink":"https:\/\/wp.me\/p6rqUQ-4nq","_links":{"self":[{"href":"https:\/\/blogs.gazetaesportiva.com\/planeta-octogono\/wp-json\/wp\/v2\/posts\/16828","targetHints":{"allow":["GET"]}}],"collection":[{"href":"https:\/\/blogs.gazetaesportiva.com\/planeta-octogono\/wp-json\/wp\/v2\/posts"}],"about":[{"href":"https:\/\/blogs.gazetaesportiva.com\/planeta-octogono\/wp-json\/wp\/v2\/types\/post"}],"author":[{"embeddable":true,"href":"https:\/\/blogs.gazetaesportiva.com\/planeta-octogono\/wp-json\/wp\/v2\/users\/33"}],"replies":[{"embeddable":true,"href":"https:\/\/blogs.gazetaesportiva.com\/planeta-octogono\/wp-json\/wp\/v2\/comments?post=16828"}],"version-history":[{"count":0,"href":"https:\/\/blogs.gazetaesportiva.com\/planeta-octogono\/wp-json\/wp\/v2\/posts\/16828\/revisions"}],"wp:featuredmedia":[{"embeddable":true,"href":"https:\/\/blogs.gazetaesportiva.com\/planeta-octogono\/wp-json\/wp\/v2\/media\/16829"}],"wp:attachment":[{"href":"https:\/\/blogs.gazetaesportiva.com\/planeta-octogono\/wp-json\/wp\/v2\/media?parent=16828"}],"wp:term":[{"taxonomy":"category","embeddable":true,"href":"https:\/\/blogs.gazetaesportiva.com\/planeta-octogono\/wp-json\/wp\/v2\/categories?post=16828"},{"taxonomy":"post_tag","embeddable":true,"href":"https:\/\/blogs.gazetaesportiva.com\/planeta-octogono\/wp-json\/wp\/v2\/tags?post=16828"}],"curies":[{"name":"wp","href":"https:\/\/api.w.org\/{rel}","templated":true}]}}