{"id":16822,"date":"2015-04-01T12:30:13","date_gmt":"2015-04-01T15:30:13","guid":{"rendered":"https:\/\/blogs.gazetaesportiva.com\/planeta-octogono\/?p=16822"},"modified":"2015-04-01T12:56:57","modified_gmt":"2015-04-01T15:56:57","slug":"com-rolles-gracie-ksw-31-oficializa-duelo-historico-michal-materla-contra-tomasz-drwal-em-maio","status":"publish","type":"post","link":"https:\/\/blogs.gazetaesportiva.com\/planeta-octogono\/2015\/04\/01\/com-rolles-gracie-ksw-31-oficializa-duelo-historico-michal-materla-contra-tomasz-drwal-em-maio\/","title":{"rendered":"Com Rolles Gracie, KSW oficializa duelo hist\u00f3rico Michal Materla contra Tomasz Drwal em maio"},"content":{"rendered":"<p>[yframe url=&#8217;www.youtube.com\/watch?v=04x43trRRyY&#8217;]<\/p>\n<p>&nbsp;<\/p>\n<figure id=\"attachment_16486\" aria-describedby=\"caption-attachment-16486\" style=\"width: 240px\" class=\"wp-caption alignleft\"><a href=\"https:\/\/blogs.gazetaesportiva.com\/planeta-octogono\/files\/2015\/02\/ksw31-1.jpg\"><img loading=\"lazy\" decoding=\"async\" class=\" wp-image-16486 \" alt=\"Evento ter\u00e1 grande edi\u00e7\u00e3o em maio - Divulga\u00e7\u00e3o KSW\" src=\"https:\/\/blogs.gazetaesportiva.com\/planeta-octogono\/files\/2015\/02\/ksw31-1.jpg\" width=\"240\" height=\"360\" \/><\/a><figcaption id=\"caption-attachment-16486\" class=\"wp-caption-text\"><strong><em>Evento ter\u00e1 grande edi\u00e7\u00e3o em maio &#8211; Divulga\u00e7\u00e3o KSW<\/em><\/strong><\/figcaption><\/figure>\n<p>Uma grande edi\u00e7\u00e3o no dia 23 de maio, o evento polon\u00eas KSW promete realizar para o p\u00fablico.<\/p>\n<p>A trig\u00e9sima primeira edi\u00e7\u00e3o de um dos maiores eventos de MMA da Europa, o KSW 31 vai promover um duelo hist\u00f3rico para os f\u00e3s poloneses.<\/p>\n<p>O atual campe\u00e3o peso m\u00e9dio da organiza\u00e7\u00e3o Michal Materla enfrenta Tomasz Drwal em um duelo de estrelas do pa\u00eds, muito aguardado pelos f\u00e3s durante muitos anos.<\/p>\n<p>Com passagem pelo UFC e com v\u00e1rios duelos contra brasileiros, Drwal que \u00e9 considerado um dos grandes nomes da Pol\u00f4nia no MMA, faz sua estr\u00e9ia no evento.<\/p>\n<p>Ap\u00f3s se recuperar de uma grave les\u00e3o no joelho, o atleta enxerga a disputa com Materla como uma grande oportunidade.<\/p>\n<p>&#8220;Estou feliz por ter esta grande luta e oportunidade dada pelos fundadores do evento. N\u00e3o me vejo pressionado, acho que Materla por ser campe\u00e3o tem a press\u00e3o de vencer.&#8221; analisou Drwal.<\/p>\n<p>Querendo se firmar como um dos maiores atletas do pa\u00eds na hist\u00f3ria do MMA, Materla espera vencer este duro duelo.<\/p>\n<p>&#8220;Para ser uma lenda, \u00e9 preciso vencer as lendas. \u00c9 isto que projeto para mim. Me tornar um atleta completo para conseguir esta grande vit\u00f3ria para minha carreira.<\/p>\n<p>Drwal \u00e9 um dos maiores do nosso pa\u00eds e estarei treinando duro para alcan\u00e7ar essa conquista.&#8221; disse o lutador no v\u00eddeo oficial divulgado pela organiza\u00e7\u00e3o.<\/p>\n<p>&nbsp;<\/p>\n<p style=\"text-align: center\"><strong><em>KSW anuncia duelo entre Rolles Gracie contra Pudzianowski e polon\u00eas provoca brasileiro<\/em><\/strong><\/p>\n<p style=\"text-align: center\">\n<p style=\"text-align: left\">Al\u00e9m da grande luta principal do KSW 31, o evento anunciou o duelo entre o &#8220;Homem mais forte do mundo&#8221;, o polon\u00eas Mariusz Pudzianowski contra o atleta Rolles Gracie.<\/p>\n<p style=\"text-align: left\">Ap\u00f3s ser derrotado pelo atual campe\u00e3o peso pesado da organiza\u00e7\u00e3o, Karol Bedorf, Gracie retorna a edi\u00e7\u00e3o contra Pudzian que vem de duas vit\u00f3rias no evento.<\/p>\n<p style=\"text-align: left\">Com o an\u00fancio do combate, o atleta polon\u00eas n\u00e3o perdeu tempo e j\u00e1 provocou o brasileiro em uma entrevista a emissora Polsat Sport.<\/p>\n<p style=\"text-align: left\">&#8220;Ter nome n\u00e3o \u00e9 tudo. \u00c9 preciso ter habilidades. \u00c9 claro que eu n\u00e3o o subestimo mas estou te dizendo que desde dezembro estou treinando muito duro.<\/p>\n<p style=\"text-align: left\">Duas vezes por dia e voc\u00ea pode ter certeza, que v\u00e3o assistir o melhor Pudzian que j\u00e1 viram. Gracie, n\u00e3o sou um oponente f\u00e1cil. Voc\u00ea consegue entender isso?&#8221; disparou Pudzian.<\/p>\n<p style=\"text-align: left\">Al\u00e9m destes dois combates, a organiza\u00e7\u00e3o anunciou o retorno do atual campe\u00e3o peso pesado Karol Bedorf que enfrenta o australiano Peter Graham.<\/p>\n<p style=\"text-align: left\">O croata Goran Reljic, ex lutador do UFC disputa o cintur\u00e3o vago meio pesado contra o ex lutador do Bellator, Atilla Vegh.<\/p>\n<p style=\"text-align: left\">\n","protected":false},"excerpt":{"rendered":"<p>[yframe url=&#8217;www.youtube.com\/watch?v=04x43trRRyY&#8217;] &nbsp; Uma grande edi\u00e7\u00e3o no dia 23 de maio, o evento polon\u00eas KSW promete realizar para o p\u00fablico. A trig\u00e9sima primeira edi\u00e7\u00e3o de <a class=\"read-more\" href=\"https:\/\/blogs.gazetaesportiva.com\/planeta-octogono\/2015\/04\/01\/com-rolles-gracie-ksw-31-oficializa-duelo-historico-michal-materla-contra-tomasz-drwal-em-maio\/\">leia mais<\/a><\/p>\n","protected":false},"author":33,"featured_media":0,"comment_status":"open","ping_status":"open","sticky":false,"template":"","format":"standard","meta":{"jetpack_post_was_ever_published":false,"_jetpack_newsletter_access":"","_jetpack_dont_email_post_to_subs":false,"_jetpack_newsletter_tier_id":0,"_jetpack_memberships_contains_paywalled_content":false,"_jetpack_memberships_contains_paid_content":false,"footnotes":"","jetpack_publicize_message":"","jetpack_publicize_feature_enabled":true,"jetpack_social_post_already_shared":false,"jetpack_social_options":{"image_generator_settings":{"template":"highway","default_image_id":0,"font":"","enabled":false},"version":2}},"categories":[1],"tags":[740,818,300,819,752],"class_list":["post-16822","post","type-post","status-publish","format-standard","hentry","category-principal","tag-ksw-31","tag-mariusz-pudzianowsk","tag-michal-materla","tag-rolles-gracie","tag-tomasz-drwal"],"jetpack_publicize_connections":[],"jetpack_featured_media_url":"","jetpack_sharing_enabled":true,"jetpack_shortlink":"https:\/\/wp.me\/p6rqUQ-4nk","_links":{"self":[{"href":"https:\/\/blogs.gazetaesportiva.com\/planeta-octogono\/wp-json\/wp\/v2\/posts\/16822","targetHints":{"allow":["GET"]}}],"collection":[{"href":"https:\/\/blogs.gazetaesportiva.com\/planeta-octogono\/wp-json\/wp\/v2\/posts"}],"about":[{"href":"https:\/\/blogs.gazetaesportiva.com\/planeta-octogono\/wp-json\/wp\/v2\/types\/post"}],"author":[{"embeddable":true,"href":"https:\/\/blogs.gazetaesportiva.com\/planeta-octogono\/wp-json\/wp\/v2\/users\/33"}],"replies":[{"embeddable":true,"href":"https:\/\/blogs.gazetaesportiva.com\/planeta-octogono\/wp-json\/wp\/v2\/comments?post=16822"}],"version-history":[{"count":0,"href":"https:\/\/blogs.gazetaesportiva.com\/planeta-octogono\/wp-json\/wp\/v2\/posts\/16822\/revisions"}],"wp:attachment":[{"href":"https:\/\/blogs.gazetaesportiva.com\/planeta-octogono\/wp-json\/wp\/v2\/media?parent=16822"}],"wp:term":[{"taxonomy":"category","embeddable":true,"href":"https:\/\/blogs.gazetaesportiva.com\/planeta-octogono\/wp-json\/wp\/v2\/categories?post=16822"},{"taxonomy":"post_tag","embeddable":true,"href":"https:\/\/blogs.gazetaesportiva.com\/planeta-octogono\/wp-json\/wp\/v2\/tags?post=16822"}],"curies":[{"name":"wp","href":"https:\/\/api.w.org\/{rel}","templated":true}]}}