{"id":16820,"date":"2015-04-01T12:28:34","date_gmt":"2015-04-01T15:28:34","guid":{"rendered":"https:\/\/blogs.gazetaesportiva.com\/planeta-octogono\/?p=16820"},"modified":"2015-04-01T12:28:34","modified_gmt":"2015-04-01T15:28:34","slug":"claudinha-gadelha-explica-lesao-e-mira-luta-em-mesmo-evento-de-jose-aldo-no-ufc-189","status":"publish","type":"post","link":"https:\/\/blogs.gazetaesportiva.com\/planeta-octogono\/2015\/04\/01\/claudinha-gadelha-explica-lesao-e-mira-luta-em-mesmo-evento-de-jose-aldo-no-ufc-189\/","title":{"rendered":"Claudinha Gadelha explica les\u00e3o e mira luta em mesmo evento de Jos\u00e9 Aldo, no UFC 189"},"content":{"rendered":"<figure id=\"attachment_15693\" aria-describedby=\"caption-attachment-15693\" style=\"width: 694px\" class=\"wp-caption aligncenter\"><a href=\"https:\/\/blogs.gazetaesportiva.com\/planeta-octogono\/files\/2014\/12\/tmp_17830-241831_462800_claudinha_ufc_45_2526938350.png\"><img loading=\"lazy\" decoding=\"async\" class=\"size-full wp-image-15693\" alt=\"Claudinha fala sobre les\u00e3o e pede oportunidade para lutar no mesmo evento de Aldo vs McGregor - Divulga\u00e7\u00e3o UFC\" src=\"https:\/\/blogs.gazetaesportiva.com\/planeta-octogono\/files\/2014\/12\/tmp_17830-241831_462800_claudinha_ufc_45_2526938350.png\" width=\"694\" height=\"462\" \/><\/a><figcaption id=\"caption-attachment-15693\" class=\"wp-caption-text\"><strong><em>Claudinha fala sobre les\u00e3o e pede oportunidade para lutar no mesmo evento de Aldo vs McGregor &#8211; Divulga\u00e7\u00e3o UFC<\/em><\/strong><\/figcaption><\/figure>\n<p>&nbsp;<\/p>\n<p>A \u00faltima semana trouxe acontecimentos totalmente fora dos planos de Claudia Gadelha.<\/p>\n<p>Enquanto se dedicava \u00e0 reta final do camp de prepara\u00e7\u00e3o para a luta contra Aisling Daly, no dia 11 de abril, pelo UFC Fight Night 64, na Pol\u00f4nia, a lutadora peso-palha (at\u00e9 52,2kg) sofreu uma contratura muscular nas costas em sess\u00e3o de treino de wrestling e foi for\u00e7ada a deixar o importante combate.<\/p>\n<p>Uma avalia\u00e7\u00e3o m\u00e9dica constatou a necessidade de um per\u00edodo de 20 dias sem treinos para tratar devidamente da les\u00e3o e a organiza\u00e7\u00e3o j\u00e1 anunciou oficialmente sua substitui\u00e7\u00e3o por Randa Markos e o adiamento do duelo para o UFC 186, no dia 25 de abril, no Canad\u00e1.<\/p>\n<p>Apesar da decep\u00e7\u00e3o, a atleta da Nova Uni\u00e3o j\u00e1 projeta seu retorno, com motiva\u00e7\u00e3o especial: lutar no UFC 189, dia 11 de julho, no mesmo card em que o companheiro de treinos e amigo Jos\u00e9 Aldo defende o cintur\u00e3o peso-pena (at\u00e9 65,7kg) contra o irland\u00eas Conor McGregor, curiosamente parceiro de academia da compatriota Aisling Daly. O duplo desafio entre os pa\u00edses cairia como uma luva nos planos de Claudia Gadelha, cujo plano inicial era mesmo o de lutar no meio do ano.<\/p>\n<p>&#8220;Estava pronta para lutar, com uma perspectiva muito boa de vit\u00f3ria, mas aconteceu a les\u00e3o, infelizmente. Preciso desse tempo para me recuperar, porque estou travada nas costas, sentindo muita dor para mexer bra\u00e7os e pesco\u00e7o. Eu gostaria muito que o combate fosse remarcado para o card de julho, o que era a minha primeira ideia, mas eu quis lutar antes. A Aisling \u00e9 companheira de treinos do McGregor, e eu adoraria venc\u00ea-la no mesmo dia para inspirar o Aldo a manter esse cintur\u00e3o no Brasil&#8221;, explica a lutadora brasileira.<\/p>\n<p>Faixa-preta com carreira vitoriosa no jiu-jitsu, Claudinha estreou no MMA profissional em 2008, e ap\u00f3s 11 vit\u00f3rias e muita expectativa, debutou no UFC, em julho de 2014, vencendo Tina Ladehmaki por pontos na primeira luta da categoria peso-palha da organiza\u00e7\u00e3o. Em dezembro, ela enfrentou a polonesa Joanna Jedrzejczyk, no duelo que daria o title shot para a vencedora, e acabou derrotada de forma pol\u00eamica por decis\u00e3o dividida dos ju\u00edzes laterais.<\/p>\n<p>Joanna, ent\u00e3o, destronou Carla Esparza e conquistou o cintur\u00e3o, no \u00faltimo dia 14. O desejo por uma revanche \u00e9 o que d\u00e1 mais g\u00e1s para a retomada nos treinos na Nova Uni\u00e3o e para buscar subir este \u00faltimo degrau antes de um sonhado title shot.<\/p>\n<p>&#8220;N\u00e3o engoli aquela derrota para a Joanna. Trabalho todo dia para ter essa revanche. Sei que, antes de pensar nisso, preciso vencer minha pr\u00f3xima luta, seja contra a Aisling Daly ou qualquer outra. Quero muito enfrentar a Daly porque j\u00e1 estudei o jogo dela, sei que \u00e9 bem experiente, joga nas duas bases, gosta da luta agarrada. Seria uma boa luta. Seja contra quem for, vou vencer para a\u00ed sim pensar em revanche, pensar em cintur\u00e3o&#8221;, encerra Claudinha.<\/p>\n","protected":false},"excerpt":{"rendered":"<p>&nbsp; A \u00faltima semana trouxe acontecimentos totalmente fora dos planos de Claudia Gadelha. Enquanto se dedicava \u00e0 reta final do camp de prepara\u00e7\u00e3o para a <a class=\"read-more\" href=\"https:\/\/blogs.gazetaesportiva.com\/planeta-octogono\/2015\/04\/01\/claudinha-gadelha-explica-lesao-e-mira-luta-em-mesmo-evento-de-jose-aldo-no-ufc-189\/\">leia mais<\/a><\/p>\n","protected":false},"author":33,"featured_media":0,"comment_status":"open","ping_status":"open","sticky":false,"template":"","format":"standard","meta":{"jetpack_post_was_ever_published":false,"_jetpack_newsletter_access":"","_jetpack_dont_email_post_to_subs":false,"_jetpack_newsletter_tier_id":0,"_jetpack_memberships_contains_paywalled_content":false,"_jetpack_memberships_contains_paid_content":false,"footnotes":"","jetpack_publicize_message":"","jetpack_publicize_feature_enabled":true,"jetpack_social_post_already_shared":false,"jetpack_social_options":{"image_generator_settings":{"template":"highway","default_image_id":0,"font":"","enabled":false},"version":2}},"categories":[1],"tags":[817,12,721],"class_list":["post-16820","post","type-post","status-publish","format-standard","hentry","category-principal","tag-claudinha-gadelha","tag-jose-aldo","tag-ufc-189"],"jetpack_publicize_connections":[],"jetpack_featured_media_url":"","jetpack_sharing_enabled":true,"jetpack_shortlink":"https:\/\/wp.me\/p6rqUQ-4ni","_links":{"self":[{"href":"https:\/\/blogs.gazetaesportiva.com\/planeta-octogono\/wp-json\/wp\/v2\/posts\/16820","targetHints":{"allow":["GET"]}}],"collection":[{"href":"https:\/\/blogs.gazetaesportiva.com\/planeta-octogono\/wp-json\/wp\/v2\/posts"}],"about":[{"href":"https:\/\/blogs.gazetaesportiva.com\/planeta-octogono\/wp-json\/wp\/v2\/types\/post"}],"author":[{"embeddable":true,"href":"https:\/\/blogs.gazetaesportiva.com\/planeta-octogono\/wp-json\/wp\/v2\/users\/33"}],"replies":[{"embeddable":true,"href":"https:\/\/blogs.gazetaesportiva.com\/planeta-octogono\/wp-json\/wp\/v2\/comments?post=16820"}],"version-history":[{"count":0,"href":"https:\/\/blogs.gazetaesportiva.com\/planeta-octogono\/wp-json\/wp\/v2\/posts\/16820\/revisions"}],"wp:attachment":[{"href":"https:\/\/blogs.gazetaesportiva.com\/planeta-octogono\/wp-json\/wp\/v2\/media?parent=16820"}],"wp:term":[{"taxonomy":"category","embeddable":true,"href":"https:\/\/blogs.gazetaesportiva.com\/planeta-octogono\/wp-json\/wp\/v2\/categories?post=16820"},{"taxonomy":"post_tag","embeddable":true,"href":"https:\/\/blogs.gazetaesportiva.com\/planeta-octogono\/wp-json\/wp\/v2\/tags?post=16820"}],"curies":[{"name":"wp","href":"https:\/\/api.w.org\/{rel}","templated":true}]}}