{"id":16818,"date":"2015-04-01T12:23:36","date_gmt":"2015-04-01T15:23:36","guid":{"rendered":"https:\/\/blogs.gazetaesportiva.com\/planeta-octogono\/?p=16818"},"modified":"2015-04-01T12:23:36","modified_gmt":"2015-04-01T15:23:36","slug":"empresa-esportiva-promove-concurso-que-vai-levar-fa-para-participar-de-filme-sobre-jose-aldo","status":"publish","type":"post","link":"https:\/\/blogs.gazetaesportiva.com\/planeta-octogono\/2015\/04\/01\/empresa-esportiva-promove-concurso-que-vai-levar-fa-para-participar-de-filme-sobre-jose-aldo\/","title":{"rendered":"Empresa esportiva promove concurso que vai levar f\u00e3 para participar de filme sobre Jos\u00e9 Aldo"},"content":{"rendered":"<figure id=\"attachment_16811\" aria-describedby=\"caption-attachment-16811\" style=\"width: 600px\" class=\"wp-caption aligncenter\"><a href=\"https:\/\/blogs.gazetaesportiva.com\/planeta-octogono\/files\/2015\/03\/aldolondres.jpg\"><img loading=\"lazy\" decoding=\"async\" class=\"size-full wp-image-16811\" alt=\"Vencedor de concurso vai participar de grava\u00e7\u00f5es de filme sobre Jos\u00e9 Aldo  - Divulga\u00e7\u00e3o \" src=\"https:\/\/blogs.gazetaesportiva.com\/planeta-octogono\/files\/2015\/03\/aldolondres.jpg\" width=\"600\" height=\"600\" \/><\/a><figcaption id=\"caption-attachment-16811\" class=\"wp-caption-text\"><strong><em>Vencedor de concurso vai participar de grava\u00e7\u00f5es de filme sobre Jos\u00e9 Aldo &#8211; Divulga\u00e7\u00e3o<\/em><\/strong><\/figcaption><\/figure>\n<p>&nbsp;<\/p>\n<p>Uma grande not\u00edcia para os f\u00e3s do atual campe\u00e3o peso pena do UFC, Jos\u00e9 Aldo.<\/p>\n<p>A empresa esportiva Netshoes, em parceria com a Black Maria Filmes, levar\u00e1 um f\u00e3 de Jos\u00e9 Aldo para participar, no Rio de Janeiro, das grava\u00e7\u00f5es do longa-metragem sobre a hist\u00f3ria do atual campe\u00e3o mundial de MMA na categoria Peso Pena do UFC. O \u201cConcurso Cultural Jos\u00e9 Aldo Netshoes\u201d ocorre entre os dias 30 de mar\u00e7o e 13 de abril.<\/p>\n<p>Os interessados devem se cadastrar pelo site www.netshoes.com.br\/concursojosealdo e responder a pergunta \u201cDe onde voc\u00ea tira for\u00e7as para lutar?\u201d.<\/p>\n<p>O premiado ser\u00e1 o autor da melhor resposta, escolhida a partir de an\u00e1lise feita por uma comiss\u00e3o julgadora formada por profissionais da loja virtual e da produtora de filmes. O f\u00e3 e figurante do filme ser\u00e1 anunciado no dia 22\/04.<\/p>\n<p>\u201c\u00c9 uma honra para a Netshoes poder participar desse projeto de promo\u00e7\u00e3o do filme com a hist\u00f3ria do Jos\u00e9 Aldo, recheada de supera\u00e7\u00e3o e sucesso por meio do esporte. Sabemos dos obst\u00e1culos que os atletas brasileiros de diversas modalidades enfrentam ao longo de suas carreiras at\u00e9 chegarem \u00e0s conquistas e \u00e9 pensando em cada um deles e nos futuros praticantes que apoiamos inciativas como a desse concurso para inspirar e conectar ainda mais as pessoas ao esporte\u201d, afirmou Juliano Tubino, CMO da Netshoes.<\/p>\n<p>Al\u00e9m de poder acompanhar e participar das grava\u00e7\u00f5es, o vencedor do concurso ter\u00e1 direito a passagens a\u00e9reas de ida e volta para o Rio de Janeiro com traslados e estadia, que varia de acordo com a agenda de grava\u00e7\u00e3o e disponibilidade do vencedor. O regulamento completo pode ser acessado no site.<\/p>\n","protected":false},"excerpt":{"rendered":"<p>&nbsp; Uma grande not\u00edcia para os f\u00e3s do atual campe\u00e3o peso pena do UFC, Jos\u00e9 Aldo. A empresa esportiva Netshoes, em parceria com a Black <a class=\"read-more\" href=\"https:\/\/blogs.gazetaesportiva.com\/planeta-octogono\/2015\/04\/01\/empresa-esportiva-promove-concurso-que-vai-levar-fa-para-participar-de-filme-sobre-jose-aldo\/\">leia mais<\/a><\/p>\n","protected":false},"author":33,"featured_media":0,"comment_status":"open","ping_status":"open","sticky":false,"template":"","format":"standard","meta":{"jetpack_post_was_ever_published":false,"_jetpack_newsletter_access":"","_jetpack_dont_email_post_to_subs":false,"_jetpack_newsletter_tier_id":0,"_jetpack_memberships_contains_paywalled_content":false,"_jetpack_memberships_contains_paid_content":false,"footnotes":"","jetpack_publicize_message":"","jetpack_publicize_feature_enabled":true,"jetpack_social_post_already_shared":false,"jetpack_social_options":{"image_generator_settings":{"template":"highway","default_image_id":0,"font":"","enabled":false},"version":2}},"categories":[1],"tags":[12,41],"class_list":["post-16818","post","type-post","status-publish","format-standard","hentry","category-principal","tag-jose-aldo","tag-ufc"],"jetpack_publicize_connections":[],"jetpack_featured_media_url":"","jetpack_sharing_enabled":true,"jetpack_shortlink":"https:\/\/wp.me\/p6rqUQ-4ng","_links":{"self":[{"href":"https:\/\/blogs.gazetaesportiva.com\/planeta-octogono\/wp-json\/wp\/v2\/posts\/16818","targetHints":{"allow":["GET"]}}],"collection":[{"href":"https:\/\/blogs.gazetaesportiva.com\/planeta-octogono\/wp-json\/wp\/v2\/posts"}],"about":[{"href":"https:\/\/blogs.gazetaesportiva.com\/planeta-octogono\/wp-json\/wp\/v2\/types\/post"}],"author":[{"embeddable":true,"href":"https:\/\/blogs.gazetaesportiva.com\/planeta-octogono\/wp-json\/wp\/v2\/users\/33"}],"replies":[{"embeddable":true,"href":"https:\/\/blogs.gazetaesportiva.com\/planeta-octogono\/wp-json\/wp\/v2\/comments?post=16818"}],"version-history":[{"count":0,"href":"https:\/\/blogs.gazetaesportiva.com\/planeta-octogono\/wp-json\/wp\/v2\/posts\/16818\/revisions"}],"wp:attachment":[{"href":"https:\/\/blogs.gazetaesportiva.com\/planeta-octogono\/wp-json\/wp\/v2\/media?parent=16818"}],"wp:term":[{"taxonomy":"category","embeddable":true,"href":"https:\/\/blogs.gazetaesportiva.com\/planeta-octogono\/wp-json\/wp\/v2\/categories?post=16818"},{"taxonomy":"post_tag","embeddable":true,"href":"https:\/\/blogs.gazetaesportiva.com\/planeta-octogono\/wp-json\/wp\/v2\/tags?post=16818"}],"curies":[{"name":"wp","href":"https:\/\/api.w.org\/{rel}","templated":true}]}}