{"id":16815,"date":"2015-04-01T12:16:48","date_gmt":"2015-04-01T15:16:48","guid":{"rendered":"https:\/\/blogs.gazetaesportiva.com\/planeta-octogono\/?p=16815"},"modified":"2015-04-02T20:10:08","modified_gmt":"2015-04-02T23:10:08","slug":"universidade-sao-judas-tadeu-investe-em-artes-marciais-e-recebe-campeonato-de-jiu-jitsu-e-mma","status":"publish","type":"post","link":"https:\/\/blogs.gazetaesportiva.com\/planeta-octogono\/2015\/04\/01\/universidade-sao-judas-tadeu-investe-em-artes-marciais-e-recebe-campeonato-de-jiu-jitsu-e-mma\/","title":{"rendered":"Universidade S\u00e3o Judas Tadeu investe em artes marciais e recebe campeonato de Jiu Jitsu e MMA"},"content":{"rendered":"<figure id=\"attachment_16816\" aria-describedby=\"caption-attachment-16816\" style=\"width: 240px\" class=\"wp-caption alignleft\"><a href=\"https:\/\/blogs.gazetaesportiva.com\/planeta-octogono\/files\/2015\/04\/thunder3.jpg\"><img loading=\"lazy\" decoding=\"async\" class=\" wp-image-16816 \" alt=\"Universidade recebe eventos de Jiu Jitsu e MMA - Divulga\u00e7\u00e3o\" src=\"https:\/\/blogs.gazetaesportiva.com\/planeta-octogono\/files\/2015\/04\/thunder3.jpg\" width=\"240\" height=\"360\" \/><\/a><figcaption id=\"caption-attachment-16816\" class=\"wp-caption-text\"><strong><em>Universidade recebe eventos de Jiu Jitsu e MMA &#8211; Divulga\u00e7\u00e3o<\/em><\/strong><\/figcaption><\/figure>\n<p>O Gin\u00e1sio Poliesportivo da Universidade S\u00e3o Judas Tadeu (unidade M\u00f3oca) tem investido nos esportes de combate.<\/p>\n<p>Ap\u00f3s realizar um semin\u00e1rio com Rodrigo Minotauro, a universidade volta a promover eventos ligados ao mundo das lutas.<\/p>\n<p>A fase classificat\u00f3ria do Campeonato Estadual do Jiu Jitsu ocorreu no dia 29 de mar\u00e7o, com cerca de 500 atletas de diversas categorias, de Mirim a S\u00eanior (de 7 a 70 anos).<\/p>\n<p>Nela, 32 atletas de cada categoria disputaram os quatro primeiros lugares. Os melhores classificados passam para a final do torneio e enfrentam os vencedores de outras seis etapas nos dias 18 e 19 de abril.<br \/>\n\u201cA disputa desse campeonato \u00e9 de grande import\u00e2ncia, j\u00e1 que o campe\u00e3o garante vaga no nacional desse ano, assim como no estadual de 2016\u201d, disse o fundador da Federa\u00e7\u00e3o do Estado de S\u00e3o Paulo de Jiu-Jitsu, Mois\u00e9s Muradi.Para a final, cerca de 1.200 atletas de todas as categorias devem participar.<\/p>\n<p>\u201c\u00c9 um campeonato bem interessante, que mescla jiujiteiros experientes, de n\u00edvel de sele\u00e7\u00e3o brasileira, com jovens que buscam um lugar de destaque no cen\u00e1rio nacional\u201d, acrescentou Muradi.<\/p>\n<p style=\"text-align: left\">O Gin\u00e1sio Poliesportivo da Universidade S\u00e3o Judas Tadeu fica na rua Taquari, 546, na Mooca. A entrada para o p\u00fablico \u00e9 gratuita.<\/p>\n<p><strong><em>Campeonato Estadual de S\u00e3o Paulo de Jiu Jitsu Esportivo<br \/>\nQuando: Fase final nos dias 18 e 19 de abril<\/em><\/strong><br \/>\n<strong><em>Entrada:\u00a0gratuita<\/em><\/strong><br \/>\n<strong><em>Endere\u00e7o: Rua Taquari, 546, na Mooca<\/em><\/strong><\/p>\n<p>Al\u00e9m do Campeonato de Jiu Jitsu, o evento Thunder Fight anunciou sua realiza\u00e7\u00e3o no mesmo local, no dia 11 de abril.<\/p>\n<p>O card da terceira edi\u00e7\u00e3o do Thunder Fight, evento que vem crescendo no cen\u00e1rio paulista, esta pronto. O evento que acontece no dia 11 de abril trar\u00e1 duas grandes novidades para os f\u00e3s de lutas. Al\u00e9m de trazer a primeira disputa de cintur\u00e3o da hist\u00f3ria do evento, a terceira edi\u00e7\u00e3o ser\u00e1 realizada dentro de uma Universidade, no tradicional bairro da Mooca em S\u00e3o Paulo. A parceria entre Thunder Fight e a Universidade S\u00e3o Judas Tadeu, visa expandir o alcance n\u00e3o s\u00f3 do evento, mas tamb\u00e9m do esporte ainda \u00e9 um dos mais crescentes na atualidade.<\/p>\n<p>Para a terceira edi\u00e7\u00e3o, manteve-se a ideia principal do evento, de trazer atletas jovens e promissores, mas sem se esquecer dos atletas mais velhos que contribu\u00edram e ainda contribuem para o atual momento do esporte e a luta principal ter\u00e1 justamente este ponto forte.<\/p>\n<p>De um lado, Edvaldo Gameth, com quase 50 lutas em sua carreira profissional, eleito o melhor atleta do ano de 2014 pelo pr\u00eamio Osvaldo Paquet\u00e1, enfrentar\u00e1 o jovem Thiago \u201cPar\u00e1\u201d, que tamb\u00e9m vive \u00f3timo momento em sua carreira e vem de vit\u00f3ria em sua \u00faltima luta justamente no Thunder Fight, quando finalizou Gilson Lomanto.<\/p>\n<p>Apesar da diferen\u00e7a de idade, os estilos dos atletas s\u00e3o bem parecidos e ambos tem na for\u00e7a, a principal arma. O duelo entre Edvaldo Gameth e Thiago \u201cPar\u00e1\u201d ser\u00e1 a luta principal da noite e dar\u00e1 ao vencedor o cintur\u00e3o da categoria at\u00e9 77 quilos, se tornando o primeiro campe\u00e3o do Thunder Fight.<\/p>\n<p>Na luta co-principal da noite, um duelo aguardado desde a segunda edi\u00e7\u00e3o do Thunder Fight. Henrique Rasputim enfrentar\u00e1 Cl\u00e9cio Bruto. O duelo entre os dois era para acontecer na segunda edi\u00e7\u00e3o do evento, mas devido a uma les\u00e3o sofrida por Bruto, o duelo foi retirado do card e agora j\u00e1 tem data para acontecer. Rasputim \u00e9 conhecido pelo excelente jiu-jitsu enquanto Bruto tem nas m\u00e3os um incr\u00edvel poder de nocaute e vir\u00e1 com tudo.<\/p>\n<p>Em todo o card, como de costume, o que se pode esperar s\u00e3o grandes lutas e muito equil\u00edbrio em todas elas. Enquanto alguns atletas far\u00e3o sua primeira participa\u00e7\u00e3o no Thunder, nomes como Felipe Efrain, Henrique Rasputim, C\u00edcero Gardenal, Leandro Compri, Robson Punk e Rafael Souza, retornam ao cage do evento para escrever mais um cap\u00edtulo na rela\u00e7\u00e3o entre o evento e o atleta.<\/p>\n<p>O Thunder Fight acontece no dia 11 de abril, dentro da Universidade S\u00e3o Judas Tadeu. Veja abaixo o card completo:<\/p>\n<p style=\"text-align: center\"><strong><em>THUNDER FIGHT 3<\/em><\/strong><br \/>\n<strong><em> Data: 11 de abril de 2015,<\/em><\/strong><br \/>\n<strong><em> Local: Universidade S\u00e3o Judas Tadeu \u2013 Mooca \u2013 SP<\/em><\/strong><\/p>\n<p style=\"text-align: center\"><strong><em>CARD DO EVENTO (Sujeito a altera\u00e7\u00f5es)<\/em><\/strong><br \/>\n<strong><em> 77 Kg \u2013 Edvaldo Gameth (Team Nogueira) vs Thiago Par\u00e1 (GYM 4 Life) \u201cDisputa de Cintur\u00e3o\u201d<\/em><\/strong><br \/>\n<strong><em> 66 Kg &#8211; Henrique Rasputin (Xtreme Gold Team) vs Cl\u00e9cio Bruto (BTT)<\/em><\/strong><br \/>\n<strong><em> 57 Kg &#8211; Felipe Efraim (Chute Boxe) vs Keven Santos (Amazon Black Belt)<\/em><\/strong><br \/>\n<strong><em> 77 Kg &#8211; Victor Figueiredo (Peso Pesado) vs Derlan Marinho (K2)<\/em><\/strong><br \/>\n<strong><em> 61 Kg &#8211; Z\u00e9 Reborn (Reborn Team) vs Fernando Cheio dos Santos (Curio Gold Team)<\/em><\/strong><br \/>\n<strong><em> 66 Kg &#8211; Leandro Compri (Fight Point\/Team Charles Duende) vs Washington Mamute (GFT)<\/em><\/strong><br \/>\n<strong><em> 66 Kg &#8211; Cicero Gardenal (Chute Boxe) vs Eduardo Bombeiro (Colis\u00e3o)<\/em><\/strong><br \/>\n<strong><em> 70 Kg &#8211; Wilson Fonseca (WFT) vs Edson Cabelo (B9 Team\/ Barbosa Jiu-Jitsu)<\/em><\/strong><br \/>\n<strong><em> 61 Kg &#8211; Denis Alagoas (Peso Pesado) vs Jos\u00e9 Rato (Ryan Gracie)<\/em><\/strong><br \/>\n<strong><em> 61 Kg &#8211; Duda Sales (Gracie Butanta\/Gilmar Sales Team) vs Diego Lopes (Amazon Black Belt)<\/em><\/strong><br \/>\n<strong><em> 61 Kg &#8211; Rafael Souza (011) vs Robson Punk (Fam\u00edlia Furac\u00e3o)<\/em><\/strong><br \/>\n<strong><em> 93 Kg &#8211; Ant\u00f4nio Cesar Nardoni (Lotus Club) vs Marcos \u201cDetona\u201d Matos (GYM 4 Life)<\/em><\/strong><br \/>\n<strong><em> 61 Kg \u2013 Edson Jaba (Chute Boxe) vs Max Rocha (Team Nogueira)<\/em><\/strong><\/p>\n","protected":false},"excerpt":{"rendered":"<p>O Gin\u00e1sio Poliesportivo da Universidade S\u00e3o Judas Tadeu (unidade M\u00f3oca) tem investido nos esportes de combate. Ap\u00f3s realizar um semin\u00e1rio com Rodrigo Minotauro, a universidade <a class=\"read-more\" href=\"https:\/\/blogs.gazetaesportiva.com\/planeta-octogono\/2015\/04\/01\/universidade-sao-judas-tadeu-investe-em-artes-marciais-e-recebe-campeonato-de-jiu-jitsu-e-mma\/\">leia mais<\/a><\/p>\n","protected":false},"author":33,"featured_media":16816,"comment_status":"open","ping_status":"open","sticky":false,"template":"","format":"standard","meta":{"jetpack_post_was_ever_published":false,"_jetpack_newsletter_access":"","_jetpack_dont_email_post_to_subs":false,"_jetpack_newsletter_tier_id":0,"_jetpack_memberships_contains_paywalled_content":false,"_jetpack_memberships_contains_paid_content":false,"footnotes":"","jetpack_publicize_message":"","jetpack_publicize_feature_enabled":true,"jetpack_social_post_already_shared":false,"jetpack_social_options":{"image_generator_settings":{"template":"highway","default_image_id":0,"font":"","enabled":false},"version":2}},"categories":[1],"tags":[656],"class_list":["post-16815","post","type-post","status-publish","format-standard","has-post-thumbnail","hentry","category-principal","tag-thunder-fight"],"jetpack_publicize_connections":[],"jetpack_featured_media_url":"https:\/\/blogs.gazetaesportiva.com\/planeta-octogono\/files\/2015\/04\/thunder3.jpg","jetpack_sharing_enabled":true,"jetpack_shortlink":"https:\/\/wp.me\/p6rqUQ-4nd","_links":{"self":[{"href":"https:\/\/blogs.gazetaesportiva.com\/planeta-octogono\/wp-json\/wp\/v2\/posts\/16815","targetHints":{"allow":["GET"]}}],"collection":[{"href":"https:\/\/blogs.gazetaesportiva.com\/planeta-octogono\/wp-json\/wp\/v2\/posts"}],"about":[{"href":"https:\/\/blogs.gazetaesportiva.com\/planeta-octogono\/wp-json\/wp\/v2\/types\/post"}],"author":[{"embeddable":true,"href":"https:\/\/blogs.gazetaesportiva.com\/planeta-octogono\/wp-json\/wp\/v2\/users\/33"}],"replies":[{"embeddable":true,"href":"https:\/\/blogs.gazetaesportiva.com\/planeta-octogono\/wp-json\/wp\/v2\/comments?post=16815"}],"version-history":[{"count":0,"href":"https:\/\/blogs.gazetaesportiva.com\/planeta-octogono\/wp-json\/wp\/v2\/posts\/16815\/revisions"}],"wp:featuredmedia":[{"embeddable":true,"href":"https:\/\/blogs.gazetaesportiva.com\/planeta-octogono\/wp-json\/wp\/v2\/media\/16816"}],"wp:attachment":[{"href":"https:\/\/blogs.gazetaesportiva.com\/planeta-octogono\/wp-json\/wp\/v2\/media?parent=16815"}],"wp:term":[{"taxonomy":"category","embeddable":true,"href":"https:\/\/blogs.gazetaesportiva.com\/planeta-octogono\/wp-json\/wp\/v2\/categories?post=16815"},{"taxonomy":"post_tag","embeddable":true,"href":"https:\/\/blogs.gazetaesportiva.com\/planeta-octogono\/wp-json\/wp\/v2\/tags?post=16815"}],"curies":[{"name":"wp","href":"https:\/\/api.w.org\/{rel}","templated":true}]}}