{"id":16810,"date":"2015-03-30T05:44:26","date_gmt":"2015-03-30T08:44:26","guid":{"rendered":"https:\/\/blogs.gazetaesportiva.com\/planeta-octogono\/?p=16810"},"modified":"2015-03-30T05:44:26","modified_gmt":"2015-03-30T08:44:26","slug":"em-passagem-por-nova-york-jose-aldo-treina-enquanto-conor-mcgregor-posa-para-fotos-com-dinheiro","status":"publish","type":"post","link":"https:\/\/blogs.gazetaesportiva.com\/planeta-octogono\/2015\/03\/30\/em-passagem-por-nova-york-jose-aldo-treina-enquanto-conor-mcgregor-posa-para-fotos-com-dinheiro\/","title":{"rendered":"Em passagem por Nova York, Jos\u00e9 Aldo treina enquanto Conor McGregor posa para fotos com dinheiro"},"content":{"rendered":"<figure id=\"attachment_16785\" aria-describedby=\"caption-attachment-16785\" style=\"width: 300px\" class=\"wp-caption alignleft\"><a href=\"https:\/\/blogs.gazetaesportiva.com\/planeta-octogono\/files\/2015\/03\/conormoney.jpg\"><img loading=\"lazy\" decoding=\"async\" class=\" wp-image-16785 \" alt=\"Lutador volta a chamar aten\u00e7\u00e3o do p\u00fablico com foto pol\u00eamica - Reprodu\u00e7\u00e3o\" src=\"https:\/\/blogs.gazetaesportiva.com\/planeta-octogono\/files\/2015\/03\/conormoney.jpg\" width=\"300\" height=\"300\" \/><\/a><figcaption id=\"caption-attachment-16785\" class=\"wp-caption-text\"><strong><em>Lutador volta a chamar aten\u00e7\u00e3o do p\u00fablico com foto pol\u00eamica &#8211; Reprodu\u00e7\u00e3o<\/em><\/strong><\/figcaption><\/figure>\n<p>O UFC divulgou os bastidores de sua passagem por Nova York nesta semana.<\/p>\n<p>Realizando o Tour Mundial do evento para divulga\u00e7\u00e3o da edi\u00e7\u00e3o 189, Jos\u00e9 Aldo e Conor McGregor voltaram a se encarar.<\/p>\n<p>Al\u00e9m disso, o brasileiro aproveitou a estadia para se manter ativo e treinar na academia do amigo, Vitor &#8220;Shaolin&#8221; Ribeiro.<\/p>\n<p>O irland\u00eas Conor McGregor posou para fotos com uma falsa pilha de dinheiro e uma das imagens foi divulgada pelo atleta nas redes sociais.<\/p>\n<p>[yframe url=&#8217;www.youtube.com\/watch?v=CCInAVoOJxU&#8217;]<\/p>\n<p>&nbsp;<\/p>\n<figure id=\"attachment_16811\" aria-describedby=\"caption-attachment-16811\" style=\"width: 300px\" class=\"wp-caption alignright\"><a href=\"https:\/\/blogs.gazetaesportiva.com\/planeta-octogono\/files\/2015\/03\/aldolondres.jpg\"><img loading=\"lazy\" decoding=\"async\" class=\" wp-image-16811 \" alt=\"Jos\u00e9 Aldo acompanha amistoso de Sele\u00e7\u00e3o Brasileira - Divulga\u00e7\u00e3o \" src=\"https:\/\/blogs.gazetaesportiva.com\/planeta-octogono\/files\/2015\/03\/aldolondres.jpg\" width=\"300\" height=\"300\" \/><\/a><figcaption id=\"caption-attachment-16811\" class=\"wp-caption-text\"><strong><em>Jos\u00e9 Aldo acompanha amistoso de Sele\u00e7\u00e3o Brasileira &#8211; Divulga\u00e7\u00e3o<\/em><\/strong><\/figcaption><\/figure>\n<p><strong><em>Aldo assiste sele\u00e7\u00e3o em Londres<\/em><\/strong> &#8211; Em sua passagem pela capital inglesa, Jos\u00e9 Aldo acompanhou de perto a vit\u00f3ria do Brasil sobre o Chile.<\/p>\n<p>O atleta que \u00e9 amigo pessoal do zagueiro Thiago Silva, foi reconhecido por v\u00e1rios jogadores como Robinho, Oscar, Marcelo e Neymar.<\/p>\n<p>Al\u00e9m de Londres, o Tour do UFC tamb\u00e9m vai passar pela capital irlandesa Dublin, terra do desafiante Conor McGregor.<\/p>\n<p>&nbsp;<\/p>\n<p><strong><em>Em retorno ao MMA, Thiago Silva \u00e9 nocauteado no WSOF<\/em> <\/strong>&#8211; Neste \u00faltimo fim de semana, o ex lutador do UFC, Thiago Silva voltou a lutar.<\/p>\n<p>Enfrentando o desconhecido Teddy Holder, que substituiu \u00e1s pressas, o lutador Matt Hamill que n\u00e3o pode lutar e teve a participa\u00e7\u00e3o do evento cancelada cerca de tr\u00eas horas antes do combate.<\/p>\n<p>No combate, Thiago chegou a acertar um knockdown no oponente mas ap\u00f3s um duro soco de direita, acabou n\u00e3o resistindo e com mais alguns socos, obrigou ao \u00e1rbitro interromper a luta.<\/p>\n<p>[yframe url=&#8217;www.youtube.com\/watch?v=WHIOaVeCDYs&#8217;]<\/p>\n<p>&nbsp;<\/p>\n<figure id=\"attachment_16715\" aria-describedby=\"caption-attachment-16715\" style=\"width: 360px\" class=\"wp-caption alignleft\"><a href=\"https:\/\/blogs.gazetaesportiva.com\/planeta-octogono\/files\/2015\/03\/11050814_1019101838117731_1769008657043812317_o.jpg\"><img loading=\"lazy\" decoding=\"async\" class=\" wp-image-16715 \" alt=\"Bethe (direita) enfrenta Ronda Rousey em agosto - Ana Carolina\/Gazeta Press\" src=\"https:\/\/blogs.gazetaesportiva.com\/planeta-octogono\/files\/2015\/03\/11050814_1019101838117731_1769008657043812317_o.jpg\" width=\"360\" height=\"240\" \/><\/a><figcaption id=\"caption-attachment-16715\" class=\"wp-caption-text\"><strong><em>Bethe (direita) enfrenta Ronda Rousey em agosto &#8211; Ana Carolina\/Gazeta Press<\/em><\/strong><\/figcaption><\/figure>\n<p><strong><em>Desafiante ao cintur\u00e3o, Bethe Correia enfrenta amea\u00e7as de morte ap\u00f3s confus\u00e3o no Rio de Janeiro<\/em><\/strong> &#8211; A lutadora brasileira Bethe Correia, que vai disputar o cintur\u00e3o do UFC em agosto contra Ronda Rousey, acabou se envolvendo em uma confus\u00e3o juntamente com seu namorado, o treinador Edelson Silva e sua irm\u00e3, segundo publica\u00e7\u00e3o do Jornal Extra.<\/p>\n<p>Segundo a publica\u00e7\u00e3o,\u00a0o taxista, Cleonardo de Freitas Alves, prestou queixa contra as tr\u00eas pessoas na 42\u00aa DP.<\/p>\n<p>O v\u00eddeo da briga acabou sendo divulgado pelo site MMA Fighting, divulgando as imagens de c\u00e2meras de seguran\u00e7a do local com Cleonardo comentando o caso junto a um funcion\u00e1rio do hotel e tamb\u00e9m noticiou que a atleta vem recebendo amea\u00e7as de morte.<\/p>\n<p>O motivo da confus\u00e3o, segundo Bethe seria o n\u00e3o pagamento de uma taxa de R$ 5,85 conhecida como bandeirada, mas a atleta disse que teria oferecido pagar um valor acima do estipulado.<\/p>\n<p>No v\u00eddeo, Cleonardo e Edelson acabam brigando depois do taxista se desentender com a irm\u00e3 de Bethe. A lutadora chegou a acertar um chute em Cleonardo.<\/p>\n<p>Em entrevista ao site Combate.com, Bethe deu sua vers\u00e3o do caso e acusou o taxista de tentar ganhar notoriedade ap\u00f3s a confus\u00e3o.<\/p>\n<figure id=\"attachment_16812\" aria-describedby=\"caption-attachment-16812\" style=\"width: 400px\" class=\"wp-caption alignright\"><a href=\"https:\/\/blogs.gazetaesportiva.com\/planeta-octogono\/files\/2015\/03\/amea\u00e7a.jpg\"><img loading=\"lazy\" decoding=\"async\" class=\"size-full wp-image-16812\" alt=\"Bethe revela amea\u00e7as recebidas - Arquivo Pessoal\" src=\"https:\/\/blogs.gazetaesportiva.com\/planeta-octogono\/files\/2015\/03\/amea\u00e7a.jpg\" width=\"400\" height=\"300\" \/><\/a><figcaption id=\"caption-attachment-16812\" class=\"wp-caption-text\"><strong><em>Bethe revela amea\u00e7as recebidas &#8211; Arquivo Pessoal<\/em><\/strong><\/figcaption><\/figure>\n<p>&#8220;Agora \u00e9 que ele est\u00e1 querendo me acusar para aparecer, porque a briga dele foi com o Edelson.<\/p>\n<p>Eu n\u00e3o queria brigar com ele, dei dinheiro a mais, dei sete reais, falei &#8220;Vamos embora, n\u00e3o vamos brigar&#8221;. \u00c9 s\u00f3 ver o v\u00eddeo que voc\u00ea v\u00ea que ele \u00e9 safado.<\/p>\n<p>Voc\u00ea pode ver o sarcasmo dos dois, com certeza pensando o que podiam ganhar com aquilo. Senti maldade, mas estou tranquila. Deus \u00e9 maior.&#8221; disse a atleta.<\/p>\n<p>O caso foi encaminhado para\u00a0o 9\u00ba Juizado Criminal Especial da Barra, e uma audi\u00eancia est\u00e1 marcada para 9 de junho.<\/p>\n<p>A atleta tamb\u00e9m revelou uma das amea\u00e7as recebidas atrav\u00e9s de mensagens enviadas em sua rede social que foram publicadas pelo site Combate.com<\/p>\n<p>[yframe url=&#8217;www.youtube.com\/watch?v=34H00ZKGSAM&#8217;]<\/p>\n<p>&nbsp;<\/p>\n<p>&nbsp;<\/p>\n","protected":false},"excerpt":{"rendered":"<p>O UFC divulgou os bastidores de sua passagem por Nova York nesta semana. Realizando o Tour Mundial do evento para divulga\u00e7\u00e3o da edi\u00e7\u00e3o 189, Jos\u00e9 <a class=\"read-more\" href=\"https:\/\/blogs.gazetaesportiva.com\/planeta-octogono\/2015\/03\/30\/em-passagem-por-nova-york-jose-aldo-treina-enquanto-conor-mcgregor-posa-para-fotos-com-dinheiro\/\">leia mais<\/a><\/p>\n","protected":false},"author":33,"featured_media":16812,"comment_status":"open","ping_status":"open","sticky":false,"template":"","format":"standard","meta":{"jetpack_post_was_ever_published":false,"_jetpack_newsletter_access":"","_jetpack_dont_email_post_to_subs":false,"_jetpack_newsletter_tier_id":0,"_jetpack_memberships_contains_paywalled_content":false,"_jetpack_memberships_contains_paid_content":false,"footnotes":"","jetpack_publicize_message":"","jetpack_publicize_feature_enabled":true,"jetpack_social_post_already_shared":false,"jetpack_social_options":{"image_generator_settings":{"template":"highway","default_image_id":0,"font":"","enabled":false},"version":2}},"categories":[1],"tags":[763,614,12,98,383,721],"class_list":["post-16810","post","type-post","status-publish","format-standard","has-post-thumbnail","hentry","category-principal","tag-bethe-correia","tag-conor-mcgregor","tag-jose-aldo","tag-ronda-rousey","tag-thiago-silva","tag-ufc-189"],"jetpack_publicize_connections":[],"jetpack_featured_media_url":"https:\/\/blogs.gazetaesportiva.com\/planeta-octogono\/files\/2015\/03\/amea\u00e7a.jpg","jetpack_sharing_enabled":true,"jetpack_shortlink":"https:\/\/wp.me\/p6rqUQ-4n8","_links":{"self":[{"href":"https:\/\/blogs.gazetaesportiva.com\/planeta-octogono\/wp-json\/wp\/v2\/posts\/16810","targetHints":{"allow":["GET"]}}],"collection":[{"href":"https:\/\/blogs.gazetaesportiva.com\/planeta-octogono\/wp-json\/wp\/v2\/posts"}],"about":[{"href":"https:\/\/blogs.gazetaesportiva.com\/planeta-octogono\/wp-json\/wp\/v2\/types\/post"}],"author":[{"embeddable":true,"href":"https:\/\/blogs.gazetaesportiva.com\/planeta-octogono\/wp-json\/wp\/v2\/users\/33"}],"replies":[{"embeddable":true,"href":"https:\/\/blogs.gazetaesportiva.com\/planeta-octogono\/wp-json\/wp\/v2\/comments?post=16810"}],"version-history":[{"count":0,"href":"https:\/\/blogs.gazetaesportiva.com\/planeta-octogono\/wp-json\/wp\/v2\/posts\/16810\/revisions"}],"wp:featuredmedia":[{"embeddable":true,"href":"https:\/\/blogs.gazetaesportiva.com\/planeta-octogono\/wp-json\/wp\/v2\/media\/16812"}],"wp:attachment":[{"href":"https:\/\/blogs.gazetaesportiva.com\/planeta-octogono\/wp-json\/wp\/v2\/media?parent=16810"}],"wp:term":[{"taxonomy":"category","embeddable":true,"href":"https:\/\/blogs.gazetaesportiva.com\/planeta-octogono\/wp-json\/wp\/v2\/categories?post=16810"},{"taxonomy":"post_tag","embeddable":true,"href":"https:\/\/blogs.gazetaesportiva.com\/planeta-octogono\/wp-json\/wp\/v2\/tags?post=16810"}],"curies":[{"name":"wp","href":"https:\/\/api.w.org\/{rel}","templated":true}]}}