{"id":16806,"date":"2015-03-30T04:52:24","date_gmt":"2015-03-30T07:52:24","guid":{"rendered":"https:\/\/blogs.gazetaesportiva.com\/planeta-octogono\/?p=16806"},"modified":"2015-03-30T04:52:24","modified_gmt":"2015-03-30T07:52:24","slug":"ex-lutador-do-ufc-wagner-caldeirao-retorna-com-vitoria-e-conquista-de-cinturao-em-edicao-do-max-fight-14","status":"publish","type":"post","link":"https:\/\/blogs.gazetaesportiva.com\/planeta-octogono\/2015\/03\/30\/ex-lutador-do-ufc-wagner-caldeirao-retorna-com-vitoria-e-conquista-de-cinturao-em-edicao-do-max-fight-14\/","title":{"rendered":"Ex lutador do UFC, Wagner Caldeir\u00e3o retorna com vit\u00f3ria e conquista de cintur\u00e3o em edi\u00e7\u00e3o do Max Fight 14"},"content":{"rendered":"<figure id=\"attachment_16807\" aria-describedby=\"caption-attachment-16807\" style=\"width: 695px\" class=\"wp-caption aligncenter\"><a href=\"https:\/\/blogs.gazetaesportiva.com\/planeta-octogono\/files\/2015\/03\/caldeirao.jpg\"><img loading=\"lazy\" decoding=\"async\" class=\"size-full wp-image-16807\" alt=\"Wagner Caldeir\u00e3o vence em edi\u00e7\u00e3o do Max Fight em Campinas - Divulga\u00e7\u00e3o\/Alexandre Valle\" src=\"https:\/\/blogs.gazetaesportiva.com\/planeta-octogono\/files\/2015\/03\/caldeirao.jpg\" width=\"695\" height=\"462\" \/><\/a><figcaption id=\"caption-attachment-16807\" class=\"wp-caption-text\"><strong><em>Wagner Caldeir\u00e3o vence em edi\u00e7\u00e3o do Max Fight em Campinas &#8211; Divulga\u00e7\u00e3o\/Alexandre Valle<\/em><\/strong><\/figcaption><\/figure>\n<p>&nbsp;<\/p>\n<p>Gin\u00e1sio lotado, lutas movimentad\u00edssimas e duas disputas de cintur\u00e3o. Esse foi o cen\u00e1rio feito sob medida para o Max Fight 14, que retornou, ap\u00f3s tr\u00eas anos de inatividade, em grande estilo na noite deste s\u00e1bado (28), em Campinas (SP). Ao todo 11 combates movimentaram o card do evento. Os principais destaques ficaram por conta dos novos campe\u00f5es Handesson \u201cBoy Doido\u201d, detentor do cintur\u00e3o interino dos meio-m\u00e9dios (77kg), e Wagner Caldeir\u00e3o, novo dono do t\u00edtulo dos meio-pesados (93kg).<\/p>\n<p><b>Boy Doido surpreende e \u00e9 o campe\u00e3o interino dos meio-m\u00e9dios (77kg) do Max Fight<\/b><\/p>\n<p>&nbsp;<\/p>\n<p>Convocado apenas duas semanas antes do combate contra o experiente Roberto Facada, Handesson \u201cBoy Doido\u201d Ferreira n\u00e3o se assustou com a situa\u00e7\u00e3o. Seguindo a estrat\u00e9gia tra\u00e7ada por sua equipe, o potiguar fez um duelo equilibrado com Facada no primeiro round. Na volta da pausa entre o primeiro e o segundo round, Boy Doido foi para cima com tudo, nocauteou o advers\u00e1rio e calou o gin\u00e1sio que, at\u00e9 ent\u00e3o, estava todo contra ele. O excelente resultado lhe rendeu o cintur\u00e3o interino dos meio-m\u00e9dios (77kg) e sua sexta vit\u00f3ria consecutiva.<\/p>\n<p><b>\u00a0<\/b><\/p>\n<p><b>De volta ao Max Fight, Wagner Caldeir\u00e3o conquista t\u00edtulo dos meio-pesados (93kg)<\/b><\/p>\n<p>&nbsp;<\/p>\n<p>O Max Fight sempre deu bastante sorte para Wagner Caldeir\u00e3o. Foi por interm\u00e9dio do evento, que, em 2012, o campineiro teve sua primeira oportunidade no UFC, maior evento de MMA do planeta. Tr\u00eas anos depois e mais maduro como lutador, Caldeir\u00e3o conquistou seu d\u00e9cimo nocaute na carreira e, de quebra, faturou o cintur\u00e3o dos meio-pesados (93kg) da organiza\u00e7\u00e3o. Dono de uma das m\u00e3os mais pesadas do MMA nacional, o lutador do Team Nogueira deu seu cart\u00e3o de visitas nos primeiros segundos da luta. Ap\u00f3s soltar sua famosa canhota e derrubar o oponente, caiu por cima, castigou o advers\u00e1rio no ground and pound e chegou ao nocaute ainda no primeiro round.<\/p>\n<p><b>\u00a0<\/b><\/p>\n<p><b>Matheus Serafim d\u00e1 \u201cn\u00f3\u201d em Adriano Sena e chega \u00e0 oitava vit\u00f3ria na carreira<\/b><\/p>\n<p>&nbsp;<\/p>\n<p>Conhecido por seu grande potencial na luta agarrada, Matheus Serafim deu, mais uma vez, mostras de sua for\u00e7a no wrestling e no jiu-jitsu. Ditando as regras da luta desde o primeiro round, o paulista n\u00e3o deu a m\u00ednima chance para Adriano Sena e aplicou um verdadeiro \u201cn\u00f3\u201d no oponente, que por diversas vezes tentou sair da inc\u00f4moda situa\u00e7\u00e3o em v\u00e3o. O resultado foi uma vit\u00f3ria por decis\u00e3o un\u00e2nime de Serafim.<\/p>\n<p><b>\u00a0<\/b><\/p>\n<p><b>Cassiano Tytschyo derrota Daniel Ogro por finaliza\u00e7\u00e3o<\/b><\/p>\n<p>&nbsp;<\/p>\n<p>Desde 2013 sem entrar em um cage de MMA, Cassiano Tytschyo<b>\u00a0<\/b>demonstrou n\u00e3o ter esquecido as t\u00e9cnicas que o fizeram um dos melhores atletas do seu peso no pa\u00eds. Confiante, o campineiro n\u00e3o deu chances para o advers\u00e1rio desde o in\u00edcio do duelo. Logo primeiros movimentos, ele encaixou uma guilhotina no advers\u00e1rio e por pouco n\u00e3o deu ponto final ao combate. Apesar de n\u00e3o ter sido bem sucedido na posi\u00e7\u00e3o, Tystchyo n\u00e3o desistiu de finalizar o oponente e conseguiu a vit\u00f3ria pouco tempo depois com um justo mata-le\u00e3o.<\/p>\n<p><b>\u00a0<\/b><\/p>\n<p><b>Vit\u00f3ria arrasadora aumenta sequ\u00eancia invicta de Daniel Caporossi<\/b><\/p>\n<p>&nbsp;<\/p>\n<p>Atleta local, Daniel Caporossi fez jus ao seu favoritismo e venceu de forma rel\u00e2mpago Murilo Trevisan neste s\u00e1bado. Apesar de ter sofrido alguns ataques nos primeiros instantes do embate, o lutador, de 34 anos, aplicou uma bonita joelhada, levou seu advers\u00e1rio quase nocauteado ao solo e conquistou a vit\u00f3ria ao desferir uma sequ\u00eancia dur\u00edssima de golpes no ground and pound. Com o resultado positivo, Caporossi chegou ao quinto duelo sem conhecer o sabor da derrota.<\/p>\n<p><b>\u00a0<\/b><\/p>\n<p><b>Duelo feminino leva o p\u00fablico \u00e0 loucura, em Campinas (SP)<\/b><\/p>\n<p>&nbsp;<\/p>\n<p>O \u00fanico combate entre mulheres da noite foi de tirar o f\u00f4lego dos torcedores presentes ao Gin\u00e1sio do Clube Regatas.\u00a0\u00a0Marcado pela beleza, mas tamb\u00e9m pela t\u00e9cnica, o duelo entre Bruna Ellen e Elen Torres foi de alt\u00edssimo n\u00edvel. Apoiada por uma calorosa torcida, Bruna mostrou que, mesmo aos 18 anos, est\u00e1 pronta para al\u00e7ar grandes voos dentro do MMA profissional. Segura na luta em p\u00e9, a estreante dominou os tr\u00eas rounds do combate e levou a vit\u00f3ria sobre Elen Torres na decis\u00e3o un\u00e2nime dos \u00e1rbitros.<\/p>\n<p style=\"text-align: center\"><b>\u00a0<\/b><\/p>\n<p style=\"text-align: center\"><strong><em>Resultados do Max Fight:<\/em><\/strong><\/p>\n<p style=\"text-align: center\"><strong><em>\u00a0<\/em><\/strong><\/p>\n<p style=\"text-align: center\"><strong><em>Handesson \u201cBoy Doido\u201d venceu Roberto Facada por nocaute t\u00e9cnico aos 17s do 2\u00ba round e conquistou o cintur\u00e3o interino dos meio-m\u00e9dios (77kg)<\/em><\/strong><\/p>\n<p style=\"text-align: center\"><strong><em>\u00a0<\/em><\/strong><\/p>\n<p style=\"text-align: center\"><strong><em>Wagner Caldeir\u00e3o venceu Fabiano \u201cBinho\u201d Rodrigues por nocaute t\u00e9cnico aos 3m08s do 1\u00ba round e conquistou o cintur\u00e3o dos meio-pesados (93kg)<\/em><\/strong><\/p>\n<p style=\"text-align: center\"><strong><em>\u00a0<\/em><\/strong><\/p>\n<p style=\"text-align: center\"><strong><em>Matheus Serafim venceu Adriano Sena por decis\u00e3o un\u00e2nime dos \u00e1rbitros<\/em><\/strong><\/p>\n<p style=\"text-align: center\"><strong><em>\u00a0<\/em><\/strong><\/p>\n<p style=\"text-align: center\"><strong><em>Cassiano Tytschyo\u00a0venceu Daniel Ogro por finaliza\u00e7\u00e3o (mata-le\u00e3o) com 1m55s do 1\u00ba round<\/em><\/strong><\/p>\n<p style=\"text-align: center\"><strong><em>\u00a0<\/em><\/strong><\/p>\n<p style=\"text-align: center\"><strong><em>Daniel Caporossi venceu Murilo Trevisan por nocaute t\u00e9cnico aos 43s do 1\u00ba round<\/em><\/strong><\/p>\n<p style=\"text-align: center\"><strong><em>\u00a0<\/em><\/strong><\/p>\n<p style=\"text-align: center\"><strong><em>Felipe Kaz\u00fa venceu F\u00e1bio Assis por finaliza\u00e7\u00e3o (mata-le\u00e3o) aos 46s do 1\u00ba round<\/em><\/strong><\/p>\n<p style=\"text-align: center\"><strong><em>\u00a0<\/em><\/strong><\/p>\n<p style=\"text-align: center\"><strong><em>Ozias \u201cBull Terrier\u201d venceu Bruno Almeida por decis\u00e3o un\u00e2nime dos \u00e1rbitros<\/em><\/strong><\/p>\n<p style=\"text-align: center\"><strong><em>\u00a0<\/em><\/strong><\/p>\n<p style=\"text-align: center\"><strong><em>Bruna Ellen venceu Elen Torres por decis\u00e3o un\u00e2nime dos \u00e1rbitros<\/em><\/strong><\/p>\n<p style=\"text-align: center\"><strong><em>\u00a0<\/em><\/strong><\/p>\n<p style=\"text-align: center\"><strong><em>Eduardo C\u00e9sar venceu Rafael Moura por nocaute t\u00e9cnico aos 2m15s do 2\u00ba round<\/em><\/strong><\/p>\n<p style=\"text-align: center\"><strong><em>\u00a0<\/em><\/strong><\/p>\n<p style=\"text-align: center\"><strong><em>Diogo Hannibal venceu Clesio Caveirinha por decis\u00e3o un\u00e2nime dos \u00e1rbitros<\/em><\/strong><\/p>\n<p style=\"text-align: center\"><strong><em>\u00a0<\/em><\/strong><\/p>\n<p style=\"text-align: center\"><strong><em>Wellington Turman venceu Ewerton Ferreira por decis\u00e3o un\u00e2nime dos \u00e1rbitros<\/em><\/strong><\/p>\n","protected":false},"excerpt":{"rendered":"<p>&nbsp; Gin\u00e1sio lotado, lutas movimentad\u00edssimas e duas disputas de cintur\u00e3o. Esse foi o cen\u00e1rio feito sob medida para o Max Fight 14, que retornou, ap\u00f3s <a class=\"read-more\" href=\"https:\/\/blogs.gazetaesportiva.com\/planeta-octogono\/2015\/03\/30\/ex-lutador-do-ufc-wagner-caldeirao-retorna-com-vitoria-e-conquista-de-cinturao-em-edicao-do-max-fight-14\/\">leia mais<\/a><\/p>\n","protected":false},"author":33,"featured_media":16807,"comment_status":"open","ping_status":"open","sticky":false,"template":"","format":"standard","meta":{"jetpack_post_was_ever_published":false,"_jetpack_newsletter_access":"","_jetpack_dont_email_post_to_subs":false,"_jetpack_newsletter_tier_id":0,"_jetpack_memberships_contains_paywalled_content":false,"_jetpack_memberships_contains_paid_content":false,"footnotes":"","jetpack_publicize_message":"","jetpack_publicize_feature_enabled":true,"jetpack_social_post_already_shared":false,"jetpack_social_options":{"image_generator_settings":{"template":"highway","default_image_id":0,"font":"","enabled":false},"version":2}},"categories":[1],"tags":[804,816],"class_list":["post-16806","post","type-post","status-publish","format-standard","has-post-thumbnail","hentry","category-principal","tag-max-fight","tag-wagner-caldeirao"],"jetpack_publicize_connections":[],"jetpack_featured_media_url":"https:\/\/blogs.gazetaesportiva.com\/planeta-octogono\/files\/2015\/03\/caldeirao.jpg","jetpack_sharing_enabled":true,"jetpack_shortlink":"https:\/\/wp.me\/p6rqUQ-4n4","_links":{"self":[{"href":"https:\/\/blogs.gazetaesportiva.com\/planeta-octogono\/wp-json\/wp\/v2\/posts\/16806","targetHints":{"allow":["GET"]}}],"collection":[{"href":"https:\/\/blogs.gazetaesportiva.com\/planeta-octogono\/wp-json\/wp\/v2\/posts"}],"about":[{"href":"https:\/\/blogs.gazetaesportiva.com\/planeta-octogono\/wp-json\/wp\/v2\/types\/post"}],"author":[{"embeddable":true,"href":"https:\/\/blogs.gazetaesportiva.com\/planeta-octogono\/wp-json\/wp\/v2\/users\/33"}],"replies":[{"embeddable":true,"href":"https:\/\/blogs.gazetaesportiva.com\/planeta-octogono\/wp-json\/wp\/v2\/comments?post=16806"}],"version-history":[{"count":0,"href":"https:\/\/blogs.gazetaesportiva.com\/planeta-octogono\/wp-json\/wp\/v2\/posts\/16806\/revisions"}],"wp:featuredmedia":[{"embeddable":true,"href":"https:\/\/blogs.gazetaesportiva.com\/planeta-octogono\/wp-json\/wp\/v2\/media\/16807"}],"wp:attachment":[{"href":"https:\/\/blogs.gazetaesportiva.com\/planeta-octogono\/wp-json\/wp\/v2\/media?parent=16806"}],"wp:term":[{"taxonomy":"category","embeddable":true,"href":"https:\/\/blogs.gazetaesportiva.com\/planeta-octogono\/wp-json\/wp\/v2\/categories?post=16806"},{"taxonomy":"post_tag","embeddable":true,"href":"https:\/\/blogs.gazetaesportiva.com\/planeta-octogono\/wp-json\/wp\/v2\/tags?post=16806"}],"curies":[{"name":"wp","href":"https:\/\/api.w.org\/{rel}","templated":true}]}}