{"id":16800,"date":"2015-03-28T05:07:25","date_gmt":"2015-03-28T08:07:25","guid":{"rendered":"https:\/\/blogs.gazetaesportiva.com\/planeta-octogono\/?p=16800"},"modified":"2015-03-28T05:07:25","modified_gmt":"2015-03-28T08:07:25","slug":"marcos-galvao-finaliza-joe-warren-e-conquista-cinturao-do-bellator","status":"publish","type":"post","link":"https:\/\/blogs.gazetaesportiva.com\/planeta-octogono\/2015\/03\/28\/marcos-galvao-finaliza-joe-warren-e-conquista-cinturao-do-bellator\/","title":{"rendered":"Marcos Galv\u00e3o finaliza Joe Warren e conquista cintur\u00e3o do Bellator"},"content":{"rendered":"<figure id=\"attachment_16801\" aria-describedby=\"caption-attachment-16801\" style=\"width: 695px\" class=\"wp-caption aligncenter\"><a href=\"https:\/\/blogs.gazetaesportiva.com\/planeta-octogono\/files\/2015\/03\/loro.jpg\"><img loading=\"lazy\" decoding=\"async\" class=\"size-full wp-image-16801\" alt=\"Marcos Galv\u00e3o \u00e9 campe\u00e3o mundial no Bellator - DIvulga\u00e7\u00e3o\/Eric Coleman\" src=\"https:\/\/blogs.gazetaesportiva.com\/planeta-octogono\/files\/2015\/03\/loro.jpg\" width=\"695\" height=\"463\" \/><\/a><figcaption id=\"caption-attachment-16801\" class=\"wp-caption-text\"><strong><em>Marcos Galv\u00e3o \u00e9 campe\u00e3o mundial no Bellator &#8211; DIvulga\u00e7\u00e3o\/Eric Coleman<\/em><\/strong><\/figcaption><\/figure>\n<p>&nbsp;<\/p>\n<p>O Brasil tem mais um campe\u00e3o mundial.<\/p>\n<p>Na noite desta sexta feira, nos Estados Unidos, o lutador Marcos &#8220;Loro&#8221; Galv\u00e3o se tornou o novo campe\u00e3o peso galo do Bellator, um dos principais eventos de MMA do mundo.<\/p>\n<p>Encarando o americano Joe Warren, o brasileiro sentiu o poder do Wrestling do lutador americano durante o primeiro round.<\/p>\n<p>Mesmo sendo quedado em algumas oportunidades, Loro manteve a paci\u00eancia para conquistar a vit\u00f3ria no segundo round.<\/p>\n<p>Encaixando uma bela chave de joelho, Loro obrigou Warren a desistir se tornando o novo campe\u00e3o da organiza\u00e7\u00e3o.<\/p>\n<p>&#8220;Hoje realizei meu sonho de 20 anos, e eu acreditei em voc\u00ea, que me disse para acreditar no meu jiu j\u00edtsu .Eu sou campe\u00e3o mundial de jiu j\u00edtsu, sou Marcos Galv\u00e3o.&#8221; comemorou.<\/p>\n<p>&nbsp;<\/p>\n<figure id=\"attachment_16802\" aria-describedby=\"caption-attachment-16802\" style=\"width: 695px\" class=\"wp-caption aligncenter\"><a href=\"https:\/\/blogs.gazetaesportiva.com\/planeta-octogono\/files\/2015\/03\/loro1.jpg\"><img loading=\"lazy\" decoding=\"async\" class=\"size-full wp-image-16802\" alt=\"A finaliza\u00e7\u00e3o que consagrou Loro - Divulga\u00e7\u00e3o\/Eric Coleman\" src=\"https:\/\/blogs.gazetaesportiva.com\/planeta-octogono\/files\/2015\/03\/loro1.jpg\" width=\"695\" height=\"463\" \/><\/a><figcaption id=\"caption-attachment-16802\" class=\"wp-caption-text\"><strong><em>A finaliza\u00e7\u00e3o que consagrou Loro &#8211; Divulga\u00e7\u00e3o\/Eric Coleman<\/em><\/strong><\/figcaption><\/figure>\n","protected":false},"excerpt":{"rendered":"<p>&nbsp; O Brasil tem mais um campe\u00e3o mundial. Na noite desta sexta feira, nos Estados Unidos, o lutador Marcos &#8220;Loro&#8221; Galv\u00e3o se tornou o novo <a class=\"read-more\" href=\"https:\/\/blogs.gazetaesportiva.com\/planeta-octogono\/2015\/03\/28\/marcos-galvao-finaliza-joe-warren-e-conquista-cinturao-do-bellator\/\">leia mais<\/a><\/p>\n","protected":false},"author":33,"featured_media":16802,"comment_status":"open","ping_status":"open","sticky":false,"template":"","format":"standard","meta":{"jetpack_post_was_ever_published":false,"_jetpack_newsletter_access":"","_jetpack_dont_email_post_to_subs":false,"_jetpack_newsletter_tier_id":0,"_jetpack_memberships_contains_paywalled_content":false,"_jetpack_memberships_contains_paid_content":false,"footnotes":"","jetpack_publicize_message":"","jetpack_publicize_feature_enabled":true,"jetpack_social_post_already_shared":false,"jetpack_social_options":{"image_generator_settings":{"template":"highway","default_image_id":0,"font":"","enabled":false},"version":2}},"categories":[1],"tags":[39,704,815],"class_list":["post-16800","post","type-post","status-publish","format-standard","has-post-thumbnail","hentry","category-principal","tag-bellator","tag-joe-warren","tag-marcos-galvao"],"jetpack_publicize_connections":[],"jetpack_featured_media_url":"https:\/\/blogs.gazetaesportiva.com\/planeta-octogono\/files\/2015\/03\/loro1.jpg","jetpack_sharing_enabled":true,"jetpack_shortlink":"https:\/\/wp.me\/p6rqUQ-4mY","_links":{"self":[{"href":"https:\/\/blogs.gazetaesportiva.com\/planeta-octogono\/wp-json\/wp\/v2\/posts\/16800","targetHints":{"allow":["GET"]}}],"collection":[{"href":"https:\/\/blogs.gazetaesportiva.com\/planeta-octogono\/wp-json\/wp\/v2\/posts"}],"about":[{"href":"https:\/\/blogs.gazetaesportiva.com\/planeta-octogono\/wp-json\/wp\/v2\/types\/post"}],"author":[{"embeddable":true,"href":"https:\/\/blogs.gazetaesportiva.com\/planeta-octogono\/wp-json\/wp\/v2\/users\/33"}],"replies":[{"embeddable":true,"href":"https:\/\/blogs.gazetaesportiva.com\/planeta-octogono\/wp-json\/wp\/v2\/comments?post=16800"}],"version-history":[{"count":0,"href":"https:\/\/blogs.gazetaesportiva.com\/planeta-octogono\/wp-json\/wp\/v2\/posts\/16800\/revisions"}],"wp:featuredmedia":[{"embeddable":true,"href":"https:\/\/blogs.gazetaesportiva.com\/planeta-octogono\/wp-json\/wp\/v2\/media\/16802"}],"wp:attachment":[{"href":"https:\/\/blogs.gazetaesportiva.com\/planeta-octogono\/wp-json\/wp\/v2\/media?parent=16800"}],"wp:term":[{"taxonomy":"category","embeddable":true,"href":"https:\/\/blogs.gazetaesportiva.com\/planeta-octogono\/wp-json\/wp\/v2\/categories?post=16800"},{"taxonomy":"post_tag","embeddable":true,"href":"https:\/\/blogs.gazetaesportiva.com\/planeta-octogono\/wp-json\/wp\/v2\/tags?post=16800"}],"curies":[{"name":"wp","href":"https:\/\/api.w.org\/{rel}","templated":true}]}}