{"id":16798,"date":"2015-03-28T05:00:08","date_gmt":"2015-03-28T08:00:08","guid":{"rendered":"https:\/\/blogs.gazetaesportiva.com\/planeta-octogono\/?p=16798"},"modified":"2015-03-28T05:00:08","modified_gmt":"2015-03-28T08:00:08","slug":"anderson-silva-fala-sobre-doping-projeta-mais-cinco-anos-de-carreira-e-diz-que-so-deve-lutar-em-2016","status":"publish","type":"post","link":"https:\/\/blogs.gazetaesportiva.com\/planeta-octogono\/2015\/03\/28\/anderson-silva-fala-sobre-doping-projeta-mais-cinco-anos-de-carreira-e-diz-que-so-deve-lutar-em-2016\/","title":{"rendered":"Anderson Silva fala sobre doping, projeta mais cinco anos de carreira e diz que s\u00f3 deve lutar em 2016"},"content":{"rendered":"<figure id=\"attachment_16787\" aria-describedby=\"caption-attachment-16787\" style=\"width: 639px\" class=\"wp-caption aligncenter\"><a href=\"https:\/\/blogs.gazetaesportiva.com\/planeta-octogono\/files\/2015\/03\/andersoncarol.jpg\"><img loading=\"lazy\" decoding=\"async\" class=\"size-full wp-image-16787\" alt=\"Spider realiza semin\u00e1rio no Rio - Ana Carolina\/Gazeta Press\" src=\"https:\/\/blogs.gazetaesportiva.com\/planeta-octogono\/files\/2015\/03\/andersoncarol.jpg\" width=\"639\" height=\"596\" \/><\/a><figcaption id=\"caption-attachment-16787\" class=\"wp-caption-text\"><strong><em>Spider realiza semin\u00e1rio no Rio &#8211; Ana Carolina\/Gazeta Press<\/em><\/strong><\/figcaption><\/figure>\n<p>&nbsp;<\/p>\n<p>O \u00eddolo brasileiro Anderson Silva, realizou nesta \u00faltima quinta feira, um semin\u00e1rio para os f\u00e3s em parceria com o evento Smash Fight no Rio de Janeiro.<\/p>\n<p>Falando com o p\u00fablico pela primeira vez o lutador comentou acerca do caso de seus exames antidoping positivos.<\/p>\n<p>Sem demonstrar preocupa\u00e7\u00e3o com a puni\u00e7\u00e3o que pode vir a sofrer, o atleta est\u00e1 tranquilo e vai aguardar o desenrolar dos acontecimentos.<\/p>\n<p>&#8220;Volto a lutar ano que vem. Ainda n\u00e3o sabemos o que vai acontecer comigo, enviamos para a an\u00e1lise todos os suplementos, tudo o que usei, para o laborat\u00f3rio ver realmente o que aconteceu, porque nem eu sei.<\/p>\n<p>Foi uma surpresa at\u00e9 para mim. Mas acho que ano que vem eu volto, o que seria o normal, j\u00e1 que eu n\u00e3o lutaria esse ano de novo.&#8221; disse Spider que projeta lutar por mais cinco anos.<\/p>\n<p>&#8220;Sentamos com toda a minha equipe, todos conversamos e estamos fazendo um treino voltado para que eu possa lutar durante mais cinco anos.<\/p>\n<p>Temos todo o cronograma de treinos para cinco anos. Pode ser que a gente fa\u00e7a um pouco mais de uma luta por ano, talvez duas, mas depende das pr\u00f3ximas lutas.&#8221; contou Anderson.<\/p>\n<p>Ap\u00f3s pedir adiamento de sua audi\u00eancia com a Comiss\u00e3o Atl\u00e9tica de Nevada, devido a este envio de seus suplementos para an\u00e1lise, o lutador deve ser julgado em abril.<\/p>\n<p>Anderson testou positivo em dois exames anti doping, e pode ser suspenso entre 9 meses a 2 anos.<\/p>\n<p>&nbsp;<\/p>\n","protected":false},"excerpt":{"rendered":"<p>&nbsp; O \u00eddolo brasileiro Anderson Silva, realizou nesta \u00faltima quinta feira, um semin\u00e1rio para os f\u00e3s em parceria com o evento Smash Fight no Rio <a class=\"read-more\" href=\"https:\/\/blogs.gazetaesportiva.com\/planeta-octogono\/2015\/03\/28\/anderson-silva-fala-sobre-doping-projeta-mais-cinco-anos-de-carreira-e-diz-que-so-deve-lutar-em-2016\/\">leia mais<\/a><\/p>\n","protected":false},"author":33,"featured_media":0,"comment_status":"open","ping_status":"open","sticky":false,"template":"","format":"standard","meta":{"jetpack_post_was_ever_published":false,"_jetpack_newsletter_access":"","_jetpack_dont_email_post_to_subs":false,"_jetpack_newsletter_tier_id":0,"_jetpack_memberships_contains_paywalled_content":false,"_jetpack_memberships_contains_paid_content":false,"footnotes":"","jetpack_publicize_message":"","jetpack_publicize_feature_enabled":true,"jetpack_social_post_already_shared":false,"jetpack_social_options":{"image_generator_settings":{"template":"highway","default_image_id":0,"font":"","enabled":false},"version":2}},"categories":[1],"tags":[22],"class_list":["post-16798","post","type-post","status-publish","format-standard","hentry","category-principal","tag-anderson-silva"],"jetpack_publicize_connections":[],"jetpack_featured_media_url":"","jetpack_sharing_enabled":true,"jetpack_shortlink":"https:\/\/wp.me\/p6rqUQ-4mW","_links":{"self":[{"href":"https:\/\/blogs.gazetaesportiva.com\/planeta-octogono\/wp-json\/wp\/v2\/posts\/16798","targetHints":{"allow":["GET"]}}],"collection":[{"href":"https:\/\/blogs.gazetaesportiva.com\/planeta-octogono\/wp-json\/wp\/v2\/posts"}],"about":[{"href":"https:\/\/blogs.gazetaesportiva.com\/planeta-octogono\/wp-json\/wp\/v2\/types\/post"}],"author":[{"embeddable":true,"href":"https:\/\/blogs.gazetaesportiva.com\/planeta-octogono\/wp-json\/wp\/v2\/users\/33"}],"replies":[{"embeddable":true,"href":"https:\/\/blogs.gazetaesportiva.com\/planeta-octogono\/wp-json\/wp\/v2\/comments?post=16798"}],"version-history":[{"count":0,"href":"https:\/\/blogs.gazetaesportiva.com\/planeta-octogono\/wp-json\/wp\/v2\/posts\/16798\/revisions"}],"wp:attachment":[{"href":"https:\/\/blogs.gazetaesportiva.com\/planeta-octogono\/wp-json\/wp\/v2\/media?parent=16798"}],"wp:term":[{"taxonomy":"category","embeddable":true,"href":"https:\/\/blogs.gazetaesportiva.com\/planeta-octogono\/wp-json\/wp\/v2\/categories?post=16798"},{"taxonomy":"post_tag","embeddable":true,"href":"https:\/\/blogs.gazetaesportiva.com\/planeta-octogono\/wp-json\/wp\/v2\/tags?post=16798"}],"curies":[{"name":"wp","href":"https:\/\/api.w.org\/{rel}","templated":true}]}}