{"id":16796,"date":"2015-03-28T04:50:11","date_gmt":"2015-03-28T07:50:11","guid":{"rendered":"https:\/\/blogs.gazetaesportiva.com\/planeta-octogono\/?p=16796"},"modified":"2015-03-28T04:50:11","modified_gmt":"2015-03-28T07:50:11","slug":"clima-entre-jose-aldo-e-conor-mcgregor-esquenta-em-tour-do-ufc-por-toronto-boston-e-nova-york","status":"publish","type":"post","link":"https:\/\/blogs.gazetaesportiva.com\/planeta-octogono\/2015\/03\/28\/clima-entre-jose-aldo-e-conor-mcgregor-esquenta-em-tour-do-ufc-por-toronto-boston-e-nova-york\/","title":{"rendered":"Clima entre Jos\u00e9 Aldo e Conor McGregor esquenta em Tour do UFC por Toronto, Boston e Nova York"},"content":{"rendered":"<figure id=\"attachment_16712\" aria-describedby=\"caption-attachment-16712\" style=\"width: 695px\" class=\"wp-caption aligncenter\"><a href=\"https:\/\/blogs.gazetaesportiva.com\/planeta-octogono\/files\/2015\/03\/1532079_1019101844784397_7899370004311585566_o.jpg\"><img loading=\"lazy\" decoding=\"async\" class=\"size-full wp-image-16712\" alt=\"Aldo e Conor continuam com o Tour Mundial - Ana Carolina\/Gazeta Press\" src=\"https:\/\/blogs.gazetaesportiva.com\/planeta-octogono\/files\/2015\/03\/1532079_1019101844784397_7899370004311585566_o.jpg\" width=\"695\" height=\"463\" \/><\/a><figcaption id=\"caption-attachment-16712\" class=\"wp-caption-text\"><strong><em>Aldo e Conor continuam com o Tour Mundial &#8211; Ana Carolina\/Gazeta Press<\/em><\/strong><\/figcaption><\/figure>\n<p>&nbsp;<\/p>\n<p>O clima realmente esquentou durante o Tour do UFC 189 para a divulga\u00e7\u00e3o do evento nesta semana.<\/p>\n<p>Realizando eventos nas cidades americanas Boston e Nova York, al\u00e9m de aterrissar em Toronto no Canad\u00e1, os lutadores voltaram a protagonizar encaradas tensas.<\/p>\n<p>Em uma delas, na cidade de Boston, o Presidente do UFC, Dana White precisou conter Conor McGregor que se irritou com o brasileiro.<\/p>\n<p>O evento tamb\u00e9m divulgou uma conversa entre Aldo e seu treinador, Ded\u00e9 Pederneiras, aonde o campe\u00e3o \u00e9 informado que Dana White j\u00e1 est\u00e1 ciente que n\u00e3o deve permitir McGregor tocar no campe\u00e3o do UFC.<\/p>\n<p>Neste evento em Nova York e Toronto, os lutadores Robbie Lawler e Rory MacDonald que disputam o cintur\u00e3o peso meio m\u00e9dio no mesmo evento, dia 11 de julho tamb\u00e9m fizeram uma encarada para o p\u00fablico.<\/p>\n<p>[yframe url=&#8217;www.youtube.com\/watch?v=lKkSTYLyEiU&#8217;]<\/p>\n<p>[yframe url=&#8217;www.youtube.com\/watch?v=_Wrl7AN3lr0&#8242;]<\/p>\n<p>[yframe url=&#8217;www.youtube.com\/watch?v=h8R6G0Bik5w&#8217;]<\/p>\n","protected":false},"excerpt":{"rendered":"<p>&nbsp; O clima realmente esquentou durante o Tour do UFC 189 para a divulga\u00e7\u00e3o do evento nesta semana. Realizando eventos nas cidades americanas Boston e <a class=\"read-more\" href=\"https:\/\/blogs.gazetaesportiva.com\/planeta-octogono\/2015\/03\/28\/clima-entre-jose-aldo-e-conor-mcgregor-esquenta-em-tour-do-ufc-por-toronto-boston-e-nova-york\/\">leia mais<\/a><\/p>\n","protected":false},"author":33,"featured_media":0,"comment_status":"open","ping_status":"open","sticky":false,"template":"","format":"standard","meta":{"jetpack_post_was_ever_published":false,"_jetpack_newsletter_access":"","_jetpack_dont_email_post_to_subs":false,"_jetpack_newsletter_tier_id":0,"_jetpack_memberships_contains_paywalled_content":false,"_jetpack_memberships_contains_paid_content":false,"footnotes":"","jetpack_publicize_message":"","jetpack_publicize_feature_enabled":true,"jetpack_social_post_already_shared":false,"jetpack_social_options":{"image_generator_settings":{"template":"highway","default_image_id":0,"font":"","enabled":false},"version":2}},"categories":[1],"tags":[614,111,12,814,721],"class_list":["post-16796","post","type-post","status-publish","format-standard","hentry","category-principal","tag-conor-mcgregor","tag-dana-white","tag-jose-aldo","tag-rory-macdonald","tag-ufc-189"],"jetpack_publicize_connections":[],"jetpack_featured_media_url":"","jetpack_sharing_enabled":true,"jetpack_shortlink":"https:\/\/wp.me\/p6rqUQ-4mU","_links":{"self":[{"href":"https:\/\/blogs.gazetaesportiva.com\/planeta-octogono\/wp-json\/wp\/v2\/posts\/16796","targetHints":{"allow":["GET"]}}],"collection":[{"href":"https:\/\/blogs.gazetaesportiva.com\/planeta-octogono\/wp-json\/wp\/v2\/posts"}],"about":[{"href":"https:\/\/blogs.gazetaesportiva.com\/planeta-octogono\/wp-json\/wp\/v2\/types\/post"}],"author":[{"embeddable":true,"href":"https:\/\/blogs.gazetaesportiva.com\/planeta-octogono\/wp-json\/wp\/v2\/users\/33"}],"replies":[{"embeddable":true,"href":"https:\/\/blogs.gazetaesportiva.com\/planeta-octogono\/wp-json\/wp\/v2\/comments?post=16796"}],"version-history":[{"count":0,"href":"https:\/\/blogs.gazetaesportiva.com\/planeta-octogono\/wp-json\/wp\/v2\/posts\/16796\/revisions"}],"wp:attachment":[{"href":"https:\/\/blogs.gazetaesportiva.com\/planeta-octogono\/wp-json\/wp\/v2\/media?parent=16796"}],"wp:term":[{"taxonomy":"category","embeddable":true,"href":"https:\/\/blogs.gazetaesportiva.com\/planeta-octogono\/wp-json\/wp\/v2\/categories?post=16796"},{"taxonomy":"post_tag","embeddable":true,"href":"https:\/\/blogs.gazetaesportiva.com\/planeta-octogono\/wp-json\/wp\/v2\/tags?post=16796"}],"curies":[{"name":"wp","href":"https:\/\/api.w.org\/{rel}","templated":true}]}}