{"id":16793,"date":"2015-03-28T04:38:34","date_gmt":"2015-03-28T07:38:34","guid":{"rendered":"https:\/\/blogs.gazetaesportiva.com\/planeta-octogono\/?p=16793"},"modified":"2015-03-28T04:38:34","modified_gmt":"2015-03-28T07:38:34","slug":"wallid-ismail-encontra-minotauro-para-lancar-frente-parlamentar-em-brasilia","status":"publish","type":"post","link":"https:\/\/blogs.gazetaesportiva.com\/planeta-octogono\/2015\/03\/28\/wallid-ismail-encontra-minotauro-para-lancar-frente-parlamentar-em-brasilia\/","title":{"rendered":"Presidente do Jungle Fight, Wallid Ismail encontra Minotauro para lan\u00e7ar frente parlamentar em Bras\u00edlia"},"content":{"rendered":"<figure id=\"attachment_16794\" aria-describedby=\"caption-attachment-16794\" style=\"width: 695px\" class=\"wp-caption aligncenter\"><a href=\"https:\/\/blogs.gazetaesportiva.com\/planeta-octogono\/files\/2015\/03\/frenteparlamentar.jpg\"><img loading=\"lazy\" decoding=\"async\" class=\"size-full wp-image-16794\" alt=\"Wallid luta para regulamentar esporte no Brasil - Cr\u00e9dito: Jane Santin\" src=\"https:\/\/blogs.gazetaesportiva.com\/planeta-octogono\/files\/2015\/03\/frenteparlamentar.jpg\" width=\"695\" height=\"521\" \/><\/a><figcaption id=\"caption-attachment-16794\" class=\"wp-caption-text\"><strong><em>Wallid luta para regulamentar esporte no Brasil &#8211; Cr\u00e9dito: Jane Santin<\/em><\/strong><\/figcaption><\/figure>\n<p>&nbsp;<\/p>\n<p>Nesta quinta-feira, Wallid Ismail, presidente do Jungle Fight, participou do lan\u00e7amento da Frente Parlamentar Mista de Esporte, na C\u00e2mara Federal, em Bras\u00edlia. O objetivo \u00e9 somar e agregar elementos preciosos de incentivo ao esporte brasileiro.<\/p>\n<p>A cerimonia contou com presen\u00e7a do deputado federal Herculano Passos e do ministro dos esportes George Hilton.<\/p>\n<p>A Frente \u00e9 presidida pelo bicampe\u00e3o mundial de jud\u00f4, o deputado federal Jo\u00e3o Derly, e tem como vice-presidente o senador e ex-jogador de futebol Rom\u00e1rio, que presidente a Comiss\u00e3o de Educa\u00e7\u00e3o, Cultura e Esporte do Senado.<\/p>\n<p>\u201cComo presidente da Frente, a coloco sempre aberta \u00e0s boas ideias e ao debate entre pessoas com objetivo comum: o crescimento do esporte. Ela ser\u00e1 o f\u00f3rum de discuss\u00f5es e de proposi\u00e7\u00f5es concretas em busca do desenvolvimento dos atletas e modalidades esportivas\u201d prometeu Derly.<\/p>\n<p>Wallid, que na semana passada esteve na Capital Federal para discutir regulamenta\u00e7\u00f5es e a profissionaliza\u00e7\u00e3o do MMA no Brasil, n\u00e3o escondeu a felicidade em ter um ex atleta do mundo da luta na presid\u00eancia da Frente Parlamentar do Esporte.<\/p>\n<p>\u201cFiquei muito feliz de participar do lan\u00e7amento da Frente, \u00e9 o reconhecimento do MMA no esporte. Ter um lutador de jud\u00f4 duas vezes campe\u00e3o mundial como presidente foi muito importante, fiquei muito contente\u201d, comemorou o presidente do Jungle Fight.<\/p>\n","protected":false},"excerpt":{"rendered":"<p>&nbsp; Nesta quinta-feira, Wallid Ismail, presidente do Jungle Fight, participou do lan\u00e7amento da Frente Parlamentar Mista de Esporte, na C\u00e2mara Federal, em Bras\u00edlia. O objetivo <a class=\"read-more\" href=\"https:\/\/blogs.gazetaesportiva.com\/planeta-octogono\/2015\/03\/28\/wallid-ismail-encontra-minotauro-para-lancar-frente-parlamentar-em-brasilia\/\">leia mais<\/a><\/p>\n","protected":false},"author":33,"featured_media":16794,"comment_status":"open","ping_status":"open","sticky":false,"template":"","format":"standard","meta":{"jetpack_post_was_ever_published":false,"_jetpack_newsletter_access":"","_jetpack_dont_email_post_to_subs":false,"_jetpack_newsletter_tier_id":0,"_jetpack_memberships_contains_paywalled_content":false,"_jetpack_memberships_contains_paid_content":false,"footnotes":"","jetpack_publicize_message":"","jetpack_publicize_feature_enabled":true,"jetpack_social_post_already_shared":false,"jetpack_social_options":{"image_generator_settings":{"template":"highway","default_image_id":0,"font":"","enabled":false},"version":2}},"categories":[1],"tags":[812,51,813,782,52],"class_list":["post-16793","post","type-post","status-publish","format-standard","has-post-thumbnail","hentry","category-principal","tag-joao-derly","tag-jungle-fight","tag-minotauro","tag-romario","tag-wallid-ismail"],"jetpack_publicize_connections":[],"jetpack_featured_media_url":"https:\/\/blogs.gazetaesportiva.com\/planeta-octogono\/files\/2015\/03\/frenteparlamentar.jpg","jetpack_sharing_enabled":true,"jetpack_shortlink":"https:\/\/wp.me\/p6rqUQ-4mR","_links":{"self":[{"href":"https:\/\/blogs.gazetaesportiva.com\/planeta-octogono\/wp-json\/wp\/v2\/posts\/16793","targetHints":{"allow":["GET"]}}],"collection":[{"href":"https:\/\/blogs.gazetaesportiva.com\/planeta-octogono\/wp-json\/wp\/v2\/posts"}],"about":[{"href":"https:\/\/blogs.gazetaesportiva.com\/planeta-octogono\/wp-json\/wp\/v2\/types\/post"}],"author":[{"embeddable":true,"href":"https:\/\/blogs.gazetaesportiva.com\/planeta-octogono\/wp-json\/wp\/v2\/users\/33"}],"replies":[{"embeddable":true,"href":"https:\/\/blogs.gazetaesportiva.com\/planeta-octogono\/wp-json\/wp\/v2\/comments?post=16793"}],"version-history":[{"count":0,"href":"https:\/\/blogs.gazetaesportiva.com\/planeta-octogono\/wp-json\/wp\/v2\/posts\/16793\/revisions"}],"wp:featuredmedia":[{"embeddable":true,"href":"https:\/\/blogs.gazetaesportiva.com\/planeta-octogono\/wp-json\/wp\/v2\/media\/16794"}],"wp:attachment":[{"href":"https:\/\/blogs.gazetaesportiva.com\/planeta-octogono\/wp-json\/wp\/v2\/media?parent=16793"}],"wp:term":[{"taxonomy":"category","embeddable":true,"href":"https:\/\/blogs.gazetaesportiva.com\/planeta-octogono\/wp-json\/wp\/v2\/categories?post=16793"},{"taxonomy":"post_tag","embeddable":true,"href":"https:\/\/blogs.gazetaesportiva.com\/planeta-octogono\/wp-json\/wp\/v2\/tags?post=16793"}],"curies":[{"name":"wp","href":"https:\/\/api.w.org\/{rel}","templated":true}]}}