{"id":16789,"date":"2015-03-28T04:32:53","date_gmt":"2015-03-28T07:32:53","guid":{"rendered":"https:\/\/blogs.gazetaesportiva.com\/planeta-octogono\/?p=16789"},"modified":"2015-03-28T04:32:53","modified_gmt":"2015-03-28T07:32:53","slug":"max-fight-retorna-neste-sabado-com-edicao-em-campinas","status":"publish","type":"post","link":"https:\/\/blogs.gazetaesportiva.com\/planeta-octogono\/2015\/03\/28\/max-fight-retorna-neste-sabado-com-edicao-em-campinas\/","title":{"rendered":"Max Fight retorna neste s\u00e1bado com edi\u00e7\u00e3o em Campinas"},"content":{"rendered":"<div>\n<figure id=\"attachment_16790\" aria-describedby=\"caption-attachment-16790\" style=\"width: 695px\" class=\"wp-caption aligncenter\"><a href=\"https:\/\/blogs.gazetaesportiva.com\/planeta-octogono\/files\/2015\/03\/maxfight1.jpg\"><img loading=\"lazy\" decoding=\"async\" class=\"size-full wp-image-16790\" alt=\"Evento retorna neste s\u00e1bado em Campinas - Divulga\u00e7\u00e3o\/Alexandre Valle\" src=\"https:\/\/blogs.gazetaesportiva.com\/planeta-octogono\/files\/2015\/03\/maxfight1.jpg\" width=\"695\" height=\"479\" \/><\/a><figcaption id=\"caption-attachment-16790\" class=\"wp-caption-text\"><strong><em>Evento retorna neste s\u00e1bado em Campinas &#8211; Divulga\u00e7\u00e3o\/Alexandre Valle<\/em><\/strong><\/figcaption><\/figure>\n<p>&nbsp;<\/p>\n<p>Realizada na noite desta sexta-feira (27), no Hotel Cambu\u00ed Residence, em Campinas (SP), a pesagem oficial da 14\u00aa edi\u00e7\u00e3o do Max Fight foi o ponto de partida para o retorno do evento, que estava inativo h\u00e1 cerca de tr\u00eas anos. Ao todo, 22 atletas passaram sem problemas pela temida balan\u00e7a e est\u00e3o aptos para mostrar a for\u00e7a da competi\u00e7\u00e3o, citada por muitos anos entre as principais organiza\u00e7\u00f5es do MMA nacional.<\/p>\n<p>Apresentando alguns problemas de sa\u00fade minutos antes do primeiro desafio do final de semana, Luan Gazetta foi o \u00fanico a estourar o limite da categoria. Cerca de 5kg acima de sua divis\u00e3o, o peso-galo (61kg) teve seu nome retirado do torneio por n\u00e3o apresentar as condi\u00e7\u00f5es necess\u00e1rias para entrar na cage do Max Fight 14, que est\u00e1 marcado para este s\u00e1bado (28), \u00e0s 20h, no Gin\u00e1sio do Clube Regatas, em Campinas.<\/p>\n<p>Disposto a recuperar o tempo perdido e retomar seu lugar entre as principais competi\u00e7\u00f5es de MMA no territ\u00f3rio brasileiro, o Max Fight segue sua premissa de mesclar atletas renomados e grandes revela\u00e7\u00f5es do interior paulista,. A edi\u00e7\u00e3o 14 do torneio trar\u00e1 duas disputas de cintur\u00e3o. Respons\u00e1veis por realizar o principal combate da noite, Handesson &#8220;Boy Doido&#8221; Ferreira e Roberto Facada lutam pelo cintur\u00e3o interino dos meio-m\u00e9dios, enquanto Wagner Caldeir\u00e3o e Fabiano &#8220;Binho&#8221; Rodrigues duelam pelo cobi\u00e7ado t\u00edtulo dos meio-pesados da organiza\u00e7\u00e3o (93kg).<\/p>\n<figure id=\"attachment_16791\" aria-describedby=\"caption-attachment-16791\" style=\"width: 695px\" class=\"wp-caption aligncenter\"><a href=\"https:\/\/blogs.gazetaesportiva.com\/planeta-octogono\/files\/2015\/03\/maxfight2.jpg\"><img loading=\"lazy\" decoding=\"async\" class=\"size-full wp-image-16791\" alt=\"Duelo feminino agita primeira edi\u00e7\u00e3o do evento de 2015 - Divulga\u00e7\u00e3o\/Alexandre Valle\" src=\"https:\/\/blogs.gazetaesportiva.com\/planeta-octogono\/files\/2015\/03\/maxfight2.jpg\" width=\"695\" height=\"475\" \/><\/a><figcaption id=\"caption-attachment-16791\" class=\"wp-caption-text\"><strong><em>Duelo feminino agita primeira edi\u00e7\u00e3o do evento de 2015 &#8211; Divulga\u00e7\u00e3o\/Alexandre Valle<\/em><\/strong><\/figcaption><\/figure>\n<p>&nbsp;<\/p>\n<p>Uma das ilustres presen\u00e7as na pesagem oficial do Max Fight 14, Gilbert Durinho, que na \u00faltima semana finalizou Alex Cowboy no UFC Fight Night 62, elogiou a estrutura do evento. Apesar de chateado com a situa\u00e7\u00e3o vivida por Luan Gazetta, seu companheiro de treinamentos, o niteroiense fez quest\u00e3o de frisar sobre a import\u00e2ncia de ver eventos brasileiros trabalhando a favor do profissionalismo na modalidade.<\/p>\n<\/div>\n<p>&#8220;O Luan teve alguns problemas antes da pesagem, ficou bem acima da categoria e n\u00e3o houve acordo com a equipe advers\u00e1rio. \u00c9 uma situa\u00e7\u00e3o ruim, mas isso serve para demonstrar que estamos tendo cada vez mais eventos que prezam pelo profissionalismo no Brasil. Estou &#8220;amarrad\u00e3o&#8221; para acompanhar as lutas amanh\u00e3 e sei que vou assistir combates muito disputados. \u00c9 de torneios bem organizados assim que precisamos para fazer com que os atletas brasileiros brilhem ainda mais intensamente no MMA internacional&#8221;, comentou.<\/p>\n<div>\n<p style=\"text-align: center\"><strong><em>Max\u00a0Fight\u00a014<\/em><\/strong><\/p>\n<p><strong><em>S\u00e1bado, 28 de mar\u00e7o de 2015<\/em><\/strong><\/p>\n<p><strong><em>Gin\u00e1sio do Clube Regatas, Campinas (SP) \u2013 20h\u00a0<\/em><\/strong><\/p>\n<p style=\"text-align: center\"><strong><em>Card oficial (sujeito a altera\u00e7\u00f5es)<\/em><\/strong><\/p>\n<p style=\"text-align: center\"><strong><em>\u00a0<\/em><\/strong><\/p>\n<p style=\"text-align: center\"><strong><em>Roberto Neves\u00a0&#8220;Facada&#8221; (Team Nogueira) x\u00a0Handesson &#8220;Boy Doido&#8221; Ferreira (Kimura\/ Nova Uni\u00e3o)\u00a0&#8211; disputa do cintur\u00e3o interino dos meio-m\u00e9dios (77kg)<\/em><\/strong><\/p>\n<p style=\"text-align: center\"><strong><em>\u00a0<\/em><\/strong><\/p>\n<p style=\"text-align: center\"><strong><em>Wagner Caldeir\u00e3o (Team Nogueira) x Fabiano &#8220;Binho&#8221; Rodrigues (Bronx Gold Team) &#8211; disputa de cintur\u00e3o dos meio-pesados (93kg)<\/em><\/strong><\/p>\n<p style=\"text-align: center\">\n<strong><em>Matheus Serafim (Barbosa JJ) x Adrianinho Sena (Coliz\u00e3o\u00a0Fight\u00a0Team)- at\u00e9 (84kg)<\/em><\/strong><\/p>\n<p style=\"text-align: center\">\n<strong><em>Cassiano Tytschyo (Chute Boxe) x Daniel Ogro (Pitbull Fighters\/ Forja V2) &#8211; at\u00e9 (77kg)<\/em><\/strong><\/p>\n<p style=\"text-align: center\">\n<strong><em>Daniel Caporossi (Tozi) x Murilo Trevisan (Sanda One\/ CT Arena) &#8211; at\u00e9 (77kg)<\/em><\/strong><\/p>\n<p style=\"text-align: center\">\n<strong><em>Felipe Kaz\u00fa (Team Nogueira Campinas) x F\u00e1bio Assis (Ching-Wu Wushu) &#8211; at\u00e9 (70kg)<\/em><\/strong><\/p>\n<p style=\"text-align: center\">\n<strong><em>Ozias Bull Terrier (Pitbull Fighters\/ Forja V2) x Bruno &#8220;Pitbull&#8221; Almeida (Nakahara Team) &#8211; at\u00e9 (61kg)<\/em><\/strong><\/p>\n<p style=\"text-align: center\">\n<strong><em>Bruna Ellen (Team Nogueira Campinas) x Elen &#8220;Wonder Woman&#8221; Torres (Marcelo Costa Team) &#8211; at\u00e9 (52kg)\u00a0<\/em><\/strong><\/p>\n<p style=\"text-align: center\"><strong><em>\u00a0<\/em><\/strong><\/p>\n<p style=\"text-align: center\"><strong><em>Rafael Moura (Ching-Wu Wushu)\u00a0x Eduardo Cesar (K1\u00a0Fight\u00a0World) &#8211; at\u00e9 (70kg)<\/em><\/strong><\/p>\n<p style=\"text-align: center\">\n<strong><em>Clesio Caveirinha (Garras de Tigre) x Diogo Hannibal (Team Nogueira Campinas) &#8211; (61kg)<\/em><\/strong><\/p>\n<p style=\"text-align: center\">\n<strong><em>Wellington Turman (Gile Ribeiro) x Ewerton Ferreira (RETZ) &#8211; at\u00e9 (77kg)<\/em><\/strong><\/p>\n<\/div>\n","protected":false},"excerpt":{"rendered":"<p>&nbsp; Realizada na noite desta sexta-feira (27), no Hotel Cambu\u00ed Residence, em Campinas (SP), a pesagem oficial da 14\u00aa edi\u00e7\u00e3o do Max Fight foi o <a class=\"read-more\" href=\"https:\/\/blogs.gazetaesportiva.com\/planeta-octogono\/2015\/03\/28\/max-fight-retorna-neste-sabado-com-edicao-em-campinas\/\">leia mais<\/a><\/p>\n","protected":false},"author":33,"featured_media":16791,"comment_status":"open","ping_status":"open","sticky":false,"template":"","format":"standard","meta":{"jetpack_post_was_ever_published":false,"_jetpack_newsletter_access":"","_jetpack_dont_email_post_to_subs":false,"_jetpack_newsletter_tier_id":0,"_jetpack_memberships_contains_paywalled_content":false,"_jetpack_memberships_contains_paid_content":false,"footnotes":"","jetpack_publicize_message":"","jetpack_publicize_feature_enabled":true,"jetpack_social_post_already_shared":false,"jetpack_social_options":{"image_generator_settings":{"template":"highway","default_image_id":0,"font":"","enabled":false},"version":2}},"categories":[1],"tags":[804],"class_list":["post-16789","post","type-post","status-publish","format-standard","has-post-thumbnail","hentry","category-principal","tag-max-fight"],"jetpack_publicize_connections":[],"jetpack_featured_media_url":"https:\/\/blogs.gazetaesportiva.com\/planeta-octogono\/files\/2015\/03\/maxfight2.jpg","jetpack_sharing_enabled":true,"jetpack_shortlink":"https:\/\/wp.me\/p6rqUQ-4mN","_links":{"self":[{"href":"https:\/\/blogs.gazetaesportiva.com\/planeta-octogono\/wp-json\/wp\/v2\/posts\/16789","targetHints":{"allow":["GET"]}}],"collection":[{"href":"https:\/\/blogs.gazetaesportiva.com\/planeta-octogono\/wp-json\/wp\/v2\/posts"}],"about":[{"href":"https:\/\/blogs.gazetaesportiva.com\/planeta-octogono\/wp-json\/wp\/v2\/types\/post"}],"author":[{"embeddable":true,"href":"https:\/\/blogs.gazetaesportiva.com\/planeta-octogono\/wp-json\/wp\/v2\/users\/33"}],"replies":[{"embeddable":true,"href":"https:\/\/blogs.gazetaesportiva.com\/planeta-octogono\/wp-json\/wp\/v2\/comments?post=16789"}],"version-history":[{"count":0,"href":"https:\/\/blogs.gazetaesportiva.com\/planeta-octogono\/wp-json\/wp\/v2\/posts\/16789\/revisions"}],"wp:featuredmedia":[{"embeddable":true,"href":"https:\/\/blogs.gazetaesportiva.com\/planeta-octogono\/wp-json\/wp\/v2\/media\/16791"}],"wp:attachment":[{"href":"https:\/\/blogs.gazetaesportiva.com\/planeta-octogono\/wp-json\/wp\/v2\/media?parent=16789"}],"wp:term":[{"taxonomy":"category","embeddable":true,"href":"https:\/\/blogs.gazetaesportiva.com\/planeta-octogono\/wp-json\/wp\/v2\/categories?post=16789"},{"taxonomy":"post_tag","embeddable":true,"href":"https:\/\/blogs.gazetaesportiva.com\/planeta-octogono\/wp-json\/wp\/v2\/tags?post=16789"}],"curies":[{"name":"wp","href":"https:\/\/api.w.org\/{rel}","templated":true}]}}