{"id":16782,"date":"2015-03-27T00:14:34","date_gmt":"2015-03-27T03:14:34","guid":{"rendered":"https:\/\/blogs.gazetaesportiva.com\/planeta-octogono\/?p=16782"},"modified":"2015-03-27T04:50:33","modified_gmt":"2015-03-27T07:50:33","slug":"seminario-anderson-silva-smash-rio","status":"publish","type":"post","link":"https:\/\/blogs.gazetaesportiva.com\/planeta-octogono\/2015\/03\/27\/seminario-anderson-silva-smash-rio\/","title":{"rendered":"Anderson Silva realiza semin\u00e1rio no Rio de Janeiro e ensina t\u00e9cnicas para f\u00e3s"},"content":{"rendered":"<figure id=\"attachment_16787\" aria-describedby=\"caption-attachment-16787\" style=\"width: 639px\" class=\"wp-caption aligncenter\"><a href=\"https:\/\/blogs.gazetaesportiva.com\/planeta-octogono\/files\/2015\/03\/andersoncarol.jpg\"><img loading=\"lazy\" decoding=\"async\" class=\"size-full wp-image-16787\" alt=\"Spider realiza semin\u00e1rio no Rio - Ana Carolina\/Gazeta Press\" src=\"https:\/\/blogs.gazetaesportiva.com\/planeta-octogono\/files\/2015\/03\/andersoncarol.jpg\" width=\"639\" height=\"596\" \/><\/a><figcaption id=\"caption-attachment-16787\" class=\"wp-caption-text\"><strong><em>Spider realiza semin\u00e1rio no Rio &#8211; Ana Carolina\/Gazeta Press<\/em><\/strong><\/figcaption><\/figure>\n<p>&nbsp;<\/p>\n<p>Nesta \u00faltima quinta feira, o \u00eddolo brasileiro do MMA, Anderson Silva realizou um semin\u00e1rio para f\u00e3s no Rio de Janeiro.<\/p>\n<p>Ensinando t\u00e9cnicas que o tornaram um dos maiores nomes de todos os tempos no esporte, o lutador encontrou cerca de 400 f\u00e3s em um semin\u00e1rio exclusivo promovido (chamado Smash Fan Experience) pelo evento Smash Fight.<\/p>\n<p>Foi a primeira apari\u00e7\u00e3o p\u00fablica de Spider no Brasil, ap\u00f3s a divulga\u00e7\u00e3o dos exames antidoping positivos do atleta no UFC 183.<\/p>\n<p>O lutador que pediu adiamento para se defender, deve ser julgado no dia 9 de abril e falhou em dois testes, um antes e outro ap\u00f3s o evento.<\/p>\n<p>&nbsp;<\/p>\n<figure id=\"attachment_16785\" aria-describedby=\"caption-attachment-16785\" style=\"width: 300px\" class=\"wp-caption alignleft\"><a href=\"https:\/\/blogs.gazetaesportiva.com\/planeta-octogono\/files\/2015\/03\/conormoney.jpg\"><img loading=\"lazy\" decoding=\"async\" class=\" wp-image-16785 \" alt=\"Lutador volta a chamar aten\u00e7\u00e3o do p\u00fablico com foto pol\u00eamica - Reprodu\u00e7\u00e3o\" src=\"https:\/\/blogs.gazetaesportiva.com\/planeta-octogono\/files\/2015\/03\/conormoney.jpg\" width=\"300\" height=\"300\" \/><\/a><figcaption id=\"caption-attachment-16785\" class=\"wp-caption-text\"><strong><em>Lutador volta a chamar aten\u00e7\u00e3o do p\u00fablico com foto pol\u00eamica &#8211; Reprodu\u00e7\u00e3o<\/em><\/strong><\/figcaption><\/figure>\n<p><strong><em>McGregor imita Mayweather<\/em> <\/strong>&#8211; O pr\u00f3ximo oponente de Jos\u00e9 Aldo, o irland\u00eas Conor McGregor voltou a chamar a aten\u00e7\u00e3o do p\u00fablico.<\/p>\n<p>Na noite desta quinta feira, McGregor postou uma foto pol\u00eamica junto de seu treinador nas redes sociais.<\/p>\n<p>Imitando uma famosa atitude do lutador de boxe, Floyd Mayweather, Conor posou com uma grande quantidade de dinheiro.<\/p>\n<p>&#8220;Este \u00e9 o lucro desta semana.&#8221; disparou o lutador que no dia 11 de julho enfrenta Aldo pelo cintur\u00e3o peso pena do UFC.<\/p>\n<p>&nbsp;<\/p>\n<figure id=\"attachment_16132\" aria-describedby=\"caption-attachment-16132\" style=\"width: 300px\" class=\"wp-caption alignright\"><a href=\"https:\/\/blogs.gazetaesportiva.com\/planeta-octogono\/files\/2015\/01\/ufc186.jpg\"><img loading=\"lazy\" decoding=\"async\" class=\" wp-image-16132 \" alt=\"Dillashaw tem luta com Bar\u00e3o no Canad\u00e1 cancelada devido les\u00e3o- Divulga\u00e7\u00e3o\" src=\"https:\/\/blogs.gazetaesportiva.com\/planeta-octogono\/files\/2015\/01\/ufc186.jpg\" width=\"300\" height=\"300\" \/><\/a><figcaption id=\"caption-attachment-16132\" class=\"wp-caption-text\"><strong><em>Dillashaw tem luta com Bar\u00e3o no Canad\u00e1 cancelada devido les\u00e3o- Divulga\u00e7\u00e3o<\/em><\/strong><\/figcaption><\/figure>\n<p><strong><em>Novas les\u00f5es trazem problemas para o UFC, Dillashaw e Cl\u00e1udia Gadelha se machucam<\/em><\/strong> &#8211; A mar\u00e9 de les\u00f5es volta a assombrar o UFC.<\/p>\n<p>Depois de ver o americano Chris Weidman se lesionar e ter a luta contra Vitor Belfort adiada para maio, desta vez \u00e9 TJ Dillashaw que se lesionou.<\/p>\n<p>A revela\u00e7\u00e3o foi feita nesta semana pelo Presidente Dana White, em um programa de r\u00e1dio nos Estados Unidos.<\/p>\n<p>Com uma les\u00e3o parecida com a de Weidman, Dillashaw tamb\u00e9m lesionou a costela e seu combate com Renan Bar\u00e3o pelo cintur\u00e3o peso galo foi cancelado.<\/p>\n<p>O UFC mostrou o Presidente Dana White comunicando a Andr\u00e9 Pederneiras, treinador e empres\u00e1rio de Bar\u00e3o acerca da les\u00e3o e prometeu resolver o problema.<\/p>\n<p>[yframe url=&#8217;www.youtube.com\/watch?v=TFa5NC4lbqI&#8217;]<\/p>\n<p>Al\u00e9m de TJ, a brasileira Claudinha Gadelha tamb\u00e9m est\u00e1 fora de a\u00e7\u00e3o.<\/p>\n<p>Com problemas nas costas, a lutadora anunciou atrav\u00e9s de suas redes sociais, que n\u00e3o vai lutar no UFC Pol\u00f4nia neste m\u00eas de abril.<\/p>\n<figure id=\"attachment_13553\" aria-describedby=\"caption-attachment-13553\" style=\"width: 600px\" class=\"wp-caption aligncenter\"><a href=\"https:\/\/blogs.gazetaesportiva.com\/planeta-octogono\/files\/2014\/07\/IMG_20140718_003911.jpg\"><img loading=\"lazy\" decoding=\"async\" class=\" wp-image-13553 \" alt=\"Cl\u00e1udia Gadelha se lesiona e n\u00e3o luta em abril - Divulga\u00e7\u00e3o UFC\/Josh Hedges\" src=\"https:\/\/blogs.gazetaesportiva.com\/planeta-octogono\/files\/2014\/07\/IMG_20140718_003911.jpg\" width=\"600\" height=\"600\" \/><\/a><figcaption id=\"caption-attachment-13553\" class=\"wp-caption-text\"><strong><em>Cl\u00e1udia Gadelha se lesiona e n\u00e3o luta em abril &#8211; Divulga\u00e7\u00e3o UFC\/Josh Hedges<\/em><\/strong><\/figcaption><\/figure>\n","protected":false},"excerpt":{"rendered":"<p>&nbsp; Nesta \u00faltima quinta feira, o \u00eddolo brasileiro do MMA, Anderson Silva realizou um semin\u00e1rio para f\u00e3s no Rio de Janeiro. Ensinando t\u00e9cnicas que o <a class=\"read-more\" href=\"https:\/\/blogs.gazetaesportiva.com\/planeta-octogono\/2015\/03\/27\/seminario-anderson-silva-smash-rio\/\">leia mais<\/a><\/p>\n","protected":false},"author":33,"featured_media":16785,"comment_status":"open","ping_status":"open","sticky":false,"template":"","format":"standard","meta":{"jetpack_post_was_ever_published":false,"_jetpack_newsletter_access":"","_jetpack_dont_email_post_to_subs":false,"_jetpack_newsletter_tier_id":0,"_jetpack_memberships_contains_paywalled_content":false,"_jetpack_memberships_contains_paid_content":false,"footnotes":"","jetpack_publicize_message":"","jetpack_publicize_feature_enabled":true,"jetpack_social_post_already_shared":false,"jetpack_social_options":{"image_generator_settings":{"template":"highway","default_image_id":0,"font":"","enabled":false},"version":2}},"categories":[1],"tags":[22,212,614,111,12,15,535,703],"class_list":["post-16782","post","type-post","status-publish","format-standard","has-post-thumbnail","hentry","category-principal","tag-anderson-silva","tag-claudia-gadelha","tag-conor-mcgregor","tag-dana-white","tag-jose-aldo","tag-renan-barao","tag-smash-fight","tag-tj-dillashaw"],"jetpack_publicize_connections":[],"jetpack_featured_media_url":"https:\/\/blogs.gazetaesportiva.com\/planeta-octogono\/files\/2015\/03\/conormoney.jpg","jetpack_sharing_enabled":true,"jetpack_shortlink":"https:\/\/wp.me\/p6rqUQ-4mG","_links":{"self":[{"href":"https:\/\/blogs.gazetaesportiva.com\/planeta-octogono\/wp-json\/wp\/v2\/posts\/16782","targetHints":{"allow":["GET"]}}],"collection":[{"href":"https:\/\/blogs.gazetaesportiva.com\/planeta-octogono\/wp-json\/wp\/v2\/posts"}],"about":[{"href":"https:\/\/blogs.gazetaesportiva.com\/planeta-octogono\/wp-json\/wp\/v2\/types\/post"}],"author":[{"embeddable":true,"href":"https:\/\/blogs.gazetaesportiva.com\/planeta-octogono\/wp-json\/wp\/v2\/users\/33"}],"replies":[{"embeddable":true,"href":"https:\/\/blogs.gazetaesportiva.com\/planeta-octogono\/wp-json\/wp\/v2\/comments?post=16782"}],"version-history":[{"count":0,"href":"https:\/\/blogs.gazetaesportiva.com\/planeta-octogono\/wp-json\/wp\/v2\/posts\/16782\/revisions"}],"wp:featuredmedia":[{"embeddable":true,"href":"https:\/\/blogs.gazetaesportiva.com\/planeta-octogono\/wp-json\/wp\/v2\/media\/16785"}],"wp:attachment":[{"href":"https:\/\/blogs.gazetaesportiva.com\/planeta-octogono\/wp-json\/wp\/v2\/media?parent=16782"}],"wp:term":[{"taxonomy":"category","embeddable":true,"href":"https:\/\/blogs.gazetaesportiva.com\/planeta-octogono\/wp-json\/wp\/v2\/categories?post=16782"},{"taxonomy":"post_tag","embeddable":true,"href":"https:\/\/blogs.gazetaesportiva.com\/planeta-octogono\/wp-json\/wp\/v2\/tags?post=16782"}],"curies":[{"name":"wp","href":"https:\/\/api.w.org\/{rel}","templated":true}]}}