{"id":16779,"date":"2015-03-26T20:26:30","date_gmt":"2015-03-26T23:26:30","guid":{"rendered":"https:\/\/blogs.gazetaesportiva.com\/planeta-octogono\/?p=16779"},"modified":"2015-03-26T20:26:30","modified_gmt":"2015-03-26T23:26:30","slug":"em-novos-videos-de-bastidores-jose-aldo-recebe-apoio-de-thiago-silva-voce-tem-que-acabar-com-esse-cara","status":"publish","type":"post","link":"https:\/\/blogs.gazetaesportiva.com\/planeta-octogono\/2015\/03\/26\/em-novos-videos-de-bastidores-jose-aldo-recebe-apoio-de-thiago-silva-voce-tem-que-acabar-com-esse-cara\/","title":{"rendered":"Em novos v\u00eddeos de bastidores, Jos\u00e9 Aldo recebe apoio de Thiago Silva: Voc\u00ea tem que acabar com esse cara!"},"content":{"rendered":"<figure id=\"attachment_16712\" aria-describedby=\"caption-attachment-16712\" style=\"width: 695px\" class=\"wp-caption aligncenter\"><a href=\"https:\/\/blogs.gazetaesportiva.com\/planeta-octogono\/files\/2015\/03\/1532079_1019101844784397_7899370004311585566_o.jpg\"><img loading=\"lazy\" decoding=\"async\" class=\"size-full wp-image-16712\" alt=\"Aldo e Conor continuam com o Tour Mundial - Ana Carolina\/Gazeta Press\" src=\"https:\/\/blogs.gazetaesportiva.com\/planeta-octogono\/files\/2015\/03\/1532079_1019101844784397_7899370004311585566_o.jpg\" width=\"695\" height=\"463\" \/><\/a><figcaption id=\"caption-attachment-16712\" class=\"wp-caption-text\"><strong><em>Aldo e Conor continuam com o Tour Mundial &#8211; Ana Carolina\/Gazeta Press<\/em><\/strong><\/figcaption><\/figure>\n<p>&nbsp;<\/p>\n<p>O UFC continua realizando seu Tour Mundial para divulga\u00e7\u00e3o da edi\u00e7\u00e3o 189, que acontece no dia 11 de julho.<\/p>\n<p>Visitando as cidades de Los Angeles, Boston e Las Vegas, os lutadores Conor McGregor e o atual campe\u00e3o peso pena do Ultimate, Jos\u00e9 Aldo, trabalharam bastante.<\/p>\n<p>Nos v\u00eddeos, o UFC mostrou os bastidores da grava\u00e7\u00e3o do trailer e poster oficial do evento que vai ser divulgado em breve.<\/p>\n<p>Al\u00e9m disso, os atletas visitaram a prefeitura de Las Vegas e foram recebidos pela prefeita da cidade, al\u00e9m de participar de diversos programas de TV e r\u00e1dio.<\/p>\n<p>Antes de gravarem uma participa\u00e7\u00e3o no canal americano FOX, Aldo conversou com o zagueiro do PSG, Thiago Silva, que mandou uma mensagem de incentivo ao lutador.<\/p>\n<p>&#8220;Voc\u00ea precisa acabar com esse cara. Ele tem que cair para nunca mais levantar, esse f&#8230;&#8221; disparou o zagueiro.<\/p>\n<p>No mesmo dia, Conor ousou e pegou por instantes, o cintur\u00e3o de Aldo e provocou mais uma vez o lutador brasileiro que n\u00e3o se intimidou.<\/p>\n<p>Al\u00e9m de Los Angeles, Boston e Vegas, o UFC tamb\u00e9m visita Nova York, Londres e Dublin para finalizar o Tour.<\/p>\n<p>Os atletas voltaram a se encarar na cidade de Boston para del\u00edrio dos f\u00e3s presentes.<\/p>\n<p>&nbsp;<\/p>\n<p>[yframe url=&#8217;www.youtube.com\/watch?v=TFa5NC4lbqI&#8217;]<\/p>\n<p>[yframe url=&#8217;www.youtube.com\/watch?v=XB2J1CCSwvw&#8217;]<\/p>\n<p>[yframe url=&#8217;www.youtube.com\/watch?v=0t3mEvUWvic&#8217;]<\/p>\n<p>[yframe url=&#8217;www.youtube.com\/watch?v=aCAwONhuZTQ&#8217;]<\/p>\n<p>[yframe url=&#8217;www.youtube.com\/watch?v=UPDCbCsCvWY&#8217;]<\/p>\n","protected":false},"excerpt":{"rendered":"<p>&nbsp; O UFC continua realizando seu Tour Mundial para divulga\u00e7\u00e3o da edi\u00e7\u00e3o 189, que acontece no dia 11 de julho. Visitando as cidades de Los <a class=\"read-more\" href=\"https:\/\/blogs.gazetaesportiva.com\/planeta-octogono\/2015\/03\/26\/em-novos-videos-de-bastidores-jose-aldo-recebe-apoio-de-thiago-silva-voce-tem-que-acabar-com-esse-cara\/\">leia mais<\/a><\/p>\n","protected":false},"author":33,"featured_media":0,"comment_status":"open","ping_status":"open","sticky":false,"template":"","format":"standard","meta":{"jetpack_post_was_ever_published":false,"_jetpack_newsletter_access":"","_jetpack_dont_email_post_to_subs":false,"_jetpack_newsletter_tier_id":0,"_jetpack_memberships_contains_paywalled_content":false,"_jetpack_memberships_contains_paid_content":false,"footnotes":"","jetpack_publicize_message":"","jetpack_publicize_feature_enabled":true,"jetpack_social_post_already_shared":false,"jetpack_social_options":{"image_generator_settings":{"template":"highway","default_image_id":0,"font":"","enabled":false},"version":2}},"categories":[1],"tags":[614,12,721],"class_list":["post-16779","post","type-post","status-publish","format-standard","hentry","category-principal","tag-conor-mcgregor","tag-jose-aldo","tag-ufc-189"],"jetpack_publicize_connections":[],"jetpack_featured_media_url":"","jetpack_sharing_enabled":true,"jetpack_shortlink":"https:\/\/wp.me\/p6rqUQ-4mD","_links":{"self":[{"href":"https:\/\/blogs.gazetaesportiva.com\/planeta-octogono\/wp-json\/wp\/v2\/posts\/16779","targetHints":{"allow":["GET"]}}],"collection":[{"href":"https:\/\/blogs.gazetaesportiva.com\/planeta-octogono\/wp-json\/wp\/v2\/posts"}],"about":[{"href":"https:\/\/blogs.gazetaesportiva.com\/planeta-octogono\/wp-json\/wp\/v2\/types\/post"}],"author":[{"embeddable":true,"href":"https:\/\/blogs.gazetaesportiva.com\/planeta-octogono\/wp-json\/wp\/v2\/users\/33"}],"replies":[{"embeddable":true,"href":"https:\/\/blogs.gazetaesportiva.com\/planeta-octogono\/wp-json\/wp\/v2\/comments?post=16779"}],"version-history":[{"count":0,"href":"https:\/\/blogs.gazetaesportiva.com\/planeta-octogono\/wp-json\/wp\/v2\/posts\/16779\/revisions"}],"wp:attachment":[{"href":"https:\/\/blogs.gazetaesportiva.com\/planeta-octogono\/wp-json\/wp\/v2\/media?parent=16779"}],"wp:term":[{"taxonomy":"category","embeddable":true,"href":"https:\/\/blogs.gazetaesportiva.com\/planeta-octogono\/wp-json\/wp\/v2\/categories?post=16779"},{"taxonomy":"post_tag","embeddable":true,"href":"https:\/\/blogs.gazetaesportiva.com\/planeta-octogono\/wp-json\/wp\/v2\/tags?post=16779"}],"curies":[{"name":"wp","href":"https:\/\/api.w.org\/{rel}","templated":true}]}}