{"id":16776,"date":"2015-03-26T20:14:05","date_gmt":"2015-03-26T23:14:05","guid":{"rendered":"https:\/\/blogs.gazetaesportiva.com\/planeta-octogono\/?p=16776"},"modified":"2015-03-26T20:14:05","modified_gmt":"2015-03-26T23:14:05","slug":"evento-paraense-coalizao-fight-realiza-edicao-para-revelar-novos-talentos-no-mma-nacional-neste-sabado","status":"publish","type":"post","link":"https:\/\/blogs.gazetaesportiva.com\/planeta-octogono\/2015\/03\/26\/evento-paraense-coalizao-fight-realiza-edicao-para-revelar-novos-talentos-no-mma-nacional-neste-sabado\/","title":{"rendered":"Evento paraense, Coaliz\u00e3o Fight realiza edi\u00e7\u00e3o para revelar novos talentos no MMA nacional neste s\u00e1bado"},"content":{"rendered":"<figure id=\"attachment_16777\" aria-describedby=\"caption-attachment-16777\" style=\"width: 476px\" class=\"wp-caption aligncenter\"><a href=\"https:\/\/blogs.gazetaesportiva.com\/planeta-octogono\/files\/2015\/03\/coaliz\u00e3o-fight.jpg\"><img loading=\"lazy\" decoding=\"async\" class=\"size-full wp-image-16777\" alt=\"Evento paraense realiza edi\u00e7\u00e3o em busca de novos talentos - Divulga\u00e7\u00e3o\" src=\"https:\/\/blogs.gazetaesportiva.com\/planeta-octogono\/files\/2015\/03\/coaliz\u00e3o-fight.jpg\" width=\"476\" height=\"695\" \/><\/a><figcaption id=\"caption-attachment-16777\" class=\"wp-caption-text\"><strong><em>Evento paraense realiza edi\u00e7\u00e3o em busca de novos talentos &#8211; Divulga\u00e7\u00e3o<\/em><\/strong><\/figcaption><\/figure>\n<p>&nbsp;<\/p>\n<p>O Coaliz\u00e3o Fight evento de MMA, que concorreu ao Pr\u00eamio Osvaldo Paquet\u00e1 (Oscar do MMA Nacional como evento revela\u00e7\u00e3o) ir\u00e1 realizar no pr\u00f3ximo dia 28 de mar\u00e7o em Bel\u00e9m a sua primeira edi\u00e7\u00e3o amadora.<\/p>\n<p>Com objetivo de relevar novos talentos paraenses para o esporte, a edi\u00e7\u00e3o ir\u00e1 acontecer no gin\u00e1sio da Escola Superior de Educa\u00e7\u00e3o F\u00edsica da cidade.<\/p>\n<p>O evento contar\u00e1 com 15 combates de MMA amador em todas as categorias.<\/p>\n<p>lngressos para o evento j\u00e1 est\u00e3o dispon\u00edvel nas academias Ulysses Pereira e Victoria Fitness com o valor de R$ 20,00 para arquibancada e R$ 40,00 para cadeira e mais 2 kg de alimento n\u00e3o perec\u00edvel que ser\u00e1 doado a Institui\u00e7\u00f5es de caridade em Bel\u00e9m.<\/p>\n<p style=\"text-align: center\">\n<p style=\"text-align: center\"><strong><em>Pontos de venda de ingressos<\/em><\/strong><\/p>\n<p style=\"text-align: center\"><strong><em>Academia Ulysses Pereira-Av. Visconde de Souza Franco, 320 \u2013 Reduto<\/em><\/strong><\/p>\n<p style=\"text-align: center\"><strong><em>(91) 3347-7029<\/em><\/strong><\/p>\n<p style=\"text-align: center\"><strong><em>Academia Vict\u00f3ria Fitness- Rua Bar\u00e3o de Igarap\u00e9 Mirim n\u00ba 379-Guam\u00e1<\/em><\/strong><\/p>\n<p style=\"text-align: center\"><strong><em>( 91)3269-5830<\/em><\/strong><\/p>\n<p style=\"text-align: center\"><strong><em>Coaliz\u00e3o Fight Amador<\/em><\/strong><\/p>\n<p style=\"text-align: center\"><strong><em>Data 28\/03\/15<\/em><\/strong><\/p>\n<p style=\"text-align: center\"><strong><em>Local Gin\u00e1sio da Escola Superior de Educa\u00e7\u00e3o F\u00edsica<\/em><\/strong><\/p>\n<p style=\"text-align: center\"><strong><em>Av.Jo\u00e3o Paulo II n\u00ba 817<\/em><\/strong><\/p>\n<p style=\"text-align: center\"><strong><em>Bel\u00e9m-PA<\/em><\/strong><\/p>\n<p style=\"text-align: center\"><strong><em>Hor\u00e1rio 15:00<\/em><\/strong><\/p>\n<p style=\"text-align: center\"><strong><em>01-Rodrigo \u201cUlha Ulha\u201d x Erivaldo Tavares<\/em><\/strong><br \/>\n<strong><em> 02-Willian Cabo Pena x Cristiano \u201cCaveir\u00e3o\u201d<\/em><\/strong><br \/>\n<strong><em> 03-Luis Araujo x Diego Maraj\u00f3<\/em><\/strong><br \/>\n<strong><em> 04-Marcelo Oliveira \u201cCapoeira\u201d x Cristiano Silva \u201cCavalo Louco\u201d<\/em><\/strong><br \/>\n<strong><em> 05- Webson Reis x Fabr\u00edcio Luis<\/em><\/strong><br \/>\n<strong><em> 06- Gabriel Restart x Manoel Neto \u201cPantera\u201d<\/em><\/strong><br \/>\n<strong><em> 07-R\u00f4mulo Botinho x Guilherme F\u00ealix<\/em><\/strong><br \/>\n<strong><em> 08-Geovane Farofa x Anderson C\u00e9sar<\/em><\/strong><br \/>\n<strong><em> 09-Alexandre Macaco x Andrew<\/em><\/strong><br \/>\n<strong><em> 10-Paulo Silva \u201cPaulinho\u201d x Vladimir Jr \u201cTripa\u201d<\/em><\/strong><br \/>\n<strong><em> 11-Lielson Costa x Raimundo Jr<\/em><\/strong><br \/>\n<strong><em> 12-Alessandro \u201cGato Magro\u201d x Eder Moreira<\/em><\/strong><br \/>\n<strong><em> 13-Wellyson Soares x Valdo Lobo<\/em><\/strong><br \/>\n<strong><em> 14-Reimilson Pereira x Willians Lobo<\/em><\/strong><br \/>\n<strong><em> 15-Rochinha Jr x Cristiano Sena<\/em><\/strong><\/p>\n","protected":false},"excerpt":{"rendered":"<p>&nbsp; O Coaliz\u00e3o Fight evento de MMA, que concorreu ao Pr\u00eamio Osvaldo Paquet\u00e1 (Oscar do MMA Nacional como evento revela\u00e7\u00e3o) ir\u00e1 realizar no pr\u00f3ximo dia <a class=\"read-more\" href=\"https:\/\/blogs.gazetaesportiva.com\/planeta-octogono\/2015\/03\/26\/evento-paraense-coalizao-fight-realiza-edicao-para-revelar-novos-talentos-no-mma-nacional-neste-sabado\/\">leia mais<\/a><\/p>\n","protected":false},"author":33,"featured_media":16777,"comment_status":"open","ping_status":"open","sticky":false,"template":"","format":"standard","meta":{"jetpack_post_was_ever_published":false,"_jetpack_newsletter_access":"","_jetpack_dont_email_post_to_subs":false,"_jetpack_newsletter_tier_id":0,"_jetpack_memberships_contains_paywalled_content":false,"_jetpack_memberships_contains_paid_content":false,"footnotes":"","jetpack_publicize_message":"","jetpack_publicize_feature_enabled":true,"jetpack_social_post_already_shared":false,"jetpack_social_options":{"image_generator_settings":{"template":"highway","default_image_id":0,"font":"","enabled":false},"version":2}},"categories":[1],"tags":[811],"class_list":["post-16776","post","type-post","status-publish","format-standard","has-post-thumbnail","hentry","category-principal","tag-coalizao-fight"],"jetpack_publicize_connections":[],"jetpack_featured_media_url":"https:\/\/blogs.gazetaesportiva.com\/planeta-octogono\/files\/2015\/03\/coaliz\u00e3o-fight.jpg","jetpack_sharing_enabled":true,"jetpack_shortlink":"https:\/\/wp.me\/p6rqUQ-4mA","_links":{"self":[{"href":"https:\/\/blogs.gazetaesportiva.com\/planeta-octogono\/wp-json\/wp\/v2\/posts\/16776","targetHints":{"allow":["GET"]}}],"collection":[{"href":"https:\/\/blogs.gazetaesportiva.com\/planeta-octogono\/wp-json\/wp\/v2\/posts"}],"about":[{"href":"https:\/\/blogs.gazetaesportiva.com\/planeta-octogono\/wp-json\/wp\/v2\/types\/post"}],"author":[{"embeddable":true,"href":"https:\/\/blogs.gazetaesportiva.com\/planeta-octogono\/wp-json\/wp\/v2\/users\/33"}],"replies":[{"embeddable":true,"href":"https:\/\/blogs.gazetaesportiva.com\/planeta-octogono\/wp-json\/wp\/v2\/comments?post=16776"}],"version-history":[{"count":0,"href":"https:\/\/blogs.gazetaesportiva.com\/planeta-octogono\/wp-json\/wp\/v2\/posts\/16776\/revisions"}],"wp:featuredmedia":[{"embeddable":true,"href":"https:\/\/blogs.gazetaesportiva.com\/planeta-octogono\/wp-json\/wp\/v2\/media\/16777"}],"wp:attachment":[{"href":"https:\/\/blogs.gazetaesportiva.com\/planeta-octogono\/wp-json\/wp\/v2\/media?parent=16776"}],"wp:term":[{"taxonomy":"category","embeddable":true,"href":"https:\/\/blogs.gazetaesportiva.com\/planeta-octogono\/wp-json\/wp\/v2\/categories?post=16776"},{"taxonomy":"post_tag","embeddable":true,"href":"https:\/\/blogs.gazetaesportiva.com\/planeta-octogono\/wp-json\/wp\/v2\/tags?post=16776"}],"curies":[{"name":"wp","href":"https:\/\/api.w.org\/{rel}","templated":true}]}}