{"id":16773,"date":"2015-03-26T20:08:04","date_gmt":"2015-03-26T23:08:04","guid":{"rendered":"https:\/\/blogs.gazetaesportiva.com\/planeta-octogono\/?p=16773"},"modified":"2015-03-26T20:08:04","modified_gmt":"2015-03-26T23:08:04","slug":"jungle-fight-e-adiado-devido-a-problemas-burocraticos-e-realiza-evento-em-itu-no-mes-de-abril","status":"publish","type":"post","link":"https:\/\/blogs.gazetaesportiva.com\/planeta-octogono\/2015\/03\/26\/jungle-fight-e-adiado-devido-a-problemas-burocraticos-e-realiza-evento-em-itu-no-mes-de-abril\/","title":{"rendered":"Jungle Fight \u00e9 adiado devido a problemas burocr\u00e1ticos e realiza evento em Itu no m\u00eas de abril"},"content":{"rendered":"<figure id=\"attachment_16774\" aria-describedby=\"caption-attachment-16774\" style=\"width: 695px\" class=\"wp-caption aligncenter\"><a href=\"https:\/\/blogs.gazetaesportiva.com\/planeta-octogono\/files\/2015\/03\/jungle-itu.jpg\"><img loading=\"lazy\" decoding=\"async\" class=\"size-full wp-image-16774\" alt=\"Evento muda de sede ap\u00f3s problemas burocr\u00e1ticos - Divulga\u00e7\u00e3o\" src=\"https:\/\/blogs.gazetaesportiva.com\/planeta-octogono\/files\/2015\/03\/jungle-itu.jpg\" width=\"695\" height=\"463\" \/><\/a><figcaption id=\"caption-attachment-16774\" class=\"wp-caption-text\"><strong><em>Evento muda de sede ap\u00f3s problemas burocr\u00e1ticos &#8211; Divulga\u00e7\u00e3o<\/em><\/strong><\/figcaption><\/figure>\n<p>O Jungle Fight 76 est\u00e1 confirmado para o dia 11 de abril, no gin\u00e1sio Municipal Prudente de Moraes, em Itu, S\u00e3o Paulo. O evento havia sido marcado, anteriormente, para o gin\u00e1sio do Canind\u00e9, na capital paulista, no entanto, a organiza\u00e7\u00e3o n\u00e3o recebeu do clube o Auto de Vistoria do Corpo de Bombeiros de 2015, que viabilizaria a realiza\u00e7\u00e3o das lutas no local e optou pela mudan\u00e7a.<\/p>\n<p>Essa ser\u00e1 a terceira vez que a cidade receber\u00e1 o maior evento de MMA da Am\u00e9rica Latina. A \u00faltima delas foi em maio de 2014, e ficou marcada pela vit\u00f3ria avassaladora de Nildo Katchal sobre o at\u00e9 ent\u00e3o campe\u00e3o dos pesos-moscas (at\u00e9 57kg) Rayner Silva.<\/p>\n<p>&#8220;Vamos repetir o sucesso da \u00faltima vez que estivemos em Itu, quando lotamos os hot\u00e9is da cidade e, tamb\u00e9m, o gin\u00e1sio. Foi uma festa muito bonita. Dessa vez, n\u00e3o vai ser diferente, ainda mais que o card est\u00e1 especial. Costumam dizer que Itu \u00e9 a cidade onde tudo \u00e9 grande, ent\u00e3o vamos para o lugar certo&#8221;, declarou Wallid Ismail, ex-atleta e presidente do evento.<\/p>\n<p>O prefeito Antonio Tu\u00edze destacou a import\u00e2ncia de mais uma edi\u00e7\u00e3o do Jungle Fight em Itu. Segundo ele, o evento j\u00e1 faz parte do calend\u00e1rio oficial da cidade e caiu no gosto da popula\u00e7\u00e3o local.<\/p>\n<p>&#8220;Um evento deste porte coloca a cidade e os atletas ituanos em evid\u00eancia no Brasil e no mundo. Para Itu, conhecida nacional e internacionalmente como a &#8220;Cidade dos Exageros&#8221;, receber por mais um ano o Jungle Fight, considerado o maior evento de MMA da Am\u00e9rica Latina, \u00e9 sempre uma honra. O Jungle faz parte do calend\u00e1rio oficial de eventos municipais e j\u00e1 se tornou uma tradi\u00e7\u00e3o para os ituanos amantes das artes marciais&#8221;, comemorou o prefeito.<\/p>\n<p>Ao todo, o Jungle Fight 76 ter\u00e1 tr\u00eas disputas de cintur\u00f5es: Bruno Lopes e Jos\u00e9 Diaz &#8220;Suavecito&#8221; fazem o duelo principal, valendo o t\u00edtulo dos meio-m\u00e9dios (at\u00e9 77kg), vago ap\u00f3s a sa\u00edda do campe\u00e3o Elizeu Capoeira para o UFC. No co-evento da noite, Ericka Almeida defende o cintur\u00e3o peso-palha feminino (at\u00e9 52kg), contra a chilena Jennifer Gonzales, e, no terceiro combate de peso, Jonas Bilharinho e Fabiano Soldado se enfrentam valendo o posto de campe\u00e3o dos pesos-penas (at\u00e9 66kg).<\/p>\n<p>O evento est\u00e1 previsto para come\u00e7ar \u00e0s 22:00h, com o card do Jungle Comunidade, que abrir\u00e1 a noite com quatro combates entre lutadores de comunidades de S\u00e3o Paulo. At\u00e9 o momento, nove lutas est\u00e3o confirmadas no card. Confira o servi\u00e7o completo abaixo:<\/p>\n<p style=\"text-align: center\"><strong><em>JUNGLE FIGHT 76<\/em><\/strong><br \/>\n<strong><em> Data: 11 de abril de 2015<\/em><\/strong><br \/>\n<strong><em> Hor\u00e1rio: 22:00h (de Bras\u00edlia)<\/em><\/strong><br \/>\n<strong><em> Local: Gin\u00e1sio Municipal Prudente de Moraes, Itu-SP<\/em><\/strong><\/p>\n<p style=\"text-align: center\"><strong><em>Bruno Lopes (011 Team) vs Jos\u00e9 &#8220;Suavecito&#8221;Dias (Cleber Jiu-Jitsu\/USA) &#8211; Cintur\u00e3o at\u00e9 77kg<\/em><\/strong><br \/>\n<strong><em> Erika Almeida (Herman Gutierrez Team) vs Jennifer Gonzales (Nigue Team\/Chile) &#8211; Cintur\u00e3o at\u00e9 52kg<\/em><\/strong><br \/>\n<strong><em> Jonas Bilharinho (Team Nogueira) vs Fabiano &#8220;Soldado&#8221; Fernandes (XGym) &#8211; Cintur\u00e3o at\u00e9 66 kg<\/em><\/strong><br \/>\n<strong><em> Alvaro Damian (Top Brothers\/Paraguay) vs Arthur Ribas (Marcelo Ribas\/Nova Uni\u00e3o) &#8211; 77kg<\/em><\/strong><br \/>\n<strong><em> Diego Barbosa (Team Nogueira ) vs Bruno Beirute (Bronx Gold Team) &#8211; 66kg<\/em><\/strong><br \/>\n<strong><em> Diego Paiva (Miguel RepanasTeam) vs Herbeth &#8220;\u00cdndio&#8221; Sousa (Constrictor Team) &#8211; 57kg<\/em><\/strong><\/p>\n<p style=\"text-align: center\"><strong><em>Jungle Comunidade:<\/em><\/strong><\/p>\n<p style=\"text-align: center\"><strong><em>Israel Ottoni (Famila Komodo ) X Leandro dos Santos (Pol\u00eamico Team) &#8211; 61 kg<\/em><\/strong><br \/>\n<strong><em> Danilo Alves (Berg Team) X Danilo Adrian (Colis\u00e3o Jiu Jitsu) &#8211; 57 kg<\/em><\/strong><br \/>\n<strong><em> Junior &#8220;Pica-Pau&#8221; Beguetto (Chute Boxe-Piraju ) X Wilian Kura\u00e7\u00e1 (Jovens de Honra) &#8211; 70kg<\/em><\/strong><\/p>\n","protected":false},"excerpt":{"rendered":"<p>O Jungle Fight 76 est\u00e1 confirmado para o dia 11 de abril, no gin\u00e1sio Municipal Prudente de Moraes, em Itu, S\u00e3o Paulo. O evento havia <a class=\"read-more\" href=\"https:\/\/blogs.gazetaesportiva.com\/planeta-octogono\/2015\/03\/26\/jungle-fight-e-adiado-devido-a-problemas-burocraticos-e-realiza-evento-em-itu-no-mes-de-abril\/\">leia mais<\/a><\/p>\n","protected":false},"author":33,"featured_media":16774,"comment_status":"open","ping_status":"open","sticky":false,"template":"","format":"standard","meta":{"jetpack_post_was_ever_published":false,"_jetpack_newsletter_access":"","_jetpack_dont_email_post_to_subs":false,"_jetpack_newsletter_tier_id":0,"_jetpack_memberships_contains_paywalled_content":false,"_jetpack_memberships_contains_paid_content":false,"footnotes":"","jetpack_publicize_message":"","jetpack_publicize_feature_enabled":true,"jetpack_social_post_already_shared":false,"jetpack_social_options":{"image_generator_settings":{"template":"highway","default_image_id":0,"font":"","enabled":false},"version":2}},"categories":[1],"tags":[810,51],"class_list":["post-16773","post","type-post","status-publish","format-standard","has-post-thumbnail","hentry","category-principal","tag-itu","tag-jungle-fight"],"jetpack_publicize_connections":[],"jetpack_featured_media_url":"https:\/\/blogs.gazetaesportiva.com\/planeta-octogono\/files\/2015\/03\/jungle-itu.jpg","jetpack_sharing_enabled":true,"jetpack_shortlink":"https:\/\/wp.me\/p6rqUQ-4mx","_links":{"self":[{"href":"https:\/\/blogs.gazetaesportiva.com\/planeta-octogono\/wp-json\/wp\/v2\/posts\/16773","targetHints":{"allow":["GET"]}}],"collection":[{"href":"https:\/\/blogs.gazetaesportiva.com\/planeta-octogono\/wp-json\/wp\/v2\/posts"}],"about":[{"href":"https:\/\/blogs.gazetaesportiva.com\/planeta-octogono\/wp-json\/wp\/v2\/types\/post"}],"author":[{"embeddable":true,"href":"https:\/\/blogs.gazetaesportiva.com\/planeta-octogono\/wp-json\/wp\/v2\/users\/33"}],"replies":[{"embeddable":true,"href":"https:\/\/blogs.gazetaesportiva.com\/planeta-octogono\/wp-json\/wp\/v2\/comments?post=16773"}],"version-history":[{"count":0,"href":"https:\/\/blogs.gazetaesportiva.com\/planeta-octogono\/wp-json\/wp\/v2\/posts\/16773\/revisions"}],"wp:featuredmedia":[{"embeddable":true,"href":"https:\/\/blogs.gazetaesportiva.com\/planeta-octogono\/wp-json\/wp\/v2\/media\/16774"}],"wp:attachment":[{"href":"https:\/\/blogs.gazetaesportiva.com\/planeta-octogono\/wp-json\/wp\/v2\/media?parent=16773"}],"wp:term":[{"taxonomy":"category","embeddable":true,"href":"https:\/\/blogs.gazetaesportiva.com\/planeta-octogono\/wp-json\/wp\/v2\/categories?post=16773"},{"taxonomy":"post_tag","embeddable":true,"href":"https:\/\/blogs.gazetaesportiva.com\/planeta-octogono\/wp-json\/wp\/v2\/tags?post=16773"}],"curies":[{"name":"wp","href":"https:\/\/api.w.org\/{rel}","templated":true}]}}