{"id":16769,"date":"2015-03-26T20:02:02","date_gmt":"2015-03-26T23:02:02","guid":{"rendered":"https:\/\/blogs.gazetaesportiva.com\/planeta-octogono\/?p=16769"},"modified":"2015-03-26T20:02:02","modified_gmt":"2015-03-26T23:02:02","slug":"vencedora-de-gp-do-xfc-poliana-botelho-e-recebida-com-carro-de-bombeiros-em-minas-gerais","status":"publish","type":"post","link":"https:\/\/blogs.gazetaesportiva.com\/planeta-octogono\/2015\/03\/26\/vencedora-de-gp-do-xfc-poliana-botelho-e-recebida-com-carro-de-bombeiros-em-minas-gerais\/","title":{"rendered":"Vencedora de GP do XFC, Poliana Botelho \u00e9 recebida com carro de bombeiros em Minas Gerais"},"content":{"rendered":"<figure id=\"attachment_16770\" aria-describedby=\"caption-attachment-16770\" style=\"width: 695px\" class=\"wp-caption aligncenter\"><a href=\"https:\/\/blogs.gazetaesportiva.com\/planeta-octogono\/files\/2015\/03\/polianavanessavieira.jpg\"><img loading=\"lazy\" decoding=\"async\" class=\" wp-image-16770 \" alt=\"Lutadora \u00e9 recebida com festa em Muria\u00e9 - Divulga\u00e7\u00e3o\/Vanessa Vieira\" src=\"https:\/\/blogs.gazetaesportiva.com\/planeta-octogono\/files\/2015\/03\/polianavanessavieira.jpg\" width=\"695\" height=\"455\" \/><\/a><figcaption id=\"caption-attachment-16770\" class=\"wp-caption-text\"><strong><em>Lutadora \u00e9 recebida com festa em Muria\u00e9 &#8211; Divulga\u00e7\u00e3o\/Vanessa Vieira<\/em><\/strong><\/figcaption><\/figure>\n<p>&nbsp;<\/p>\n<p>A festa da mineira Poliana Botelho come\u00e7ou na madrugada do dia 14 para o dia 15 de mar\u00e7o, quando, no XFCi 9, nocauteou no primeiro round a potiguar Ant\u00f4nia Silvaneide para conquistar o t\u00edtulo do torneio peso-mosca (at\u00e9 56,7kg) do XFC, e ainda n\u00e3o parou. Nesta semana, a celebra\u00e7\u00e3o continuou em grande estilo, com direito a desfile em carro de bombeiros que lotou as ruas de Muria\u00e9, sua cidade-natal, e placa recebida pela Prefeitura Municipal.<\/p>\n<p>Poliana Botelho foi a primeira atleta local a se destacar internacionalmente no esporte, e se tornou uma celebridade na cidade da Zona da Mata mineira, habitada por pouco mais de 100 mil pessoas. O festejo no carro de bombeiros passou pelo bairro da Barra e terminou no Centro Administrativo Municipal, onde a atleta recebeu nova homenagem, desta vez do prefeito, Aloyisio Aquino, e do secret\u00e1rio de Esporte e Lazer, Vander Gon\u00e7alves.<\/p>\n<p>&#8220;Fiquei muito feliz com as homenagens. Agrade\u00e7o muito a iniciativa da prefeitura e de todos. A cidade inteira parou, todo mundo comentou que foi o maior evento da cidade e eu me sinto muito honrada com isso. Quando eu sa\u00ed daqui, n\u00e3o imaginava que ia voltar um dia e ser recebida dessa forma. \u00c9 um reconhecimento porque fa\u00e7o certo, tudo do jeito que tem ser feito, e me dedico demais todos os dias para usufruir de momentos como esse&#8221;, vibra Poliana.<\/p>\n<p>A cidade de Muria\u00e9 passou a respirar MMA desde que Poliana Botelho estreou no XFC, em setembro do ano passado. No torneio, ela nocauteou a mexicana Karina Rodriguez no terceiro round, e avan\u00e7ou diretamente \u00e0 final depois que Taila Santos, sua advers\u00e1ria nas semis, n\u00e3o bateu o peso limite da categoria peso-mosca (56,7kg). Na decis\u00e3o, a popula\u00e7\u00e3o de sua cidade natal parou para assistir ao combate contra Silvaneide Marretinha, tamb\u00e9m vencido por nocaute, dessa vez no primeiro round. O ass\u00e9dio por conta disso surpreendeu Poliana.<\/p>\n<p>&#8220;N\u00e3o esperava que tanta gente tivesse visto a luta, v\u00e1rias pessoas me pararam na rua parabenizando e falando sobre o combate e isso \u00e9 muito gratificante. Meus amigos e familiares estavam todos aqui, desci do carro de Bombeiro, tirei foto com eles, \u00e9 muito bom saber que a cidade me abra\u00e7ou dessa forma. Agora quero manter esse ritmo, e ir em busca do cintur\u00e3o do XFC&#8221;, finaliza.<\/p>\n<p>Ostentando sua medalha de ouro maci\u00e7o, Poliana Botelho s\u00f3 pensa, neste momento, em descansar. Mas, em breve, retorna ao Rio de Janeiro para treinar na Nova Uni\u00e3o e se preparar para ser uma das principais candidatas \u00e0 disputa do cintur\u00e3o da categoria. &#8220;Quero enfrentar a argentina Silvana \u2018La Malvada\u2019 Juarez. Ela conquistou o primeiro GP e eu conquistei o segundo, ent\u00e3o penso que ser\u00e1 uma grande luta&#8221;, projeta.<\/p>\n","protected":false},"excerpt":{"rendered":"<p>&nbsp; A festa da mineira Poliana Botelho come\u00e7ou na madrugada do dia 14 para o dia 15 de mar\u00e7o, quando, no XFCi 9, nocauteou no <a class=\"read-more\" href=\"https:\/\/blogs.gazetaesportiva.com\/planeta-octogono\/2015\/03\/26\/vencedora-de-gp-do-xfc-poliana-botelho-e-recebida-com-carro-de-bombeiros-em-minas-gerais\/\">leia mais<\/a><\/p>\n","protected":false},"author":33,"featured_media":16770,"comment_status":"open","ping_status":"open","sticky":false,"template":"","format":"standard","meta":{"jetpack_post_was_ever_published":false,"_jetpack_newsletter_access":"","_jetpack_dont_email_post_to_subs":false,"_jetpack_newsletter_tier_id":0,"_jetpack_memberships_contains_paywalled_content":false,"_jetpack_memberships_contains_paid_content":false,"footnotes":"","jetpack_publicize_message":"","jetpack_publicize_feature_enabled":true,"jetpack_social_post_already_shared":false,"jetpack_social_options":{"image_generator_settings":{"template":"highway","default_image_id":0,"font":"","enabled":false},"version":2}},"categories":[1],"tags":[809,645],"class_list":["post-16769","post","type-post","status-publish","format-standard","has-post-thumbnail","hentry","category-principal","tag-poliana-botelho","tag-xfc"],"jetpack_publicize_connections":[],"jetpack_featured_media_url":"https:\/\/blogs.gazetaesportiva.com\/planeta-octogono\/files\/2015\/03\/polianavanessavieira.jpg","jetpack_sharing_enabled":true,"jetpack_shortlink":"https:\/\/wp.me\/p6rqUQ-4mt","_links":{"self":[{"href":"https:\/\/blogs.gazetaesportiva.com\/planeta-octogono\/wp-json\/wp\/v2\/posts\/16769","targetHints":{"allow":["GET"]}}],"collection":[{"href":"https:\/\/blogs.gazetaesportiva.com\/planeta-octogono\/wp-json\/wp\/v2\/posts"}],"about":[{"href":"https:\/\/blogs.gazetaesportiva.com\/planeta-octogono\/wp-json\/wp\/v2\/types\/post"}],"author":[{"embeddable":true,"href":"https:\/\/blogs.gazetaesportiva.com\/planeta-octogono\/wp-json\/wp\/v2\/users\/33"}],"replies":[{"embeddable":true,"href":"https:\/\/blogs.gazetaesportiva.com\/planeta-octogono\/wp-json\/wp\/v2\/comments?post=16769"}],"version-history":[{"count":0,"href":"https:\/\/blogs.gazetaesportiva.com\/planeta-octogono\/wp-json\/wp\/v2\/posts\/16769\/revisions"}],"wp:featuredmedia":[{"embeddable":true,"href":"https:\/\/blogs.gazetaesportiva.com\/planeta-octogono\/wp-json\/wp\/v2\/media\/16770"}],"wp:attachment":[{"href":"https:\/\/blogs.gazetaesportiva.com\/planeta-octogono\/wp-json\/wp\/v2\/media?parent=16769"}],"wp:term":[{"taxonomy":"category","embeddable":true,"href":"https:\/\/blogs.gazetaesportiva.com\/planeta-octogono\/wp-json\/wp\/v2\/categories?post=16769"},{"taxonomy":"post_tag","embeddable":true,"href":"https:\/\/blogs.gazetaesportiva.com\/planeta-octogono\/wp-json\/wp\/v2\/tags?post=16769"}],"curies":[{"name":"wp","href":"https:\/\/api.w.org\/{rel}","templated":true}]}}