{"id":16764,"date":"2015-03-24T09:34:44","date_gmt":"2015-03-24T12:34:44","guid":{"rendered":"https:\/\/blogs.gazetaesportiva.com\/planeta-octogono\/?p=16764"},"modified":"2015-03-24T11:22:07","modified_gmt":"2015-03-24T14:22:07","slug":"ufc-divulga-videos-de-bastidores-de-tour-e-jose-aldo-responde-provocacao-de-mcgregor-em-encarada-no-rio","status":"publish","type":"post","link":"https:\/\/blogs.gazetaesportiva.com\/planeta-octogono\/2015\/03\/24\/ufc-divulga-videos-de-bastidores-de-tour-e-jose-aldo-responde-provocacao-de-mcgregor-em-encarada-no-rio\/","title":{"rendered":"UFC divulga v\u00eddeos com bastidores de Tour e Jos\u00e9 Aldo responde provoca\u00e7\u00e3o de McGregor em encarada no Rio"},"content":{"rendered":"<figure id=\"attachment_16712\" aria-describedby=\"caption-attachment-16712\" style=\"width: 695px\" class=\"wp-caption aligncenter\"><a href=\"https:\/\/blogs.gazetaesportiva.com\/planeta-octogono\/files\/2015\/03\/1532079_1019101844784397_7899370004311585566_o.jpg\"><img loading=\"lazy\" decoding=\"async\" class=\"size-full wp-image-16712\" alt=\"Aldo e Conor se encaram pela primeira vez - Ana Carolina\/Gazeta Press\" src=\"https:\/\/blogs.gazetaesportiva.com\/planeta-octogono\/files\/2015\/03\/1532079_1019101844784397_7899370004311585566_o.jpg\" width=\"695\" height=\"463\" \/><\/a><figcaption id=\"caption-attachment-16712\" class=\"wp-caption-text\"><strong><em>Aldo e Conor se encaram pela primeira vez &#8211; Ana Carolina\/Gazeta Press<\/em><\/strong><\/figcaption><\/figure>\n<p>&nbsp;<\/p>\n<p>O UFC divulgou os dois primeiros v\u00eddeos dos bastidores do Tour Mundial para promo\u00e7\u00e3o da edi\u00e7\u00e3o 189, que acontece no dia 11 de julho em Las Vegas.<\/p>\n<p>Ap\u00f3s uma passagem r\u00e1pida pelo Rio de Janeiro, Jos\u00e9 Aldo, campe\u00e3o dos penas da organiza\u00e7\u00e3o encarou pela primeira vez o desafiante irland\u00eas, Conor McGregor.<\/p>\n<p>Em um dos v\u00eddeos, o evento mostrou a provoca\u00e7\u00e3o de McGregor sobre Aldo durante a encarada.<\/p>\n<p>&#8220;Olhe nos meus olhos, pequeno homem, pequeno brasileiro. Os olhos n\u00e3o mentem. O que voc\u00ea vai dizer agora? Voc\u00ea n\u00e3o fala nada.&#8221; disparou McGregor no v\u00eddeo.<\/p>\n<p>[yframe url=&#8217;www.youtube.com\/watch?v=A0UFUhsSsXU&#8217;]<\/p>\n<p>Aldo comentou ap\u00f3s a encarada que estaria furioso com Conor, por\u00e9m somente explicou com detalhes no segundo dia de divulga\u00e7\u00e3o do Tour que aconteceu nesta \u00faltima segunda feira, em Las Vegas.<\/p>\n<p>&#8220;Eu estava olhando em seus olhos. Ele me pediu para encarar, e enxerguei medo em seu olhos.<\/p>\n<p>Eu sei que ele \u00e9 meu f\u00e3 e que assiste as minhas lutas. Mas eu estudei suas lutas. Sei exatamente o que ele vai fazer.&#8221; disparou Aldo.<\/p>\n<p>O brasileiro contou o seu segredo de sucesso durante tanto tempo no MMA, se tornando um dos melhores atletas atualmente em a\u00e7\u00e3o.<\/p>\n<p>&#8220;Eu procuro aprender com tudo que acontece. Eu vejo tudo e procuro observar as li\u00e7\u00f5es a serem aprendidas.<\/p>\n<p>Sou o campe\u00e3o porque sempre encaro minha pr\u00f3xima luta, como o meu maior desafio e sempre trato como a luta mais dura de minha vida. Sou confiante em dizer que esta \u00e9 a chave de minhas vit\u00f3rias.&#8221; analisou o brasileiro em um bate papo com jornalistas.<\/p>\n<p>Conor manteve o mesmo discurso que apresentou durante a coletiva no Rio de Janeiro e voltou a criticar o n\u00edvel dos atuais lutadores.<\/p>\n<p>&#8220;Veja todas as minhas lutas. Eu sempre trago algo novo. Seja um novo movimento, novo golpe, uma nova rea\u00e7\u00e3o.<\/p>\n<p>Se voc\u00ea ver o hist\u00f3rico do UFC, sempre voc\u00ea enxerga a mesma f\u00f3rmula.<\/p>\n<p>Sempre \u00e9 a mesma coisa e continua da mesma maneira e se repete novamente. Eu irei acabar com isto.&#8221; prometeu o lutador.<\/p>\n<p>[yframe url=&#8217;www.youtube.com\/watch?v=VfSIxVpAKzo&#8217;]<\/p>\n<p>&nbsp;<\/p>\n","protected":false},"excerpt":{"rendered":"<p>&nbsp; O UFC divulgou os dois primeiros v\u00eddeos dos bastidores do Tour Mundial para promo\u00e7\u00e3o da edi\u00e7\u00e3o 189, que acontece no dia 11 de julho <a class=\"read-more\" href=\"https:\/\/blogs.gazetaesportiva.com\/planeta-octogono\/2015\/03\/24\/ufc-divulga-videos-de-bastidores-de-tour-e-jose-aldo-responde-provocacao-de-mcgregor-em-encarada-no-rio\/\">leia mais<\/a><\/p>\n","protected":false},"author":33,"featured_media":0,"comment_status":"open","ping_status":"open","sticky":false,"template":"","format":"standard","meta":{"jetpack_post_was_ever_published":false,"_jetpack_newsletter_access":"","_jetpack_dont_email_post_to_subs":false,"_jetpack_newsletter_tier_id":0,"_jetpack_memberships_contains_paywalled_content":false,"_jetpack_memberships_contains_paid_content":false,"footnotes":"","jetpack_publicize_message":"","jetpack_publicize_feature_enabled":true,"jetpack_social_post_already_shared":false,"jetpack_social_options":{"image_generator_settings":{"template":"highway","default_image_id":0,"font":"","enabled":false},"version":2}},"categories":[1],"tags":[614,12,721],"class_list":["post-16764","post","type-post","status-publish","format-standard","hentry","category-principal","tag-conor-mcgregor","tag-jose-aldo","tag-ufc-189"],"jetpack_publicize_connections":[],"jetpack_featured_media_url":"","jetpack_sharing_enabled":true,"jetpack_shortlink":"https:\/\/wp.me\/p6rqUQ-4mo","_links":{"self":[{"href":"https:\/\/blogs.gazetaesportiva.com\/planeta-octogono\/wp-json\/wp\/v2\/posts\/16764","targetHints":{"allow":["GET"]}}],"collection":[{"href":"https:\/\/blogs.gazetaesportiva.com\/planeta-octogono\/wp-json\/wp\/v2\/posts"}],"about":[{"href":"https:\/\/blogs.gazetaesportiva.com\/planeta-octogono\/wp-json\/wp\/v2\/types\/post"}],"author":[{"embeddable":true,"href":"https:\/\/blogs.gazetaesportiva.com\/planeta-octogono\/wp-json\/wp\/v2\/users\/33"}],"replies":[{"embeddable":true,"href":"https:\/\/blogs.gazetaesportiva.com\/planeta-octogono\/wp-json\/wp\/v2\/comments?post=16764"}],"version-history":[{"count":0,"href":"https:\/\/blogs.gazetaesportiva.com\/planeta-octogono\/wp-json\/wp\/v2\/posts\/16764\/revisions"}],"wp:attachment":[{"href":"https:\/\/blogs.gazetaesportiva.com\/planeta-octogono\/wp-json\/wp\/v2\/media?parent=16764"}],"wp:term":[{"taxonomy":"category","embeddable":true,"href":"https:\/\/blogs.gazetaesportiva.com\/planeta-octogono\/wp-json\/wp\/v2\/categories?post=16764"},{"taxonomy":"post_tag","embeddable":true,"href":"https:\/\/blogs.gazetaesportiva.com\/planeta-octogono\/wp-json\/wp\/v2\/tags?post=16764"}],"curies":[{"name":"wp","href":"https:\/\/api.w.org\/{rel}","templated":true}]}}