{"id":16537,"date":"2015-03-02T10:13:55","date_gmt":"2015-03-02T13:13:55","guid":{"rendered":"https:\/\/blogs.gazetaesportiva.com\/planeta-octogono\/?p=16537"},"modified":"2015-03-02T10:35:45","modified_gmt":"2015-03-02T13:35:45","slug":"presidente-da-m-1-vadim-finckelshtein-revela-detalhes-de-negociacao-entre-fedor-e-ufc","status":"publish","type":"post","link":"https:\/\/blogs.gazetaesportiva.com\/planeta-octogono\/2015\/03\/02\/presidente-da-m-1-vadim-finckelshtein-revela-detalhes-de-negociacao-entre-fedor-e-ufc\/","title":{"rendered":"Presidente da M-1, Vadim Finckelstein revela detalhes de negocia\u00e7\u00e3o entre Fedor e UFC"},"content":{"rendered":"<figure id=\"attachment_16538\" aria-describedby=\"caption-attachment-16538\" style=\"width: 690px\" class=\"wp-caption aligncenter\"><a href=\"https:\/\/blogs.gazetaesportiva.com\/planeta-octogono\/files\/2015\/03\/tmp_19541-Fedor_with_Vadim-Finkelstein_large-1186007628.jpg\"><img loading=\"lazy\" decoding=\"async\" class=\"size-full wp-image-16538\" alt=\"Vadim fala pela primeira vez sobre detalhes de negocia\u00e7\u00e3o com o UFC -Divulga\u00e7\u00e3o M-1\" src=\"https:\/\/blogs.gazetaesportiva.com\/planeta-octogono\/files\/2015\/03\/tmp_19541-Fedor_with_Vadim-Finkelstein_large-1186007628.jpg\" width=\"690\" height=\"455\" \/><\/a><figcaption id=\"caption-attachment-16538\" class=\"wp-caption-text\">Vadim fala pela primeira vez sobre detalhes de negocia\u00e7\u00e3o com o UFC -Divulga\u00e7\u00e3o M-1<\/figcaption><\/figure>\n<p>O Presidente da M-1 Global, Vadim Finckelstein, l\u00edder da maior organiza\u00e7\u00e3o russa de MMA e empres\u00e1rio da lenda do MMA, Fedor Emelianenko revelou detalhes sobre a pol\u00eamica negocia\u00e7\u00e3o entre o russo com o UFC.<\/p>\n<p>Em entrevista ao site russo Sportbox, Vadim explicou que apenas estava pensando no bem de Fedor e dos lutadores russos ao negociar com o UFC.<\/p>\n<p>&#8220;Sempre tentamos fazer o melhor para nossos atletas. Fedor sempre esteve a frente das negocia\u00e7\u00f5es. Sempre fez suas escolhas. Eu apenas o auxiliava como sempre fiz em sua carreira.<\/p>\n<p>As condi\u00e7\u00f5es que o Dana White nos ofereceu, Fedor n\u00e3o aceitou.<\/p>\n<p>Apenas pedimos um desafio entre os nossos cinco melhores lutadores contra os cinco melhores do UFC em cada peso. T\u00ednhamos Magomedov, Weichel, Taisumov e outros atletas duros que podem fazer frente aos grandes nomes do UFC.&#8221; disse Vadim que tamb\u00e9m acredita que Fedor n\u00e3o deve assinar com nenhuma organiza\u00e7\u00e3o.<\/p>\n<p>&#8220;Fedor n\u00e3o vai voltar a lutar. Ele optou se aposentar e tem seus motivos. Eu sempre respeitei as decis\u00f5es de Fedor. Para mim, eu achei que ele iria se aposentar ap\u00f3s a luta com o Dan Henderson, mas ele aceitou nosso convite e lutou mais duas vezes.&#8221; disse Vadim que negou que tinha pedido ao UFC para construir um est\u00e1dio.<\/p>\n<p>&#8220;A verdade \u00e9. Fedor sempre tira f\u00e9rias em uma ilha chamada Cura\u00e7ao.<br \/>\nEu, Fedor, meu s\u00f3cio na \u00e9poca, Lorenzo e Dana White nos encontramos l\u00e1 para negociar.<\/p>\n<figure id=\"attachment_15056\" aria-describedby=\"caption-attachment-15056\" style=\"width: 695px\" class=\"wp-caption aligncenter\"><a href=\"https:\/\/blogs.gazetaesportiva.com\/planeta-octogono\/files\/2014\/10\/unnamed.jpg\"><img loading=\"lazy\" decoding=\"async\" class=\"size-full wp-image-15056\" alt=\"Segundo Vadim, s\u00f3cio recusou venda da M-1 para o UFC, ap\u00f3s oferta de Dana White - Ana Carolina\/Gazeta Press\" src=\"https:\/\/blogs.gazetaesportiva.com\/planeta-octogono\/files\/2014\/10\/unnamed.jpg\" width=\"695\" height=\"463\" \/><\/a><figcaption id=\"caption-attachment-15056\" class=\"wp-caption-text\">Segundo Vadim, s\u00f3cio recusou venda da M-1 para o UFC, ap\u00f3s oferta de Dana White &#8211; Ana Carolina\/Gazeta Press<\/figcaption><\/figure>\n<p>Isso foi em 2009. O UFC queria comprar a M-1. Quando meu s\u00f3cio ouviu a oferta, ele riu. N\u00e3o aceitou na \u00e9poca.<\/p>\n<p>Talvez se fosse eu sozinho, teria aceitado mas n\u00e3o sei dizer porque era um outro momento. O UFC nos fez uma proposta em 2011 para que as lutas da M-1 fossem exibidas no Fight Pass. Mas eu neguei. Porque estamos com o mesmo projeto no nosso site.<\/p>\n<p>Os f\u00e3s por cinco d\u00f3lares por m\u00eas v\u00e3o poder assistir nossas lutas. Esse \u00e9 o nosso meio de sobreviv\u00eancia. Todos sabem que os eventos por si s\u00f3 n\u00e3o se sustentam sozinhos. E atualmente, os f\u00e3s n\u00e3o tem comprado camisas e produtos dos nossos atletas como antes. Eles precisam entender que isso \u00e9 muito importante para os lutadores.<\/p>\n<p>Eu nunca pedi para o UFC nos dar uma Arena, como ouvi Dana White dizer para a imprensa.<\/p>\n<p>A \u00fanica coisa que pedi foi que o UFC nos ajudasse a construir uma somente. Isso hoje est\u00e1 acontecendo mesmo sem o apoio deles.<\/p>\n<p>Estamos construindo um gin\u00e1sio em S\u00e3o Petersburgo que vai ser usado para competi\u00e7\u00f5es amadores e eventos ligados ao MMA visando o crescimento do nosso esporte no pa\u00eds.<\/p>\n<p>Fiz de tudo para sempre ajudar os atletas. Mas estamos trabalhando na nossa limita\u00e7\u00e3o. O UFC tem seu mercado na Am\u00e9rica, n\u00f3s temos o nosso na R\u00fassia. Eles querem agora fazer eventos no mundo todo. N\u00e3o estamos competindo com o UFC. Se eles quiserem fazer, que fa\u00e7am mas as pessoas n\u00e3o sabem que n\u00e3o \u00e9 f\u00e1cil fazer eventos aonde estamos fazendo.<\/p>\n<p>\u00c9 outra mentalidade, outra cultura. N\u00f3s mesmos sempre procuramos dar as melhores bolsas aos atletas mediante nossa limita\u00e7\u00e3o financeira. Mas se o p\u00fablico n\u00e3o nos apoiar, n\u00e3o podemos fazer mais do que estamos fazendo.&#8221; disparou Vadim em entrevista ao site russo Sport Ru.<\/p>\n<p>&nbsp;<\/p>\n","protected":false},"excerpt":{"rendered":"<p>O Presidente da M-1 Global, Vadim Finckelstein, l\u00edder da maior organiza\u00e7\u00e3o russa de MMA e empres\u00e1rio da lenda do MMA, Fedor Emelianenko revelou detalhes sobre <a class=\"read-more\" href=\"https:\/\/blogs.gazetaesportiva.com\/planeta-octogono\/2015\/03\/02\/presidente-da-m-1-vadim-finckelshtein-revela-detalhes-de-negociacao-entre-fedor-e-ufc\/\">leia mais<\/a><\/p>\n","protected":false},"author":33,"featured_media":16538,"comment_status":"open","ping_status":"open","sticky":false,"template":"","format":"standard","meta":{"jetpack_post_was_ever_published":false,"_jetpack_newsletter_access":"","_jetpack_dont_email_post_to_subs":false,"_jetpack_newsletter_tier_id":0,"_jetpack_memberships_contains_paywalled_content":false,"_jetpack_memberships_contains_paid_content":false,"footnotes":"","jetpack_publicize_message":"","jetpack_publicize_feature_enabled":true,"jetpack_social_post_already_shared":false,"jetpack_social_options":{"image_generator_settings":{"template":"highway","default_image_id":0,"font":"","enabled":false},"version":2}},"categories":[1],"tags":[111,156,41,759],"class_list":["post-16537","post","type-post","status-publish","format-standard","has-post-thumbnail","hentry","category-principal","tag-dana-white","tag-fedor-emelianenko","tag-ufc","tag-vadim"],"jetpack_publicize_connections":[],"jetpack_featured_media_url":"https:\/\/blogs.gazetaesportiva.com\/planeta-octogono\/files\/2015\/03\/tmp_19541-Fedor_with_Vadim-Finkelstein_large-1186007628.jpg","jetpack_sharing_enabled":true,"jetpack_shortlink":"https:\/\/wp.me\/p6rqUQ-4iJ","_links":{"self":[{"href":"https:\/\/blogs.gazetaesportiva.com\/planeta-octogono\/wp-json\/wp\/v2\/posts\/16537","targetHints":{"allow":["GET"]}}],"collection":[{"href":"https:\/\/blogs.gazetaesportiva.com\/planeta-octogono\/wp-json\/wp\/v2\/posts"}],"about":[{"href":"https:\/\/blogs.gazetaesportiva.com\/planeta-octogono\/wp-json\/wp\/v2\/types\/post"}],"author":[{"embeddable":true,"href":"https:\/\/blogs.gazetaesportiva.com\/planeta-octogono\/wp-json\/wp\/v2\/users\/33"}],"replies":[{"embeddable":true,"href":"https:\/\/blogs.gazetaesportiva.com\/planeta-octogono\/wp-json\/wp\/v2\/comments?post=16537"}],"version-history":[{"count":0,"href":"https:\/\/blogs.gazetaesportiva.com\/planeta-octogono\/wp-json\/wp\/v2\/posts\/16537\/revisions"}],"wp:featuredmedia":[{"embeddable":true,"href":"https:\/\/blogs.gazetaesportiva.com\/planeta-octogono\/wp-json\/wp\/v2\/media\/16538"}],"wp:attachment":[{"href":"https:\/\/blogs.gazetaesportiva.com\/planeta-octogono\/wp-json\/wp\/v2\/media?parent=16537"}],"wp:term":[{"taxonomy":"category","embeddable":true,"href":"https:\/\/blogs.gazetaesportiva.com\/planeta-octogono\/wp-json\/wp\/v2\/categories?post=16537"},{"taxonomy":"post_tag","embeddable":true,"href":"https:\/\/blogs.gazetaesportiva.com\/planeta-octogono\/wp-json\/wp\/v2\/tags?post=16537"}],"curies":[{"name":"wp","href":"https:\/\/api.w.org\/{rel}","templated":true}]}}