{"id":16518,"date":"2015-02-28T06:04:53","date_gmt":"2015-02-28T09:04:53","guid":{"rendered":"https:\/\/blogs.gazetaesportiva.com\/planeta-octogono\/?p=16518"},"modified":"2015-02-28T06:04:53","modified_gmt":"2015-02-28T09:04:53","slug":"bate-papo-especial-herica-tiburcio-e-juliana-werner-falam-sobre-carreira-e-analisam-luta-de-ronda-rousey-no-ufc-184","status":"publish","type":"post","link":"https:\/\/blogs.gazetaesportiva.com\/planeta-octogono\/2015\/02\/28\/bate-papo-especial-herica-tiburcio-e-juliana-werner-falam-sobre-carreira-e-analisam-luta-de-ronda-rousey-no-ufc-184\/","title":{"rendered":"Bate Papo Especial &#8211; H\u00e9rica Tib\u00farcio e Juliana Werner falam sobre carreira e analisam luta de Ronda Rousey no UFC 184"},"content":{"rendered":"<figure id=\"attachment_16520\" aria-describedby=\"caption-attachment-16520\" style=\"width: 563px\" class=\"wp-caption aligncenter\"><a href=\"https:\/\/blogs.gazetaesportiva.com\/planeta-octogono\/files\/2015\/02\/hericatiburcio1.jpg\"><img loading=\"lazy\" decoding=\"async\" class=\"size-full wp-image-16520\" alt=\"Blog conversa com campe\u00e3 do Invicta FC, H\u00e9rica Tib\u00farcio - Divulga\u00e7\u00e3o Invicta FC\/Esther  Lin\" src=\"https:\/\/blogs.gazetaesportiva.com\/planeta-octogono\/files\/2015\/02\/hericatiburcio1.jpg\" width=\"563\" height=\"695\" \/><\/a><figcaption id=\"caption-attachment-16520\" class=\"wp-caption-text\"><strong><em>Blog conversa com campe\u00e3 do Invicta FC, H\u00e9rica Tib\u00farcio &#8211; Divulga\u00e7\u00e3o Invicta FC\/Esther Lin<\/em><\/strong><\/figcaption><\/figure>\n<p>&nbsp;<\/p>\n<p>O blog traz duas entrevistas especiais nesta grande semana para o MMA Feminino.<\/p>\n<p>A campe\u00e3 peso \u00e1tomo do maior evento feminino do mundo, o Invicta FC, H\u00e9rica Tib\u00farcio conto sobre sua hist\u00f3ria no MMA e como conquisto o t\u00edtulo do evento com uma grande vit\u00f3ria sobre Michelle Waterson.<\/p>\n<p>H\u00e9rica Tamb\u00e9m falou sobre seu futuro, o carinho dos f\u00e3s, uma futura ida ao UFC e revelou admira\u00e7\u00e3o pela atual campe\u00e3 do Ultimate, Ronda Rousey.<\/p>\n<p>Al\u00e9m de H\u00e9rica, Juliana &#8220;Julie&#8221; Werner tamb\u00e9m \u00e9 a nossa convidada nesta semana.<\/p>\n<p>Um dos maiores nomes do Brasil no Muay Thai, Juliana falou sobre sua carreira e tamb\u00e9m contou como est\u00e1 sendo sua prepara\u00e7\u00e3o para a pr\u00f3xima edi\u00e7\u00e3o do XFC que acontece em mar\u00e7o.<\/p>\n<p>A lutadora tamb\u00e9m conversou sobre outros assuntos, como o machismo no MMA e analisou sua ex oponente, a americana Holly Holm que faz sua estr\u00e9ia no UFC 184.<\/p>\n<p>&nbsp;<\/p>\n<figure id=\"attachment_16519\" aria-describedby=\"caption-attachment-16519\" style=\"width: 695px\" class=\"wp-caption aligncenter\"><a href=\"https:\/\/blogs.gazetaesportiva.com\/planeta-octogono\/files\/2015\/02\/245846_475861_xfci_7_351.jpg\"><img loading=\"lazy\" decoding=\"async\" class=\"size-full wp-image-16519\" alt=\"Juliana Werner \u00e9 nossa convidada esta semana - Divulga\u00e7\u00e3o XFC\" src=\"https:\/\/blogs.gazetaesportiva.com\/planeta-octogono\/files\/2015\/02\/245846_475861_xfci_7_351.jpg\" width=\"695\" height=\"462\" \/><\/a><figcaption id=\"caption-attachment-16519\" class=\"wp-caption-text\"><strong><em>Juliana Werner \u00e9 nossa convidada esta semana &#8211; Divulga\u00e7\u00e3o XFC<\/em><\/strong><\/figcaption><\/figure>\n<p>&nbsp;<\/p>\n<p style=\"text-align: center\"><strong><em>Bate papo com H\u00e9rica Tib\u00farcio:<\/em><\/strong><\/p>\n<p style=\"text-align: center\"><strong><em>[yframe url=&#8217;www.youtube.com\/watch?v=qabpQ1vcio8&#8242;]<\/em><\/strong><\/p>\n<p style=\"text-align: center\">\n<p style=\"text-align: center\"><strong><em>Bate papo com Juliana Werner:<\/em><\/strong><\/p>\n<p style=\"text-align: center\"><strong><em>[yframe url=&#8217;www.youtube.com\/watch?v=Up7hq_LC4YU&#8217;]<\/em><\/strong><\/p>\n","protected":false},"excerpt":{"rendered":"<p>&nbsp; O blog traz duas entrevistas especiais nesta grande semana para o MMA Feminino. A campe\u00e3 peso \u00e1tomo do maior evento feminino do mundo, o <a class=\"read-more\" href=\"https:\/\/blogs.gazetaesportiva.com\/planeta-octogono\/2015\/02\/28\/bate-papo-especial-herica-tiburcio-e-juliana-werner-falam-sobre-carreira-e-analisam-luta-de-ronda-rousey-no-ufc-184\/\">leia mais<\/a><\/p>\n","protected":false},"author":33,"featured_media":16520,"comment_status":"open","ping_status":"open","sticky":false,"template":"","format":"standard","meta":{"jetpack_post_was_ever_published":false,"_jetpack_newsletter_access":"","_jetpack_dont_email_post_to_subs":false,"_jetpack_newsletter_tier_id":0,"_jetpack_memberships_contains_paywalled_content":false,"_jetpack_memberships_contains_paid_content":false,"footnotes":"","jetpack_publicize_message":"","jetpack_publicize_feature_enabled":true,"jetpack_social_post_already_shared":false,"jetpack_social_options":{"image_generator_settings":{"template":"highway","default_image_id":0,"font":"","enabled":false},"version":2}},"categories":[3,1],"tags":[210,222,757,701,645],"class_list":["post-16518","post","type-post","status-publish","format-standard","has-post-thumbnail","hentry","category-bate-papo","category-principal","tag-herica-tiburcio","tag-invicta-fc","tag-juliana-werner","tag-ufc-184","tag-xfc"],"jetpack_publicize_connections":[],"jetpack_featured_media_url":"https:\/\/blogs.gazetaesportiva.com\/planeta-octogono\/files\/2015\/02\/hericatiburcio1.jpg","jetpack_sharing_enabled":true,"jetpack_shortlink":"https:\/\/wp.me\/p6rqUQ-4iq","_links":{"self":[{"href":"https:\/\/blogs.gazetaesportiva.com\/planeta-octogono\/wp-json\/wp\/v2\/posts\/16518","targetHints":{"allow":["GET"]}}],"collection":[{"href":"https:\/\/blogs.gazetaesportiva.com\/planeta-octogono\/wp-json\/wp\/v2\/posts"}],"about":[{"href":"https:\/\/blogs.gazetaesportiva.com\/planeta-octogono\/wp-json\/wp\/v2\/types\/post"}],"author":[{"embeddable":true,"href":"https:\/\/blogs.gazetaesportiva.com\/planeta-octogono\/wp-json\/wp\/v2\/users\/33"}],"replies":[{"embeddable":true,"href":"https:\/\/blogs.gazetaesportiva.com\/planeta-octogono\/wp-json\/wp\/v2\/comments?post=16518"}],"version-history":[{"count":0,"href":"https:\/\/blogs.gazetaesportiva.com\/planeta-octogono\/wp-json\/wp\/v2\/posts\/16518\/revisions"}],"wp:featuredmedia":[{"embeddable":true,"href":"https:\/\/blogs.gazetaesportiva.com\/planeta-octogono\/wp-json\/wp\/v2\/media\/16520"}],"wp:attachment":[{"href":"https:\/\/blogs.gazetaesportiva.com\/planeta-octogono\/wp-json\/wp\/v2\/media?parent=16518"}],"wp:term":[{"taxonomy":"category","embeddable":true,"href":"https:\/\/blogs.gazetaesportiva.com\/planeta-octogono\/wp-json\/wp\/v2\/categories?post=16518"},{"taxonomy":"post_tag","embeddable":true,"href":"https:\/\/blogs.gazetaesportiva.com\/planeta-octogono\/wp-json\/wp\/v2\/tags?post=16518"}],"curies":[{"name":"wp","href":"https:\/\/api.w.org\/{rel}","templated":true}]}}