{"id":16503,"date":"2015-02-26T08:08:01","date_gmt":"2015-02-26T11:08:01","guid":{"rendered":"https:\/\/blogs.gazetaesportiva.com\/planeta-octogono\/?p=16503"},"modified":"2015-02-26T08:08:01","modified_gmt":"2015-02-26T11:08:01","slug":"ronda-rousey-e-cris-cyborg-fazem-treinos-separados-em-dia-de-evento-oficial-do-ufc-e-invicta-fc","status":"publish","type":"post","link":"https:\/\/blogs.gazetaesportiva.com\/planeta-octogono\/2015\/02\/26\/ronda-rousey-e-cris-cyborg-fazem-treinos-separados-em-dia-de-evento-oficial-do-ufc-e-invicta-fc\/","title":{"rendered":"Ronda Rousey e Cris Cyborg fazem treinos separados em dia de evento oficial do UFC e Invicta FC"},"content":{"rendered":"<p>[yframe url=&#8217;www.youtube.com\/watch?v=xHAX5su0afc&#8217;]<\/p>\n<p>O UFC realizou em parceria com o maior evento feminino da atualidade, o Invicta FC, os treinos abertos das duas edi\u00e7\u00f5es que acontecem nesta semana.<\/p>\n<p>O Invicta que conta com o retorno da brasileira Cris Cyborg ser\u00e1 realizado na sexta feira, enquanto no s\u00e1bado acontece o UFC 184.<\/p>\n<p>Fazendo um treino aberto, as principais lutadoras dos dois eventos treinaram nesta quarta feira.<\/p>\n<p>Evitando problemas devido a grande rivalidade das atletas, o UFC optou em colocar as lutadoras Cris Cyborg e a atual campe\u00e3 do peso galo do Ultimate, Ronda Rousey em hor\u00e1rios diferentes.<\/p>\n<p>Conversando com rep\u00f3rteres, a lutadora brasileira n\u00e3o descarta tentar no futuro descer de peso mas mant\u00e9m o foco em sua categoria.<\/p>\n<p>&#8220;Eu preciso respeitar o meu corpo. Eu tentei descer para 135 libras (61 kg) mas acabei me lesionando.<\/p>\n<p>Ent\u00e3o desta vez vou lutar nos 145 libras (66 kg) e estou focada na pr\u00f3xima luta contra a Charmanie Tweet.<\/p>\n<p>N\u00e3o estou pensando na Ronda agora. Mas ap\u00f3s a luta quem sabe, eu terei que pensar nisso depois porque eu tenho talvez mais lutas para fazer na minha categoria.<\/p>\n<p>Ando normalmente com 175, 165 libras (cerca de 70 kg) e j\u00e1 \u00e9 dif\u00edcil para descer para o 145.<\/p>\n<p>\u00c9 duro, eu sofro bastante mas se deus permitir, eu tentarei cortar para o 135. Tentarei fazer o meu melhor.<\/p>\n<p>J\u00e1 consegui 140 antes, mas nunca 135. Mas tentarei ao m\u00e1ximo dar o melhor de mim para que essa luta (Ronda) aconte\u00e7a.&#8221; comentou Cyborg.<\/p>\n<p>Ronda tamb\u00e9m treinou nesta quarta e fez movimentos que sempre costuma fazer com quedas de Jud\u00f4 e manopla de boxe.<\/p>\n<p>[yframe url=&#8217;www.youtube.com\/watch?v=DUcriSZL8rI&#8217;]<\/p>\n<p>&nbsp;<\/p>\n","protected":false},"excerpt":{"rendered":"<p>[yframe url=&#8217;www.youtube.com\/watch?v=xHAX5su0afc&#8217;] O UFC realizou em parceria com o maior evento feminino da atualidade, o Invicta FC, os treinos abertos das duas edi\u00e7\u00f5es que acontecem <a class=\"read-more\" href=\"https:\/\/blogs.gazetaesportiva.com\/planeta-octogono\/2015\/02\/26\/ronda-rousey-e-cris-cyborg-fazem-treinos-separados-em-dia-de-evento-oficial-do-ufc-e-invicta-fc\/\">leia mais<\/a><\/p>\n","protected":false},"author":33,"featured_media":0,"comment_status":"open","ping_status":"open","sticky":false,"template":"","format":"standard","meta":{"jetpack_post_was_ever_published":false,"_jetpack_newsletter_access":"","_jetpack_dont_email_post_to_subs":false,"_jetpack_newsletter_tier_id":0,"_jetpack_memberships_contains_paywalled_content":false,"_jetpack_memberships_contains_paid_content":false,"footnotes":"","jetpack_publicize_message":"","jetpack_publicize_feature_enabled":true,"jetpack_social_post_already_shared":false,"jetpack_social_options":{"image_generator_settings":{"template":"highway","default_image_id":0,"font":"","enabled":false},"version":2}},"categories":[1],"tags":[213,222,98,41],"class_list":["post-16503","post","type-post","status-publish","format-standard","hentry","category-principal","tag-cris-cyborg","tag-invicta-fc","tag-ronda-rousey","tag-ufc"],"jetpack_publicize_connections":[],"jetpack_featured_media_url":"","jetpack_sharing_enabled":true,"jetpack_shortlink":"https:\/\/wp.me\/p6rqUQ-4ib","_links":{"self":[{"href":"https:\/\/blogs.gazetaesportiva.com\/planeta-octogono\/wp-json\/wp\/v2\/posts\/16503","targetHints":{"allow":["GET"]}}],"collection":[{"href":"https:\/\/blogs.gazetaesportiva.com\/planeta-octogono\/wp-json\/wp\/v2\/posts"}],"about":[{"href":"https:\/\/blogs.gazetaesportiva.com\/planeta-octogono\/wp-json\/wp\/v2\/types\/post"}],"author":[{"embeddable":true,"href":"https:\/\/blogs.gazetaesportiva.com\/planeta-octogono\/wp-json\/wp\/v2\/users\/33"}],"replies":[{"embeddable":true,"href":"https:\/\/blogs.gazetaesportiva.com\/planeta-octogono\/wp-json\/wp\/v2\/comments?post=16503"}],"version-history":[{"count":0,"href":"https:\/\/blogs.gazetaesportiva.com\/planeta-octogono\/wp-json\/wp\/v2\/posts\/16503\/revisions"}],"wp:attachment":[{"href":"https:\/\/blogs.gazetaesportiva.com\/planeta-octogono\/wp-json\/wp\/v2\/media?parent=16503"}],"wp:term":[{"taxonomy":"category","embeddable":true,"href":"https:\/\/blogs.gazetaesportiva.com\/planeta-octogono\/wp-json\/wp\/v2\/categories?post=16503"},{"taxonomy":"post_tag","embeddable":true,"href":"https:\/\/blogs.gazetaesportiva.com\/planeta-octogono\/wp-json\/wp\/v2\/tags?post=16503"}],"curies":[{"name":"wp","href":"https:\/\/api.w.org\/{rel}","templated":true}]}}