{"id":16488,"date":"2015-02-25T03:20:40","date_gmt":"2015-02-25T06:20:40","guid":{"rendered":"https:\/\/blogs.gazetaesportiva.com\/planeta-octogono\/?p=16488"},"modified":"2015-02-26T07:12:03","modified_gmt":"2015-02-26T10:12:03","slug":"com-retorno-em-edicao-do-ufc-na-polonia-mirko-crocop-enfrenta-gabriel-napao-em-busca-de-revanche-foi-a-pior-derrota-na-carreira","status":"publish","type":"post","link":"https:\/\/blogs.gazetaesportiva.com\/planeta-octogono\/2015\/02\/25\/com-retorno-em-edicao-do-ufc-na-polonia-mirko-crocop-enfrenta-gabriel-napao-em-busca-de-revanche-foi-a-pior-derrota-na-carreira\/","title":{"rendered":"Com retorno em edi\u00e7\u00e3o do UFC na Pol\u00f4nia, Mirko Crocop enfrenta Gabriel Nap\u00e3o em busca de revanche: Foi a pior derrota na carreira!"},"content":{"rendered":"<figure id=\"attachment_15968\" aria-describedby=\"caption-attachment-15968\" style=\"width: 695px\" class=\"wp-caption aligncenter\"><a href=\"https:\/\/blogs.gazetaesportiva.com\/planeta-octogono\/files\/2014\/12\/1904040_602074419873929_124033001_n.jpg\"><img loading=\"lazy\" decoding=\"async\" class=\"size-full wp-image-15968\" alt=\"Crocop revela que derrota em primeira luta para Nap\u00e3o \u00e9 a pior de sua carreira - Divulga\u00e7\u00e3o GLORY\/James Law\" src=\"https:\/\/blogs.gazetaesportiva.com\/planeta-octogono\/files\/2014\/12\/1904040_602074419873929_124033001_n.jpg\" width=\"695\" height=\"556\" \/><\/a><figcaption id=\"caption-attachment-15968\" class=\"wp-caption-text\"><strong><em>Crocop revela que derrota em primeira luta para Nap\u00e3o \u00e9 a pior de sua carreira &#8211; Divulga\u00e7\u00e3o GLORY\/James Law<\/em><\/strong><\/figcaption><\/figure>\n<p>&nbsp;<\/p>\n<p>A lenda croata do MMA, Mirko &#8220;Crocop&#8221; Filipovic est\u00e1 de volta.<\/p>\n<p>O lutador de 40 anos que foi recentemente re-contratado pelo UFC, retorna no dia 11 de abril na primeira edi\u00e7\u00e3o do UFC na Pol\u00f4nia.<\/p>\n<p>Enfrentando o brasileiro Gabriel Nap\u00e3o, Mirko que \u00e9 considerado um dos maiores pesos pesados da hist\u00f3ria do MMA est\u00e1 em busca de revanches.<\/p>\n<p>Derrotado por Nap\u00e3o no UFC 70 com um nocaute ao seu estilo (chute alto na cabe\u00e7a), Mirko quer apagar a imagem ruim deixada no UFC ap\u00f3s sua primeira passagem.<\/p>\n<p>&#8220;Eu tive v\u00e1rias les\u00f5es na minha carreira. Uma delas contra o Roy Nelson, eu me machuquei no \u00faltimo treino antes da luta, faltando poucos dias.<\/p>\n<p>Voc\u00ea sabe que eu amo lutar e n\u00e3o poderia deixar todo um trabalho para tr\u00e1s de muita dedica\u00e7\u00e3o, 3 meses de treinos duros.<\/p>\n<p>Minha passagem no UFC foi muito ruim porque n\u00e3o conseguia me recuperar das in\u00fameras les\u00f5es que tive.<\/p>\n<p>Mas agora eu estou feliz, treinando com sorriso no rosto e me sentindo totalmente recuperado. Desta vez tudo vai ser diferente.&#8221; contou Crocop que analisou sua derrota para Nap\u00e3o.<\/p>\n<p>&#8220;Foi a pior que tive na carreira. Eu liguei para o Lorenzo Fertitta (s\u00f3cio do UFC) ap\u00f3s minha luta contra o Satoshi Ishii no Jap\u00e3o e pedi para fazer algumas revanches.<\/p>\n<p>Ele aceitou e me ofereceu o Nap\u00e3o na Pol\u00f4nia. Eu achei apropriado e aceitei. Este \u00e9 meu foco agora. Fazer algumas revanches para encerrar minha carreira no UFC.&#8221; disse Crocop em entrevista no programa americano MMA Hour.<\/p>\n<p>[yframe url=&#8217;www.youtube.com\/watch?v=OiZ8ZVUUvAo&#8217;]<\/p>\n<p style=\"text-align: center\"><strong><em>Carreira no Kickboxing chegou ao fim<\/em><\/strong><\/p>\n<p style=\"text-align: left\">Mirko tamb\u00e9m falou sobre sua carreira no kickboxing e pela primeira vez revelou que n\u00e3o vai mais lutar em eventos da modalidade.<\/p>\n<p style=\"text-align: left\">&#8220;\u00c9 o fim, infelizmente. Meu foco agora \u00e9 o UFC. N\u00e3o importa o resto. Eu estou feliz e espero dar o meu melhor.&#8221; disse Crocop que confirmou que n\u00e3o deve mais lutar no GLORY, \u00faltima organiza\u00e7\u00e3o de kickboxing que o croata atuou.<\/p>\n<p style=\"text-align: left\">&#8220;O GLORY est\u00e1 com alguns problemas agora. Mas eu decidi que n\u00e3o luto mais no kickboxing.&#8221; disse Mirko.<\/p>\n<p style=\"text-align: center\"><strong><em>Apoio de Stipe Miocic na Cro\u00e1cia<\/em><\/strong><\/p>\n<figure id=\"attachment_15728\" aria-describedby=\"caption-attachment-15728\" style=\"width: 695px\" class=\"wp-caption aligncenter\"><a href=\"https:\/\/blogs.gazetaesportiva.com\/planeta-octogono\/files\/2014\/12\/10848499_10152854117556276_5868767154516984279_o.jpg\"><img loading=\"lazy\" decoding=\"async\" class=\"size-full wp-image-15728\" alt=\"Miocic (esquerda) e Crocop unem for\u00e7as para pr\u00f3ximos duelos no UFC - Divulga\u00e7\u00e3o\" src=\"https:\/\/blogs.gazetaesportiva.com\/planeta-octogono\/files\/2014\/12\/10848499_10152854117556276_5868767154516984279_o.jpg\" width=\"695\" height=\"463\" \/><\/a><figcaption id=\"caption-attachment-15728\" class=\"wp-caption-text\"><strong><em>Miocic (esquerda) e Crocop unem for\u00e7as para pr\u00f3ximos duelos no UFC &#8211; Divulga\u00e7\u00e3o<\/em><\/strong><\/figcaption><\/figure>\n<p>&nbsp;<\/p>\n<p style=\"text-align: left\">Mirko tamb\u00e9m revelou que ter\u00e1 um apoio especial para o duelo com Nap\u00e3o.<\/p>\n<p style=\"text-align: left\">Convidando o lutador americano com descend\u00eancia croata Stipe Miocic, Mirko n\u00e3o quer deixar a Cro\u00e1cia para n\u00e3o ficar longe da fam\u00edlia.<\/p>\n<p style=\"text-align: left\">&#8220;Ele \u00e9 um grande lutador. Tem socos muito fortes, derruba muito bem e estamos treinando de tudo.<\/p>\n<p style=\"text-align: left\">Estou contente de ter o Stipe aqui comigo na Cro\u00e1cia. Voc\u00ea sabe que \u00e9 muito dif\u00edcil para mim sair do meu pa\u00eds, porque tenho minha fam\u00edlia aqui, meus amigos.<\/p>\n<p style=\"text-align: left\">Eu j\u00e1 estou neste esporte a muito tempo e n\u00e3o quero mais ter esse tipo de rotina. Eu sei que muitas vezes \u00e9 bom voc\u00ea ir para algum lugar treinar com duros sparrings mas n\u00e3o quero ficar longe dos meus filhos.&#8221; disse Crocop.<\/p>\n<p style=\"text-align: left\">Miocic j\u00e1 enfrentou Nap\u00e3o em janeiro de 2014, na edi\u00e7\u00e3o do UFC on FOX 10 e aceitou se preparar com Crocop porque Mirko j\u00e1 enfrentou seu pr\u00f3ximo oponente, o neozeland\u00eas Mark Hunt na Austr\u00e1lia, dia 10 de maio.<\/p>\n<p style=\"text-align: left\">[yframe url=&#8217;www.youtube.com\/watch?v=n98amyvFuPg&#8217;]<\/p>\n","protected":false},"excerpt":{"rendered":"<p>&nbsp; A lenda croata do MMA, Mirko &#8220;Crocop&#8221; Filipovic est\u00e1 de volta. O lutador de 40 anos que foi recentemente re-contratado pelo UFC, retorna no <a class=\"read-more\" href=\"https:\/\/blogs.gazetaesportiva.com\/planeta-octogono\/2015\/02\/25\/com-retorno-em-edicao-do-ufc-na-polonia-mirko-crocop-enfrenta-gabriel-napao-em-busca-de-revanche-foi-a-pior-derrota-na-carreira\/\">leia mais<\/a><\/p>\n","protected":false},"author":33,"featured_media":0,"comment_status":"open","ping_status":"open","sticky":false,"template":"","format":"standard","meta":{"jetpack_post_was_ever_published":false,"_jetpack_newsletter_access":"","_jetpack_dont_email_post_to_subs":false,"_jetpack_newsletter_tier_id":0,"_jetpack_memberships_contains_paywalled_content":false,"_jetpack_memberships_contains_paid_content":false,"footnotes":"","jetpack_publicize_message":"","jetpack_publicize_feature_enabled":true,"jetpack_social_post_already_shared":false,"jetpack_social_options":{"image_generator_settings":{"template":"highway","default_image_id":0,"font":"","enabled":false},"version":2}},"categories":[1],"tags":[175,450,409,754],"class_list":["post-16488","post","type-post","status-publish","format-standard","hentry","category-principal","tag-gabriel-napao","tag-mark-hunt","tag-mirko-crocop","tag-stipe-miocic"],"jetpack_publicize_connections":[],"jetpack_featured_media_url":"","jetpack_sharing_enabled":true,"jetpack_shortlink":"https:\/\/wp.me\/p6rqUQ-4hW","_links":{"self":[{"href":"https:\/\/blogs.gazetaesportiva.com\/planeta-octogono\/wp-json\/wp\/v2\/posts\/16488","targetHints":{"allow":["GET"]}}],"collection":[{"href":"https:\/\/blogs.gazetaesportiva.com\/planeta-octogono\/wp-json\/wp\/v2\/posts"}],"about":[{"href":"https:\/\/blogs.gazetaesportiva.com\/planeta-octogono\/wp-json\/wp\/v2\/types\/post"}],"author":[{"embeddable":true,"href":"https:\/\/blogs.gazetaesportiva.com\/planeta-octogono\/wp-json\/wp\/v2\/users\/33"}],"replies":[{"embeddable":true,"href":"https:\/\/blogs.gazetaesportiva.com\/planeta-octogono\/wp-json\/wp\/v2\/comments?post=16488"}],"version-history":[{"count":0,"href":"https:\/\/blogs.gazetaesportiva.com\/planeta-octogono\/wp-json\/wp\/v2\/posts\/16488\/revisions"}],"wp:attachment":[{"href":"https:\/\/blogs.gazetaesportiva.com\/planeta-octogono\/wp-json\/wp\/v2\/media?parent=16488"}],"wp:term":[{"taxonomy":"category","embeddable":true,"href":"https:\/\/blogs.gazetaesportiva.com\/planeta-octogono\/wp-json\/wp\/v2\/categories?post=16488"},{"taxonomy":"post_tag","embeddable":true,"href":"https:\/\/blogs.gazetaesportiva.com\/planeta-octogono\/wp-json\/wp\/v2\/tags?post=16488"}],"curies":[{"name":"wp","href":"https:\/\/api.w.org\/{rel}","templated":true}]}}