{"id":16485,"date":"2015-02-25T02:56:18","date_gmt":"2015-02-25T05:56:18","guid":{"rendered":"https:\/\/blogs.gazetaesportiva.com\/planeta-octogono\/?p=16485"},"modified":"2015-02-26T07:14:57","modified_gmt":"2015-02-26T10:14:57","slug":"ksw-anuncia-grande-edicao-no-dia-23-de-maio-com-retornos-de-pudzianowski-materla-e-karol-bedorf","status":"publish","type":"post","link":"https:\/\/blogs.gazetaesportiva.com\/planeta-octogono\/2015\/02\/25\/ksw-anuncia-grande-edicao-no-dia-23-de-maio-com-retornos-de-pudzianowski-materla-e-karol-bedorf\/","title":{"rendered":"KSW anuncia grande edi\u00e7\u00e3o no dia 23 de maio com retornos de Pudzianowski, Materla e Karol Bedorf"},"content":{"rendered":"<figure id=\"attachment_16486\" aria-describedby=\"caption-attachment-16486\" style=\"width: 240px\" class=\"wp-caption alignleft\"><a href=\"https:\/\/blogs.gazetaesportiva.com\/planeta-octogono\/files\/2015\/02\/ksw31-1.jpg\"><img loading=\"lazy\" decoding=\"async\" class=\" wp-image-16486  \" alt=\"Evento ter\u00e1 grande edi\u00e7\u00e3o em maio - Divulga\u00e7\u00e3o KSW\" src=\"https:\/\/blogs.gazetaesportiva.com\/planeta-octogono\/files\/2015\/02\/ksw31-1.jpg\" width=\"240\" height=\"360\" \/><\/a><figcaption id=\"caption-attachment-16486\" class=\"wp-caption-text\"><strong><em>Evento ter\u00e1 grande edi\u00e7\u00e3o em maio &#8211; Divulga\u00e7\u00e3o KSW<\/em><\/strong><\/figcaption><\/figure>\n<p>Um dos maiores eventos de MMA na Europa, o KSW est\u00e1 preparando uma grande edi\u00e7\u00e3o para o m\u00eas de maio.<\/p>\n<p>A cidade de Gdansk, recebe a trig\u00e9sima primeira edi\u00e7\u00e3o da organiza\u00e7\u00e3o no Ergo Arena, considerada uma das principais do pa\u00eds.<\/p>\n<p>Para trazer emo\u00e7\u00f5es para os f\u00e3s, o evento investiu pesado e vai contar com a presen\u00e7a de grandes nomes do evento.<\/p>\n<p>Os campe\u00f5es, Karol Bedorf (pesado) e Michal Materla (m\u00e9dios) est\u00e3o de volta e j\u00e1 possuem combates definidos.<\/p>\n<p>Depois de vencer o brasileiro Rolles Gracie na edi\u00e7\u00e3o 28 em outubro, Bedorf encara o australiano Peter Graham que venceu Marcin Rozalski.<\/p>\n<p>Michal Materla tamb\u00e9m tem um grande combate pela frente.<\/p>\n<p>O lutador encara o compatriota Tomasz Drwal em um duelo que promete agitar os \u00e2nimos dos torcedores j\u00e1 que a contrata\u00e7\u00e3o de Tomasz foi vista com grande entusiasmo pelos f\u00e3s.<\/p>\n<p>Al\u00e9m de Materla e Bedorf, o evento tamb\u00e9m tem o retorno de Mariusz Pudzianowski, considerado cinco vezes o &#8220;Homem mais forte do mundo&#8221;.<\/p>\n<p>Sem luta definida, Pudzian ter\u00e1 seu oponente conhecido em breve.<\/p>\n<p style=\"text-align: center\"><strong><em>Tr\u00eas lutas de cintur\u00e3o<\/em><\/strong><\/p>\n<p style=\"text-align: center\">\n<p style=\"text-align: left\">O KSW revelou nesta quarta feira que as lutas de Materla e Bedorf v\u00e3o valer seus respectivos cintur\u00f5es.<\/p>\n<p style=\"text-align: left\">Al\u00e9m de ambos, o ex lutador do UFC, o croata Goran Reljic foi anunciado no evento para sua segunda disputa de cintur\u00e3o no meio pesado.<\/p>\n<p style=\"text-align: left\">Ap\u00f3s perder para o atual lutador do UFC, Jan Blachowicz, Reljic reconquistou uma nova oportunidade ap\u00f3s vencer o polon\u00eas Tomasz Narkun.<\/p>\n<p style=\"text-align: left\">Seu oponente ainda vai ser divulgado em breve.<\/p>\n<p>[yframe url=&#8217;www.youtube.com\/watch?v=BOauPMtGZsI&#8217;]<\/p>\n","protected":false},"excerpt":{"rendered":"<p>Um dos maiores eventos de MMA na Europa, o KSW est\u00e1 preparando uma grande edi\u00e7\u00e3o para o m\u00eas de maio. A cidade de Gdansk, recebe <a class=\"read-more\" href=\"https:\/\/blogs.gazetaesportiva.com\/planeta-octogono\/2015\/02\/25\/ksw-anuncia-grande-edicao-no-dia-23-de-maio-com-retornos-de-pudzianowski-materla-e-karol-bedorf\/\">leia mais<\/a><\/p>\n","protected":false},"author":33,"featured_media":16486,"comment_status":"open","ping_status":"open","sticky":false,"template":"","format":"standard","meta":{"jetpack_post_was_ever_published":false,"_jetpack_newsletter_access":"","_jetpack_dont_email_post_to_subs":false,"_jetpack_newsletter_tier_id":0,"_jetpack_memberships_contains_paywalled_content":false,"_jetpack_memberships_contains_paid_content":false,"footnotes":"","jetpack_publicize_message":"","jetpack_publicize_feature_enabled":true,"jetpack_social_post_already_shared":false,"jetpack_social_options":{"image_generator_settings":{"template":"highway","default_image_id":0,"font":"","enabled":false},"version":2}},"categories":[1],"tags":[751,753,740,424,300,752],"class_list":["post-16485","post","type-post","status-publish","format-standard","has-post-thumbnail","hentry","category-principal","tag-ergo-arena","tag-karol-bedorf","tag-ksw-31","tag-mariusz-pudzianowski","tag-michal-materla","tag-tomasz-drwal"],"jetpack_publicize_connections":[],"jetpack_featured_media_url":"https:\/\/blogs.gazetaesportiva.com\/planeta-octogono\/files\/2015\/02\/ksw31-1.jpg","jetpack_sharing_enabled":true,"jetpack_shortlink":"https:\/\/wp.me\/p6rqUQ-4hT","_links":{"self":[{"href":"https:\/\/blogs.gazetaesportiva.com\/planeta-octogono\/wp-json\/wp\/v2\/posts\/16485","targetHints":{"allow":["GET"]}}],"collection":[{"href":"https:\/\/blogs.gazetaesportiva.com\/planeta-octogono\/wp-json\/wp\/v2\/posts"}],"about":[{"href":"https:\/\/blogs.gazetaesportiva.com\/planeta-octogono\/wp-json\/wp\/v2\/types\/post"}],"author":[{"embeddable":true,"href":"https:\/\/blogs.gazetaesportiva.com\/planeta-octogono\/wp-json\/wp\/v2\/users\/33"}],"replies":[{"embeddable":true,"href":"https:\/\/blogs.gazetaesportiva.com\/planeta-octogono\/wp-json\/wp\/v2\/comments?post=16485"}],"version-history":[{"count":0,"href":"https:\/\/blogs.gazetaesportiva.com\/planeta-octogono\/wp-json\/wp\/v2\/posts\/16485\/revisions"}],"wp:featuredmedia":[{"embeddable":true,"href":"https:\/\/blogs.gazetaesportiva.com\/planeta-octogono\/wp-json\/wp\/v2\/media\/16486"}],"wp:attachment":[{"href":"https:\/\/blogs.gazetaesportiva.com\/planeta-octogono\/wp-json\/wp\/v2\/media?parent=16485"}],"wp:term":[{"taxonomy":"category","embeddable":true,"href":"https:\/\/blogs.gazetaesportiva.com\/planeta-octogono\/wp-json\/wp\/v2\/categories?post=16485"},{"taxonomy":"post_tag","embeddable":true,"href":"https:\/\/blogs.gazetaesportiva.com\/planeta-octogono\/wp-json\/wp\/v2\/tags?post=16485"}],"curies":[{"name":"wp","href":"https:\/\/api.w.org\/{rel}","templated":true}]}}