{"id":16482,"date":"2015-02-25T02:42:09","date_gmt":"2015-02-25T05:42:09","guid":{"rendered":"https:\/\/blogs.gazetaesportiva.com\/planeta-octogono\/?p=16482"},"modified":"2015-02-25T02:42:09","modified_gmt":"2015-02-25T05:42:09","slug":"lyoto-machida-mostra-confianca-em-spider-e-respeita-decisao-de-vitor-belfort-em-nao-aceitar-luta-contra-ele","status":"publish","type":"post","link":"https:\/\/blogs.gazetaesportiva.com\/planeta-octogono\/2015\/02\/25\/lyoto-machida-mostra-confianca-em-spider-e-respeita-decisao-de-vitor-belfort-em-nao-aceitar-luta-contra-ele\/","title":{"rendered":"Lyoto Machida mostra confian\u00e7a em Spider e respeita decis\u00e3o de Vitor Belfort em n\u00e3o aceitar luta contra ele"},"content":{"rendered":"<figure id=\"attachment_15870\" aria-describedby=\"caption-attachment-15870\" style=\"width: 695px\" class=\"wp-caption aligncenter\"><a href=\"https:\/\/blogs.gazetaesportiva.com\/planeta-octogono\/files\/2014\/12\/2121_21.07.2014_83743_ef_20141221.jpg\"><img loading=\"lazy\" decoding=\"async\" class=\"size-full wp-image-15870\" alt=\"Lyoto respeita decis\u00e3o de Belfort e mostra confian\u00e7a em Spider  - Gaspar N\u00f3brega\/Inovafoto\" src=\"https:\/\/blogs.gazetaesportiva.com\/planeta-octogono\/files\/2014\/12\/2121_21.07.2014_83743_ef_20141221.jpg\" width=\"695\" height=\"463\" \/><\/a><figcaption id=\"caption-attachment-15870\" class=\"wp-caption-text\"><strong><em>Lyoto respeita decis\u00e3o de Belfort e mostra confian\u00e7a em Spider &#8211; Gaspar N\u00f3brega\/Inovafoto<\/em><\/strong><\/figcaption><\/figure>\n<p>&nbsp;<\/p>\n<figure id=\"attachment_16247\" aria-describedby=\"caption-attachment-16247\" style=\"width: 360px\" class=\"wp-caption alignright\"><a href=\"https:\/\/blogs.gazetaesportiva.com\/planeta-octogono\/files\/2015\/02\/10553752_10152990477401276_4419083497292671659_o.jpg\"><img loading=\"lazy\" decoding=\"async\" class=\" wp-image-16247 \" alt=\"Para Machida, Spider \u00e9 v\u00edtima em caso de doping - Divulga\u00e7\u00e3o\" src=\"https:\/\/blogs.gazetaesportiva.com\/planeta-octogono\/files\/2015\/02\/10553752_10152990477401276_4419083497292671659_o.jpg\" width=\"360\" height=\"240\" \/><\/a><figcaption id=\"caption-attachment-16247\" class=\"wp-caption-text\"><strong><em>Para Machida, Spider \u00e9 v\u00edtima em caso de doping &#8211; Divulga\u00e7\u00e3o<\/em><\/strong><\/figcaption><\/figure>\n<p>O lutador Lyoto Machida comentou duas importantes situa\u00e7\u00f5es, que foram muito comentadas pelo f\u00e3s atualmente no MMA.<\/p>\n<p>Em entrevista ao site americano MMA Digest, Machida preferiu n\u00e3o abordar profundamente o assunto do doping de Anderson Silva, demostrando respeito e confian\u00e7a pelo amigo.<\/p>\n<p>&#8220;Estou muito surpreso. Eu acho que ele \u00e9 uma v\u00edtima desta hist\u00f3ria.<\/p>\n<p>Sobre o assunto (doping de Spider), prefiro n\u00e3o comentar muito porque \u00e9 uma situa\u00e7\u00e3o muito delicada.<\/p>\n<p>Eu tenho muita confian\u00e7a em Anderson e acredito que talvez ele n\u00e3o tenha usado isto (ester\u00f3ides). Eu estou na minha prepara\u00e7\u00e3o e ele est\u00e1 nos Estados Unidos agora.<\/p>\n<p>N\u00e3o conversei muito com ele, n\u00e3o sei o que aconteceu. Prefiro me manter afastado desta situa\u00e7\u00e3o.&#8221; disse Machida que est\u00e1 se preparando para enfrentar o americano Luke Rockhold, no dia 18 de abril.<\/p>\n<p>Cotado pelo Presidente do UFC, Dana White para enfrentar Vitor Belfort, nesta edi\u00e7\u00e3o deste s\u00e1bado, Lyoto analisou a op\u00e7\u00e3o do compatriota que optou n\u00e3o enfrent\u00e1-lo por considerar um atleta canhoto e ter pouco tempo para se preparar para um novo oponente ap\u00f3s a sa\u00edda de Chris Weidman da edi\u00e7\u00e3o devido uma les\u00e3o na costela.<\/p>\n<p>&#8220;Penso que ele (Belfort) poderia lutar comigo. Ele est\u00e1 muito bem preparado. \u00c9 um atleta completo. Bom em p\u00e9 e no ch\u00e3o.<\/p>\n<p>Mas ele tem suas raz\u00f5es para n\u00e3o aceitar a luta. Respeito sua decis\u00e3o mas estou pronto para lutar. O Dana White me ligou para falar sobre a luta e eu disse que estou pronto para lutar, porque eu n\u00e3o paro de treinar.<\/p>\n<p>&nbsp;<\/p>\n<figure id=\"attachment_16418\" aria-describedby=\"caption-attachment-16418\" style=\"width: 240px\" class=\"wp-caption alignleft\"><a href=\"https:\/\/blogs.gazetaesportiva.com\/planeta-octogono\/files\/2015\/02\/1086_12.44.2014_76447_ef_20140912.jpg\"><img loading=\"lazy\" decoding=\"async\" class=\" wp-image-16418 \" alt=\"Wendell Neg\u00e3o fala sobre decep\u00e7\u00e3o com luta cancelada no UFC em Porto Alegre - Wagner Carmo\/Inovafoto\" src=\"https:\/\/blogs.gazetaesportiva.com\/planeta-octogono\/files\/2015\/02\/1086_12.44.2014_76447_ef_20140912.jpg\" width=\"240\" height=\"360\" \/><\/a><figcaption id=\"caption-attachment-16418\" class=\"wp-caption-text\"><strong><em>Wendell Neg\u00e3o fala sobre decep\u00e7\u00e3o com luta cancelada no UFC em Porto Alegre &#8211; Wagner Carmo\/Inovafoto<\/em><\/strong><\/figcaption><\/figure>\n<p><strong><em>Wendell Neg\u00e3o lamenta cancelamento de luta em Porto Alegre e mant\u00e9m desejo de enfrentar Waldburger<\/em><\/strong> &#8211; Ap\u00f3s ver sua luta cair nas v\u00e9speras da pesagem oficial do UFC Fight Night Porto Alegre, o lutador Wendell Neg\u00e3o mostrou estar muito chateado com a situa\u00e7\u00e3o.<\/p>\n<p>Em conversa com o blog, Wendell agradeceu o apoio dos f\u00e3s e mostrou desejo de enfrentar o americano TJ Waldburger em uma pr\u00f3xima oportunidade.<\/p>\n<p>&#8220;Quero agradecer a todos que estiveram na expectativa do meu retorno ao Octagon.<\/p>\n<p>Infelizmente n\u00e3o vai ser dessa vez meu retorno devido ao incidente ocorrido com o TJ, a luta foi cancelada \u00e9 muito frustrante por que treinei muito para essa luta.<\/p>\n<p>Estava muito bem tanto psicologicamente quanto tecnicamente, estava muito confiante no nocaute mais Deus sabe de todas as coisas e a organiza\u00e7\u00e3o vai casar novamente este combate e estarei mais forte ainda \u00e9 muito mais preparado<\/p>\n<p>Ele apenas evitou o inevit\u00e1vel. Eu vou peg\u00e1-lo.&#8221; disse o atleta.<\/p>\n<p>Wendell juntamente com TJ receberam a bolsa referente a luta mas perdeu a oportunidade de tentar o b\u00f4nus de melhor luta e performance do evento.<\/p>\n<p>&nbsp;<\/p>\n<p><strong><em>Primeiro v\u00eddeo de bastidores do UFC 184 mostra intimidades de Ronda Rousey e prepara\u00e7\u00e3o de Cat Zingano e Holly Holm<\/em><\/strong> &#8211; O primeiro v\u00eddeo de bastidores do UFC trouxe novidades para os f\u00e3s da campe\u00e3 peso galo feminina do UFC, a musa americana Ronda Rousey.<\/p>\n<p>Mostrando a intimidade da lutadora, a poucos dias da edi\u00e7\u00e3o 184, Ronda apresenta seu cachorro de estima\u00e7\u00e3o e mostra um de seus hobbies preferidos enquanto est\u00e1 na fase final de prepara\u00e7\u00e3o para o evento: Jogos de computadores.<\/p>\n<p>O v\u00eddeo tamb\u00e9m mostrou a prepara\u00e7\u00e3o da oponente de Ronda, Cat Zingano que est\u00e1 no Colorado se preparando para uma luta de cinco rounds contra Rousey.<\/p>\n<p>Al\u00e9m de Zingano, a ex campe\u00e3 mundial de boxe, a americana Holly Holm foi filmada pela produ\u00e7\u00e3o do evento fazendo manopla de kickboxing juntamente com seu treinador, Mike Winkeljohn.<\/p>\n<p>A oponente de Holm, Raquel Pennington apresentou sua m\u00e3e e analisou sua advers\u00e1ria.<\/p>\n<p>&#8220;A press\u00e3o est\u00e1 em todas n\u00f3s neste card. Estou muito animada para isso. Ela (Holm) \u00e9 muito dura e muito boa em p\u00e9.<\/p>\n<p>Mas estou mais focada no que eu posso fazer e nas minhas vantagens nessa luta.&#8221; disse Raquel.<\/p>\n<p>\u00c9 a primeira vez que o UFC tem nas duas lutas principais, quatro mulheres com Ronda liderando o card deste evento.<\/p>\n<p>[yframe url=&#8217;www.youtube.com\/watch?v=mpJYRGrQBok&#8217;]<\/p>\n<p>&nbsp;<\/p>\n","protected":false},"excerpt":{"rendered":"<p>&nbsp; O lutador Lyoto Machida comentou duas importantes situa\u00e7\u00f5es, que foram muito comentadas pelo f\u00e3s atualmente no MMA. Em entrevista ao site americano MMA Digest, <a class=\"read-more\" href=\"https:\/\/blogs.gazetaesportiva.com\/planeta-octogono\/2015\/02\/25\/lyoto-machida-mostra-confianca-em-spider-e-respeita-decisao-de-vitor-belfort-em-nao-aceitar-luta-contra-ele\/\">leia mais<\/a><\/p>\n","protected":false},"author":33,"featured_media":0,"comment_status":"open","ping_status":"open","sticky":false,"template":"","format":"standard","meta":{"jetpack_post_was_ever_published":false,"_jetpack_newsletter_access":"","_jetpack_dont_email_post_to_subs":false,"_jetpack_newsletter_tier_id":0,"_jetpack_memberships_contains_paywalled_content":false,"_jetpack_memberships_contains_paid_content":false,"footnotes":"","jetpack_publicize_message":"","jetpack_publicize_feature_enabled":true,"jetpack_social_post_already_shared":false,"jetpack_social_options":{"image_generator_settings":{"template":"highway","default_image_id":0,"font":"","enabled":false},"version":2}},"categories":[1],"tags":[22,667,749,277,750,98,701,47,737],"class_list":["post-16482","post","type-post","status-publish","format-standard","hentry","category-principal","tag-anderson-silva","tag-cat-zingano","tag-holly-holm","tag-lyoto-machida","tag-raquel-pennington","tag-ronda-rousey","tag-ufc-184","tag-vitor-belfort","tag-wendell-negao"],"jetpack_publicize_connections":[],"jetpack_featured_media_url":"","jetpack_sharing_enabled":true,"jetpack_shortlink":"https:\/\/wp.me\/p6rqUQ-4hQ","_links":{"self":[{"href":"https:\/\/blogs.gazetaesportiva.com\/planeta-octogono\/wp-json\/wp\/v2\/posts\/16482","targetHints":{"allow":["GET"]}}],"collection":[{"href":"https:\/\/blogs.gazetaesportiva.com\/planeta-octogono\/wp-json\/wp\/v2\/posts"}],"about":[{"href":"https:\/\/blogs.gazetaesportiva.com\/planeta-octogono\/wp-json\/wp\/v2\/types\/post"}],"author":[{"embeddable":true,"href":"https:\/\/blogs.gazetaesportiva.com\/planeta-octogono\/wp-json\/wp\/v2\/users\/33"}],"replies":[{"embeddable":true,"href":"https:\/\/blogs.gazetaesportiva.com\/planeta-octogono\/wp-json\/wp\/v2\/comments?post=16482"}],"version-history":[{"count":0,"href":"https:\/\/blogs.gazetaesportiva.com\/planeta-octogono\/wp-json\/wp\/v2\/posts\/16482\/revisions"}],"wp:attachment":[{"href":"https:\/\/blogs.gazetaesportiva.com\/planeta-octogono\/wp-json\/wp\/v2\/media?parent=16482"}],"wp:term":[{"taxonomy":"category","embeddable":true,"href":"https:\/\/blogs.gazetaesportiva.com\/planeta-octogono\/wp-json\/wp\/v2\/categories?post=16482"},{"taxonomy":"post_tag","embeddable":true,"href":"https:\/\/blogs.gazetaesportiva.com\/planeta-octogono\/wp-json\/wp\/v2\/tags?post=16482"}],"curies":[{"name":"wp","href":"https:\/\/api.w.org\/{rel}","templated":true}]}}