{"id":16479,"date":"2015-02-25T01:54:41","date_gmt":"2015-02-25T04:54:41","guid":{"rendered":"https:\/\/blogs.gazetaesportiva.com\/planeta-octogono\/?p=16479"},"modified":"2015-02-25T01:54:41","modified_gmt":"2015-02-25T04:54:41","slug":"glory-anuncia-confronto-de-saulo-cavalari-contra-vahkitov-edicao-21-em-maio-com-retorno-de-artem-levin","status":"publish","type":"post","link":"https:\/\/blogs.gazetaesportiva.com\/planeta-octogono\/2015\/02\/25\/glory-anuncia-confronto-de-saulo-cavalari-contra-vahkitov-edicao-21-em-maio-com-retorno-de-artem-levin\/","title":{"rendered":"GLORY anuncia confronto de Saulo Cavalari contra Vahkitov, edi\u00e7\u00e3o 21 em maio com retorno de Artem Levin"},"content":{"rendered":"<figure id=\"attachment_15281\" aria-describedby=\"caption-attachment-15281\" style=\"width: 695px\" class=\"wp-caption aligncenter\"><a href=\"https:\/\/blogs.gazetaesportiva.com\/planeta-octogono\/files\/2014\/11\/1461131_727070170707686_6350366387266838847_n.jpg\"><img loading=\"lazy\" decoding=\"async\" class=\"size-full wp-image-15281\" alt=\"Saulo Cavalari est\u00e1 de volta ap\u00f3s nocaute espetacular no GLORY  - Divulga\u00e7\u00e3o GLORY\/James Law\" src=\"https:\/\/blogs.gazetaesportiva.com\/planeta-octogono\/files\/2014\/11\/1461131_727070170707686_6350366387266838847_n.jpg\" width=\"695\" height=\"461\" \/><\/a><figcaption id=\"caption-attachment-15281\" class=\"wp-caption-text\"><strong><em>Saulo Cavalari est\u00e1 de volta ap\u00f3s nocaute espetacular no GLORY &#8211; Divulga\u00e7\u00e3o GLORY\/James Law<\/em><\/strong><\/figcaption><\/figure>\n<p>&nbsp;<\/p>\n<p>O maior evento de kickboxing do mundo, o GLORY anunciou duas grandes novidades para os f\u00e3s da modalidade no Brasil.<\/p>\n<p>Um dos maiores meio pesados da atualidade no pa\u00eds, o atleta curitibano Saulo Cavalari est\u00e1 de volta.<\/p>\n<p>Depois de duas performances impressionantes na edi\u00e7\u00e3o 18 em novembro contra Danyo Ilunga e Zack Mwekassa, Cavalari foi escalado para enfrentar o perigoso russo Artem Vahkitov na edi\u00e7\u00e3o 20 que acontece em Dubai no dia 3 de abril.<\/p>\n<p>O combate entre Cavalari e Vahkitov era para ter acontecido na mesma edi\u00e7\u00e3o de novembro, por\u00e9m o russo acabou se lesionando e deu lugar a Ilunga.<\/p>\n<p>Cavalari que est\u00e1 pr\u00f3ximo de uma disputa de cintur\u00e3o no evento, optou em se manter ativo enquanto o atual campe\u00e3o at\u00e9 93 kg, o turco Gokhan Saki n\u00e3o decide seu futuro no evento.<\/p>\n<p>[yframe url=&#8217;www.youtube.com\/watch?v=iYo9bYDQTjU&#8217;]<\/p>\n<p>&nbsp;<\/p>\n<p style=\"text-align: center\"><strong><em>GP de m\u00e9dios define advers\u00e1rio de campe\u00e3o Artem Levin que retorna em maio<\/em><\/strong><\/p>\n<p>&nbsp;<\/p>\n<figure id=\"attachment_15974\" aria-describedby=\"caption-attachment-15974\" style=\"width: 360px\" class=\"wp-caption alignleft\"><a href=\"https:\/\/blogs.gazetaesportiva.com\/planeta-octogono\/files\/2014\/12\/10271346_664175183663852_6969633097035499145_o.jpg\"><img loading=\"lazy\" decoding=\"async\" class=\" wp-image-15974  \" alt=\"Artem Levin est\u00e1 de volta e luta em maio - Divulga\u00e7\u00e3o GLORY\/James Law\" src=\"https:\/\/blogs.gazetaesportiva.com\/planeta-octogono\/files\/2014\/12\/10271346_664175183663852_6969633097035499145_o.jpg\" width=\"360\" height=\"300\" \/><\/a><figcaption id=\"caption-attachment-15974\" class=\"wp-caption-text\"><strong><em>Artem Levin est\u00e1 de volta e luta em maio &#8211; Divulga\u00e7\u00e3o GLORY\/James Law<\/em><\/strong><\/figcaption><\/figure>\n<p>Outra grande novidade \u00e9 o retorno do atual campe\u00e3o dos m\u00e9dios, o russo Artem Levin.<\/p>\n<p>Depois de conquistar o cintur\u00e3o na edi\u00e7\u00e3o Last Man Standing, no ano passado, Artem vai enfrentar o vencedor do GP que inclui o brasileiro Alex Pereira.<\/p>\n<p>Al\u00e9m de Alex, Wayne Barrett, Simon Marcus e Jason Wilnis tamb\u00e9m participam da edi\u00e7\u00e3o.<\/p>\n<p>O GLORY 21 acontece no dia 8 de maio em San Diego, nos Estados Unidos.<\/p>\n<p>&nbsp;<\/p>\n<figure id=\"attachment_16480\" aria-describedby=\"caption-attachment-16480\" style=\"width: 550px\" class=\"wp-caption aligncenter\"><a href=\"https:\/\/blogs.gazetaesportiva.com\/planeta-octogono\/files\/2015\/02\/glory21.jpg\"><img loading=\"lazy\" decoding=\"async\" class=\"size-full wp-image-16480\" alt=\"GLORY realiza evento em maio com disputa de cintur\u00e3o - Divulga\u00e7\u00e3o\" src=\"https:\/\/blogs.gazetaesportiva.com\/planeta-octogono\/files\/2015\/02\/glory21.jpg\" width=\"550\" height=\"303\" \/><\/a><figcaption id=\"caption-attachment-16480\" class=\"wp-caption-text\"><strong><em>GLORY realiza evento em maio com disputa de cintur\u00e3o &#8211; Divulga\u00e7\u00e3o<\/em><\/strong><\/figcaption><\/figure>\n<p>[yframe url=&#8217;www.youtube.com\/watch?v=hWXUXDDou8Q&#8217;]<\/p>\n","protected":false},"excerpt":{"rendered":"<p>&nbsp; O maior evento de kickboxing do mundo, o GLORY anunciou duas grandes novidades para os f\u00e3s da modalidade no Brasil. Um dos maiores meio <a class=\"read-more\" href=\"https:\/\/blogs.gazetaesportiva.com\/planeta-octogono\/2015\/02\/25\/glory-anuncia-confronto-de-saulo-cavalari-contra-vahkitov-edicao-21-em-maio-com-retorno-de-artem-levin\/\">leia mais<\/a><\/p>\n","protected":false},"author":33,"featured_media":16480,"comment_status":"open","ping_status":"open","sticky":false,"template":"","format":"standard","meta":{"jetpack_post_was_ever_published":false,"_jetpack_newsletter_access":"","_jetpack_dont_email_post_to_subs":false,"_jetpack_newsletter_tier_id":0,"_jetpack_memberships_contains_paywalled_content":false,"_jetpack_memberships_contains_paid_content":false,"footnotes":"","jetpack_publicize_message":"","jetpack_publicize_feature_enabled":true,"jetpack_social_post_already_shared":false,"jetpack_social_options":{"image_generator_settings":{"template":"highway","default_image_id":0,"font":"","enabled":false},"version":2}},"categories":[1],"tags":[661,664,748,38,173],"class_list":["post-16479","post","type-post","status-publish","format-standard","has-post-thumbnail","hentry","category-principal","tag-alex-pereira","tag-artem-levin","tag-artem-vahkitov","tag-glory","tag-saulo-cavalari"],"jetpack_publicize_connections":[],"jetpack_featured_media_url":"https:\/\/blogs.gazetaesportiva.com\/planeta-octogono\/files\/2015\/02\/glory21.jpg","jetpack_sharing_enabled":true,"jetpack_shortlink":"https:\/\/wp.me\/p6rqUQ-4hN","_links":{"self":[{"href":"https:\/\/blogs.gazetaesportiva.com\/planeta-octogono\/wp-json\/wp\/v2\/posts\/16479","targetHints":{"allow":["GET"]}}],"collection":[{"href":"https:\/\/blogs.gazetaesportiva.com\/planeta-octogono\/wp-json\/wp\/v2\/posts"}],"about":[{"href":"https:\/\/blogs.gazetaesportiva.com\/planeta-octogono\/wp-json\/wp\/v2\/types\/post"}],"author":[{"embeddable":true,"href":"https:\/\/blogs.gazetaesportiva.com\/planeta-octogono\/wp-json\/wp\/v2\/users\/33"}],"replies":[{"embeddable":true,"href":"https:\/\/blogs.gazetaesportiva.com\/planeta-octogono\/wp-json\/wp\/v2\/comments?post=16479"}],"version-history":[{"count":0,"href":"https:\/\/blogs.gazetaesportiva.com\/planeta-octogono\/wp-json\/wp\/v2\/posts\/16479\/revisions"}],"wp:featuredmedia":[{"embeddable":true,"href":"https:\/\/blogs.gazetaesportiva.com\/planeta-octogono\/wp-json\/wp\/v2\/media\/16480"}],"wp:attachment":[{"href":"https:\/\/blogs.gazetaesportiva.com\/planeta-octogono\/wp-json\/wp\/v2\/media?parent=16479"}],"wp:term":[{"taxonomy":"category","embeddable":true,"href":"https:\/\/blogs.gazetaesportiva.com\/planeta-octogono\/wp-json\/wp\/v2\/categories?post=16479"},{"taxonomy":"post_tag","embeddable":true,"href":"https:\/\/blogs.gazetaesportiva.com\/planeta-octogono\/wp-json\/wp\/v2\/tags?post=16479"}],"curies":[{"name":"wp","href":"https:\/\/api.w.org\/{rel}","templated":true}]}}