{"id":16476,"date":"2015-02-25T01:32:09","date_gmt":"2015-02-25T04:32:09","guid":{"rendered":"https:\/\/blogs.gazetaesportiva.com\/planeta-octogono\/?p=16476"},"modified":"2015-02-25T01:32:45","modified_gmt":"2015-02-25T04:32:45","slug":"jungle-fight-assina-com-a-band-e-faz-estreia-na-tv-aberta-em-marco","status":"publish","type":"post","link":"https:\/\/blogs.gazetaesportiva.com\/planeta-octogono\/2015\/02\/25\/jungle-fight-assina-com-a-band-e-faz-estreia-na-tv-aberta-em-marco\/","title":{"rendered":"Jungle Fight assina com a Band e faz estr\u00e9ia na TV aberta em mar\u00e7o"},"content":{"rendered":"<figure id=\"attachment_16332\" aria-describedby=\"caption-attachment-16332\" style=\"width: 695px\" class=\"wp-caption aligncenter\"><a href=\"https:\/\/blogs.gazetaesportiva.com\/planeta-octogono\/files\/2015\/02\/wallid.jpg\"><img loading=\"lazy\" decoding=\"async\" class=\"size-full wp-image-16332\" alt=\"Presidente do Jungle, Wallid Ismail comemora grande acordo com emissora - Divulga\u00e7\u00e3o\" src=\"https:\/\/blogs.gazetaesportiva.com\/planeta-octogono\/files\/2015\/02\/wallid.jpg\" width=\"695\" height=\"463\" \/><\/a><figcaption id=\"caption-attachment-16332\" class=\"wp-caption-text\"><strong><em>Presidente do Jungle, Wallid Ismail comemora grande acordo com emissora &#8211; Divulga\u00e7\u00e3o<\/em><\/strong><\/figcaption><\/figure>\n<p>&nbsp;<\/p>\n<p>Uma grande not\u00edcia agitou esta \u00faltima ter\u00e7a feira no MMA brasileiro.<\/p>\n<p>&nbsp;<\/p>\n<p>Considerado o maior evento de MMA da Am\u00e9rica Latina, o Jungle Fight Championship acertou uma parceria com a TV Band e ter\u00e1 todos os eventos de 2015 transmitidos ao vivo pela emissora. O an\u00fancio oficial foi feito nesta ter\u00e7a-feira (24), em uma cerim\u00f4nia organizada no Espa\u00e7o Trivento, em S\u00e3o Paulo.<\/p>\n<p>&nbsp;<\/p>\n<p>A primeira edi\u00e7\u00e3o do torneio a ser transmitida pela emissora ser\u00e1 o Jungle Fight 76, marcado para o dia 28 de mar\u00e7o, com tr\u00eas disputas de cintur\u00f5es. Para Wallid Ismail, presidente do torneio, o acerto com a TV Band marca o in\u00edcio de uma nova fase do Jungle Fight e do MMA nacional.<\/p>\n<p>&nbsp;<\/p>\n<p>&#8220;N\u00e3o tenho d\u00favidas que essa parceria ser\u00e1 um marco na hist\u00f3ria do Jungle Fight e tamb\u00e9m do MMA. Quando o UFC estreou em TV aberta, h\u00e1 alguns anos, foi um &#8220;boom&#8221; aqui no Brasil.<\/p>\n<p>&nbsp;<\/p>\n<p>Vejo da mesma forma essa transi\u00e7\u00e3o do Jungle para a Band. Estou montando um card especial para a edi\u00e7\u00e3o do dia 28 de mar\u00e7o, vamos ter tr\u00eas disputas de cintur\u00f5es e v\u00e1rios duelos de qualidade. Vamos lutar para sermos l\u00edderes de audi\u00eancia e provar mais uma vez que o MMA \u00e9 a paix\u00e3o nacional. Agrade\u00e7o aos meus parceiros nessa empreitada, o Tutinha e o Pedro Assun\u00e7\u00e3o&#8221;, afirmou Wallid Ismail.<\/p>\n<p>&nbsp;<\/p>\n<div>\n<p><b>Sobre o Jungle Fight\u00a0<\/b><\/p>\n<p>&nbsp;<\/p>\n<p>Criado em 2003, pelo ex-lutador e empres\u00e1rio Wallid Ismail, o Jungle Fight \u00e9 considerado, atualmente, o maior evento de MMA da Am\u00e9rica Latina. Diversos atletas consagrados no mundo da luta ganharam destaque atrav\u00e9s da organiza\u00e7\u00e3o. Fabricio Werdum, Jos\u00e9 Aldo, Lyoto Machida, Rog\u00e9rio Minotouro, Ronaldo Jacar\u00e9, Renan Bar\u00e3o e Erick Silva s\u00e3o exemplos de estrelas que passaram pelo JFC.<\/p>\n<p>&nbsp;<\/p>\n<p>Al\u00e9m da plataforma de transmiss\u00e3o televisiva, o Jungle Fight tamb\u00e9m se faz presente nas redes sociais. Os f\u00e3s do evento t\u00eam acesso a conte\u00fados exclusivos no site do Jungle Fight (<a href=\"http:\/\/junglefight.net.br\/\" target=\"_blank\">http:\/\/junglefight.net.br<\/a>), no Facebook (<a href=\"http:\/\/facebook.com\/junglefc\" target=\"_blank\">facebook.com\/junglefc<\/a>) e no Instagram (@junglefcoficial).<\/p>\n<\/div>\n","protected":false},"excerpt":{"rendered":"<p>&nbsp; Uma grande not\u00edcia agitou esta \u00faltima ter\u00e7a feira no MMA brasileiro. &nbsp; Considerado o maior evento de MMA da Am\u00e9rica Latina, o Jungle Fight <a class=\"read-more\" href=\"https:\/\/blogs.gazetaesportiva.com\/planeta-octogono\/2015\/02\/25\/jungle-fight-assina-com-a-band-e-faz-estreia-na-tv-aberta-em-marco\/\">leia mais<\/a><\/p>\n","protected":false},"author":33,"featured_media":0,"comment_status":"open","ping_status":"open","sticky":false,"template":"","format":"standard","meta":{"jetpack_post_was_ever_published":false,"_jetpack_newsletter_access":"","_jetpack_dont_email_post_to_subs":false,"_jetpack_newsletter_tier_id":0,"_jetpack_memberships_contains_paywalled_content":false,"_jetpack_memberships_contains_paid_content":false,"footnotes":"","jetpack_publicize_message":"","jetpack_publicize_feature_enabled":true,"jetpack_social_post_already_shared":false,"jetpack_social_options":{"image_generator_settings":{"template":"highway","default_image_id":0,"font":"","enabled":false},"version":2}},"categories":[1],"tags":[747,51,746,52],"class_list":["post-16476","post","type-post","status-publish","format-standard","hentry","category-principal","tag-band","tag-jungle-fight","tag-rede-bandeirantes","tag-wallid-ismail"],"jetpack_publicize_connections":[],"jetpack_featured_media_url":"","jetpack_sharing_enabled":true,"jetpack_shortlink":"https:\/\/wp.me\/p6rqUQ-4hK","_links":{"self":[{"href":"https:\/\/blogs.gazetaesportiva.com\/planeta-octogono\/wp-json\/wp\/v2\/posts\/16476","targetHints":{"allow":["GET"]}}],"collection":[{"href":"https:\/\/blogs.gazetaesportiva.com\/planeta-octogono\/wp-json\/wp\/v2\/posts"}],"about":[{"href":"https:\/\/blogs.gazetaesportiva.com\/planeta-octogono\/wp-json\/wp\/v2\/types\/post"}],"author":[{"embeddable":true,"href":"https:\/\/blogs.gazetaesportiva.com\/planeta-octogono\/wp-json\/wp\/v2\/users\/33"}],"replies":[{"embeddable":true,"href":"https:\/\/blogs.gazetaesportiva.com\/planeta-octogono\/wp-json\/wp\/v2\/comments?post=16476"}],"version-history":[{"count":0,"href":"https:\/\/blogs.gazetaesportiva.com\/planeta-octogono\/wp-json\/wp\/v2\/posts\/16476\/revisions"}],"wp:attachment":[{"href":"https:\/\/blogs.gazetaesportiva.com\/planeta-octogono\/wp-json\/wp\/v2\/media?parent=16476"}],"wp:term":[{"taxonomy":"category","embeddable":true,"href":"https:\/\/blogs.gazetaesportiva.com\/planeta-octogono\/wp-json\/wp\/v2\/categories?post=16476"},{"taxonomy":"post_tag","embeddable":true,"href":"https:\/\/blogs.gazetaesportiva.com\/planeta-octogono\/wp-json\/wp\/v2\/tags?post=16476"}],"curies":[{"name":"wp","href":"https:\/\/api.w.org\/{rel}","templated":true}]}}