{"id":16469,"date":"2015-02-25T01:12:31","date_gmt":"2015-02-25T04:12:31","guid":{"rendered":"https:\/\/blogs.gazetaesportiva.com\/planeta-octogono\/?p=16469"},"modified":"2015-02-25T01:12:31","modified_gmt":"2015-02-25T04:12:31","slug":"com-vitoria-sobre-russo-khabilov-adriano-martins-destaca-inteligencia-em-performance-no-ufc","status":"publish","type":"post","link":"https:\/\/blogs.gazetaesportiva.com\/planeta-octogono\/2015\/02\/25\/com-vitoria-sobre-russo-khabilov-adriano-martins-destaca-inteligencia-em-performance-no-ufc\/","title":{"rendered":"Com vit\u00f3ria sobre russo Khabilov, Adriano Martins destaca intelig\u00eancia em performance no UFC"},"content":{"rendered":"<figure id=\"attachment_16470\" aria-describedby=\"caption-attachment-16470\" style=\"width: 695px\" class=\"wp-caption aligncenter\"><a href=\"https:\/\/blogs.gazetaesportiva.com\/planeta-octogono\/files\/2015\/02\/2121_23.04.2015_86219_ef_20150222.jpg\"><img loading=\"lazy\" decoding=\"async\" class=\"size-full wp-image-16470\" alt=\"Adriano Martins quer novos desafios no UFC - Lucas Uebel\/Inovafoto\" src=\"https:\/\/blogs.gazetaesportiva.com\/planeta-octogono\/files\/2015\/02\/2121_23.04.2015_86219_ef_20150222.jpg\" width=\"695\" height=\"463\" \/><\/a><figcaption id=\"caption-attachment-16470\" class=\"wp-caption-text\"><em><strong>Adriano Martins quer novos desafios no UFC &#8211; Lucas Uebel\/Inovafoto<\/strong><\/em><\/figcaption><\/figure>\n<p>&nbsp;<\/p>\n<p>O desafio de enfrentar um atleta top 15 da categoria n\u00e3o intimidou Adriano Martins.<\/p>\n<p>No \u00faltimo domingo, dia 22 de fevereiro, pelo UFC Fight Night 61, em Porto Alegre, o manauara seguiu \u00e0 risca a estrat\u00e9gia tra\u00e7ada para o combate e venceu o russo Rustam Khabilov pela divis\u00e3o dos leves (at\u00e9 70,3kg). Agora, o brasileiro vive a expectativa pela entrada no ranking da categoria.<\/p>\n<p>Foi a terceira vit\u00f3ria de Adriano na organiza\u00e7\u00e3o, em quatro combates disputados, e novos desafios contra atletas bem colocados na divis\u00e3o j\u00e1 fazem parte do planejamento do atleta.<\/p>\n<p>Embalado por um nocaute sobre Juan Manuel Puig, em julho de 2014, Adriano se comprometeu com a estrat\u00e9gia definida para o combate durante os tr\u00eas rounds de disputa.<\/p>\n<p>Khabilov \u00e9 conhecido por sua movimenta\u00e7\u00e3o em luta, e isso obrigou o manauara a tra\u00e7ar um plano que frustrasse o russo. A escolha foi exatamente em uma \u00e1rea na qual seu oponente era temido: o grappling.<\/p>\n<p>&#8220;Desde quando a luta foi casada, decidi com minha equipe que a estrat\u00e9gia seria surpreender. Ele imaginava que eu partiria para a troca\u00e7\u00e3o, por lutar em casa e porque ele tem uma base de luta agarrada muito boa.<\/p>\n<p>Treinei muita queda, tanto para derrubar como para defender, e consegui colocar em pr\u00e1tica na luta, surpreendendo-o e conseguindo uma grande vit\u00f3ria. Foi uma vit\u00f3ria inteligente&#8221;, comemorou o brasileiro.<\/p>\n<p>A vit\u00f3ria sobre o russo, que ocupa a 14\u00aa posi\u00e7\u00e3o no ranking dos leves do UFC, aumentou a confian\u00e7a do brasileiro para encarar mais um advers\u00e1rio de renome em seu pr\u00f3ximo duelo. Adriano, que fez sua segunda luta pela organiza\u00e7\u00e3o no Brasil, conquistando o segundo triunfo, vive a expectativa de figurar entre os 15 melhores j\u00e1 na pr\u00f3xima atualiza\u00e7\u00e3o do ranking.<\/p>\n<p>Apontado com azar\u00e3o para o embate com Khabilov, o manauara n\u00e3o se incomodou com a posi\u00e7\u00e3o. &#8220;Muita gente me apontava como azar\u00e3o pelo fato do Khabilov estar no Top 15 e eu n\u00e3o, mas a categoria \u00e9 muito parelha, tem muita gente boa. S\u00e3o s\u00f3 15 no ranking, ent\u00e3o acaba ficando muita gente boa de fora.<\/p>\n<p>N\u00e3o me motivei mais por ser azar\u00e3o. Minha motiva\u00e7\u00e3o veio da vontade que sempre tenho de vencer e do apoio da minha fam\u00edlia, amigos e dos f\u00e3s brasileiros. Quando fecha a porta do oct\u00f3gono, n\u00e3o tem favorito. S\u00e3o dois atletas muito bem preparados para lutar em alto n\u00edvel, e a\u00ed tudo pode acontecer. O mais bem preparado vai vencer&#8221;.<\/p>\n<p>Ap\u00f3s a vit\u00f3ria, Adriano Martins seguiu no Rio Grande do Sul, onde aproveita dias de folga com a fam\u00edlia em Gramado, munic\u00edpio localizado na Serra Ga\u00facha e um dos principais pontos tur\u00edsticos do estado. Nome do advers\u00e1rio e data para a pr\u00f3xima luta, ele deixa sob responsabilidade da organiza\u00e7\u00e3o e seus empres\u00e1rios, Samir Nadaf e Alex Davis.<\/p>\n<p>&#8220;Estou muito feliz por ter batido um cara bem posicionado no ranking, mas quero mais. Nunca tive vida f\u00e1cil no UFC, s\u00f3 encarei pedreira, e espero mais uma pela frente em breve.<\/p>\n<p>N\u00e3o tenho ningu\u00e9m na al\u00e7a de mira, mas quero sempre lutar com os melhores. Pedi isso aos meus empres\u00e1rios e eles passaram para o UFC. Pr\u00f3ximo oponente, data, local da luta, isso eu deixo com eles, mas quero lutar novamente ainda no primeiro semestre&#8221;, finalizou.<\/p>\n","protected":false},"excerpt":{"rendered":"<p>&nbsp; O desafio de enfrentar um atleta top 15 da categoria n\u00e3o intimidou Adriano Martins. No \u00faltimo domingo, dia 22 de fevereiro, pelo UFC Fight <a class=\"read-more\" href=\"https:\/\/blogs.gazetaesportiva.com\/planeta-octogono\/2015\/02\/25\/com-vitoria-sobre-russo-khabilov-adriano-martins-destaca-inteligencia-em-performance-no-ufc\/\">leia mais<\/a><\/p>\n","protected":false},"author":33,"featured_media":16470,"comment_status":"open","ping_status":"open","sticky":false,"template":"","format":"standard","meta":{"jetpack_post_was_ever_published":false,"_jetpack_newsletter_access":"","_jetpack_dont_email_post_to_subs":false,"_jetpack_newsletter_tier_id":0,"_jetpack_memberships_contains_paywalled_content":false,"_jetpack_memberships_contains_paid_content":false,"footnotes":"","jetpack_publicize_message":"","jetpack_publicize_feature_enabled":true,"jetpack_social_post_already_shared":false,"jetpack_social_options":{"image_generator_settings":{"template":"highway","default_image_id":0,"font":"","enabled":false},"version":2}},"categories":[1],"tags":[567,735],"class_list":["post-16469","post","type-post","status-publish","format-standard","has-post-thumbnail","hentry","category-principal","tag-adriano-martins","tag-ufc-porto-alegre"],"jetpack_publicize_connections":[],"jetpack_featured_media_url":"https:\/\/blogs.gazetaesportiva.com\/planeta-octogono\/files\/2015\/02\/2121_23.04.2015_86219_ef_20150222.jpg","jetpack_sharing_enabled":true,"jetpack_shortlink":"https:\/\/wp.me\/p6rqUQ-4hD","_links":{"self":[{"href":"https:\/\/blogs.gazetaesportiva.com\/planeta-octogono\/wp-json\/wp\/v2\/posts\/16469","targetHints":{"allow":["GET"]}}],"collection":[{"href":"https:\/\/blogs.gazetaesportiva.com\/planeta-octogono\/wp-json\/wp\/v2\/posts"}],"about":[{"href":"https:\/\/blogs.gazetaesportiva.com\/planeta-octogono\/wp-json\/wp\/v2\/types\/post"}],"author":[{"embeddable":true,"href":"https:\/\/blogs.gazetaesportiva.com\/planeta-octogono\/wp-json\/wp\/v2\/users\/33"}],"replies":[{"embeddable":true,"href":"https:\/\/blogs.gazetaesportiva.com\/planeta-octogono\/wp-json\/wp\/v2\/comments?post=16469"}],"version-history":[{"count":0,"href":"https:\/\/blogs.gazetaesportiva.com\/planeta-octogono\/wp-json\/wp\/v2\/posts\/16469\/revisions"}],"wp:featuredmedia":[{"embeddable":true,"href":"https:\/\/blogs.gazetaesportiva.com\/planeta-octogono\/wp-json\/wp\/v2\/media\/16470"}],"wp:attachment":[{"href":"https:\/\/blogs.gazetaesportiva.com\/planeta-octogono\/wp-json\/wp\/v2\/media?parent=16469"}],"wp:term":[{"taxonomy":"category","embeddable":true,"href":"https:\/\/blogs.gazetaesportiva.com\/planeta-octogono\/wp-json\/wp\/v2\/categories?post=16469"},{"taxonomy":"post_tag","embeddable":true,"href":"https:\/\/blogs.gazetaesportiva.com\/planeta-octogono\/wp-json\/wp\/v2\/tags?post=16469"}],"curies":[{"name":"wp","href":"https:\/\/api.w.org\/{rel}","templated":true}]}}