{"id":16465,"date":"2015-02-24T06:17:04","date_gmt":"2015-02-24T09:17:04","guid":{"rendered":"https:\/\/blogs.gazetaesportiva.com\/planeta-octogono\/?p=16465"},"modified":"2015-02-24T06:17:04","modified_gmt":"2015-02-24T09:17:04","slug":"ufc-oficializa-disputa-de-cinturao-entre-velasquez-e-werdum-no-mexico-em-junho","status":"publish","type":"post","link":"https:\/\/blogs.gazetaesportiva.com\/planeta-octogono\/2015\/02\/24\/ufc-oficializa-disputa-de-cinturao-entre-velasquez-e-werdum-no-mexico-em-junho\/","title":{"rendered":"UFC oficializa disputa de cintur\u00e3o entre Velasquez e Werdum no M\u00e9xico em junho"},"content":{"rendered":"<figure id=\"attachment_16466\" aria-describedby=\"caption-attachment-16466\" style=\"width: 300px\" class=\"wp-caption alignleft\"><a href=\"https:\/\/blogs.gazetaesportiva.com\/planeta-octogono\/files\/2015\/02\/ufc_188_esp.jpg\"><img loading=\"lazy\" decoding=\"async\" class=\"size-full wp-image-16466\" alt=\"Werdum finalmente enfrenta Velasquez em junho - Divulga\u00e7\u00e3o\" src=\"https:\/\/blogs.gazetaesportiva.com\/planeta-octogono\/files\/2015\/02\/ufc_188_esp.jpg\" width=\"300\" height=\"431\" \/><\/a><figcaption id=\"caption-attachment-16466\" class=\"wp-caption-text\"><strong><em>Werdum finalmente enfrenta Velasquez em junho &#8211; Divulga\u00e7\u00e3o<\/em><\/strong><\/figcaption><\/figure>\n<p>\u00c9 oficial!<\/p>\n<p>O UFC anunciou nesta segunda feira que a organiza\u00e7\u00e3o retorna ao M\u00e9xico no m\u00eas de junho.<\/p>\n<p>No dia 13, a Arena Ciudad de Mexico, a mesma que recebeu a edi\u00e7\u00e3o 180 em novembro volta a sediar uma edi\u00e7\u00e3o do UFC, com o duelo entre o campe\u00e3o peso pesado Cain Velasquez enfrentando o campe\u00e3o interino, o brasileiro Fabr\u00edcio Werdum.<\/p>\n<p>A luta que era para acontecer na edi\u00e7\u00e3o 180, foi adiada devido uma les\u00e3o no joelho de Cain, que foi substitu\u00eddo pelo neozeland\u00eas Mark Hunt.<\/p>\n<p>No combate, Fabr\u00edcio acabou vencendo por nocaute com uma joelhada e conquistando o direito de desafiar Velasquez novamente.<\/p>\n<p>O UFC tamb\u00e9m confirmou o duelo entre Gilbert Melendez contra Eddie Alvarez que ser\u00e1 a co luta principal do evento.<\/p>\n<p>&nbsp;<\/p>\n<p><strong><em>Wanderlei Silva manda mensagem de apoio a Spider<\/em> <\/strong>&#8211; O \u00eddolo brasileiro Wanderlei Silva se pronunciou sobre o caso de doping de Anderson Silva.<\/p>\n<p>Atrav\u00e9s de um v\u00eddeo publicado no Youtube, o ex parceiro de treinos de Spider defendeu o lutador no caso e disse que seu legado \u00e9 muito maior do que a situa\u00e7\u00e3o que Anderson est\u00e1 enfrentando.<\/p>\n<p>Al\u00e9m dos incentivos, Wanderlei agradeceu publicamente a Anderson por tudo que o atleta fez pelo MMA no Brasil e no mundo.<\/p>\n<p>[yframe url=&#8217;www.youtube.com\/watch?v=Rx5WRuSiJOg&#8217;]<\/p>\n<p>&nbsp;<\/p>\n<p><strong><em>Coment\u00e1rios dos lutadores ap\u00f3s o UFC Porto Alegre<\/em><\/strong> &#8211; Os lutadores que participaram da edi\u00e7\u00e3o do UFC neste \u00faltimo domingo em Porto Alegre, comentaram suas atua\u00e7\u00f5es no evento.<\/p>\n<p>Com 7 derrotas, o Brasil pela primeira vez perdeu sete combates contra estrangeiros em uma edi\u00e7\u00e3o brasileira.<\/p>\n<p>&nbsp;<\/p>\n<p style=\"text-align: center\"><strong><em>Confira o que os lutadores da noite tiveram a dizer:<\/em><\/strong><\/p>\n<p><strong>Ant\u00f4nio Pez\u00e3o<\/strong><\/p>\n<p>&#8220;N\u00e3o achei que a luta fosse terminar dessa forma, mas MMA \u00e9 isso. Parab\u00e9ns para o Frank Mir e vamos para a pr\u00f3xima.&#8221;<\/p>\n<p><strong>Frank Mir<\/strong><\/p>\n<p>&#8220;Pez\u00e3o tem muito cora\u00e7\u00e3o, ent\u00e3o eu sabia que ele seria capaz de aguentar muitos golpes. Estou feliz por ter conseguido derrot\u00e1-lo. Eu sabia que precisava dessa vit\u00f3ria. Com a possibilidade da volta do Brock Lesnar, eu queria vencer para ter a chance de enfrent\u00e1-lo&#8221;<\/p>\n<p><strong>Michael Johnson<\/strong><\/p>\n<p>&#8220;Ele me surpreendeu com alguns golpes, mas eu j\u00e1 sabia o que esperar do jogo dele. Eu queria ter finalizado, mas enfrentei o n\u00famero 6 do ranking, ent\u00e3o aceito a decis\u00e3o sem problemas. Estou pronto para o meu pr\u00f3ximo oponente. Eu quero os caras que est\u00e3o no topo da divis\u00e3o. Estou pronto para um n\u00famero 3 ou 4, quero o cintur\u00e3o at\u00e9 o final do ano.&#8221;<\/p>\n<p><strong>Cezar Mutante<\/strong><\/p>\n<p>&#8220;Foi uma fatalidade, eu estava bem, mas ele encaixou o golpe e a luta acabou. Eu vou voltar, e vou voltar bem!&#8221;<\/p>\n<p><strong>Sam Alvey<\/strong><\/p>\n<p>&#8220;Eu sabia que ele ia me chutar muito e eu estava preparado pra isso. Eu estou impressionado com o p\u00fablico do Brasil, torcendo por mim e comemorando a minha vit\u00f3ria. Esse pa\u00eds \u00e9 incr\u00edvel e a torcida \u00e9 maravilhosa.&#8221;<\/p>\n<figure id=\"attachment_16454\" aria-describedby=\"caption-attachment-16454\" style=\"width: 695px\" class=\"wp-caption aligncenter\"><a href=\"https:\/\/blogs.gazetaesportiva.com\/planeta-octogono\/files\/2015\/02\/2121_23.40.2015_86318_ef_20150223.jpg\"><img loading=\"lazy\" decoding=\"async\" class=\"size-full wp-image-16454\" alt=\"Pez\u00e3o e mais 6 brasileiros perderam em Porto Alegre - Wander Roberto\/Inovafoto\" src=\"https:\/\/blogs.gazetaesportiva.com\/planeta-octogono\/files\/2015\/02\/2121_23.40.2015_86318_ef_20150223.jpg\" width=\"695\" height=\"463\" \/><\/a><figcaption id=\"caption-attachment-16454\" class=\"wp-caption-text\"><strong><em>Pez\u00e3o e mais 6 brasileiros perderam em Porto Alegre &#8211; Wander Roberto\/Inovafoto<\/em><\/strong><\/figcaption><\/figure>\n<p><strong>Rustam Khabilov\u00a0\u00a0\u00a0\u00a0\u00a0\u00a0\u00a0\u00a0<\/strong><\/p>\n<p>&#8220;Ele venceu a sua \u00faltima luta no primeiro round. Dessa vez, ele conseguiu dois ou tr\u00eas takedowns que me surpreenderam.&#8221;<\/p>\n<p><strong>Adriano Martins<\/strong><\/p>\n<p>&#8220;Essa era a minha oportunidade de entrar no ranking, ent\u00e3o foi uma luta totalmente de estrat\u00e9gia. Sei que o p\u00fablico ficou decepcionado, mas eu precisava lutar dessa forma, lutei machucado, estou com uma les\u00e3o no joelho esquerdo e tive que parar de treinar por um tempo.&#8221;<\/p>\n<p><strong>Iuri Alcantara<\/strong><\/p>\n<p>&#8220;Concordei com o resultado. Ele foi melhor, teve uma boa estrat\u00e9gia. Eu estava exausto no terceiro round, lutando s\u00f3 com o cora\u00e7\u00e3o mesmo.&#8221;<\/p>\n<p><strong>Frankie Saenz \u00a0 \u00a0 \u00a0 \u00a0 \u00a0<\/strong><\/p>\n<p>&#8220;Consegui antecipar o jogo dele, seus chutes e socos. O nosso plano desde o come\u00e7o era cans\u00e1-lo ao longo dos tr\u00eas rounds e eu acho que conseguimos.&#8221;<\/p>\n<p><strong>Santiago Ponzinibbio<\/strong><\/p>\n<p>&#8220;Luta boa, lutei com o cora\u00e7\u00e3o e deu certo. Espero ainda levar o b\u00f4nus de luta da noite e sair com um dinheirinho a mais daqui de Porto Alegre.&#8221;<\/p>\n<p><strong>Sean Strickland<\/strong><\/p>\n<p>&#8220;Eu achava que tr\u00eas knockdowns valiam mais do que um takedown, mas acho que estava errado,&#8221;<\/p>\n<p><strong>Jessica Andrade<\/strong><\/p>\n<p>&#8220;Eu errei a estrat\u00e9gia, deveria ter mantido a luta em p\u00e9. Eu sabia que o jogo de ch\u00e3o dela era bom e foi isso. Mas n\u00e3o vai ser uma derrota que vai me derrubar.&#8221;<\/p>\n<p><strong>Marion Reneau<\/strong><\/p>\n<p>&#8220;Foi uma boa luta. Era muito importante para mim mostrar meu jiu-jitsu. Eu ouvi um coment\u00e1rio em que diziam que minha faixa marrom era a mesma coisa que a faixa azul dela e eu precisava mostrar que isso n\u00e3o fazia o menor sentido. Eu sou uma leg\u00edtima faixa marrom de jiu-jitsu!&#8221;<\/p>\n<p><strong>William Patolino<\/strong><\/p>\n<p>&#8220;Estou muito decepcionado.\u201d<\/p>\n<p><strong>Matt Dwyer<\/strong><br \/>\n&#8220;Era uma luta de vida ou morte para n\u00f3s dois e eu n\u00e3o ia me contentar com nada menos que a vit\u00f3ria. Eu nunca havia nocauteado ningu\u00e9m dessa forma e a sensa\u00e7\u00e3o \u00e9 a melhor poss\u00edvel. Espero ainda levar pra casa o b\u00f4nus de desempenho da noite.&#8221;<\/p>\n<p><strong>Mike De La Torre<\/strong><\/p>\n<p>&#8220;Ele vinha de uma sequ\u00eancia de 10 vit\u00f3rias e eu sabia que seria uma luta dura. Ele enfrentou o meu amigo Akbarh Arreola, ent\u00e3o eu j\u00e1 tinha boas informa\u00e7\u00f5es e dicas de como venc\u00ea-lo. Eu s\u00f3 precisava acertar minhas combina\u00e7\u00f5es de golpe e pronto.&#8221;<\/p>\n<p><strong>Douglas D\u00b4Silva<\/strong><\/p>\n<p>Eu perdi muito peso para lutar nessa nova categoria e acho que senti a mudan\u00e7a um pouco. Mas o meu oponente tamb\u00e9m era um cara muito duro. Eu s\u00f3 quero agradecer minha fam\u00edlia, meus amigos, Deus e meus f\u00e3s.&#8221;<\/p>\n<p><strong>Cody Gibson<\/strong><\/p>\n<p>Ele me bateu muito no segundo round e me levou pro ch\u00e3o, coisa que nunca havia acontecido na minha carreira. Foi uma luta dura, que poderia ter sido vencida por mim. N\u00e3o estou triste, apenas desapontado.<\/p>\n<p><strong>Ivan Batman<\/strong><\/p>\n<p>&#8220;Ele \u00e9 um cara muito duro, sabia que ele era bom no ch\u00e3o. Tentei finalizar no katagame, mas n\u00e3o consegui. Queria ter vencido por finaliza\u00e7\u00e3o ou nocaute, mas vou trabalhar mais para conseguir da pr\u00f3xima.&#8221;<\/p>\n<p><strong>Josh Shockley<\/strong><\/p>\n<p>&#8220;Eu achei uma decis\u00e3o completamente equivocada, acho que venci, mas a culpa \u00e9 minha por ter deixado na m\u00e3o dos \u00e1rbitros.&#8221;<\/p>\n","protected":false},"excerpt":{"rendered":"<p>\u00c9 oficial! O UFC anunciou nesta segunda feira que a organiza\u00e7\u00e3o retorna ao M\u00e9xico no m\u00eas de junho. No dia 13, a Arena Ciudad de <a class=\"read-more\" href=\"https:\/\/blogs.gazetaesportiva.com\/planeta-octogono\/2015\/02\/24\/ufc-oficializa-disputa-de-cinturao-entre-velasquez-e-werdum-no-mexico-em-junho\/\">leia mais<\/a><\/p>\n","protected":false},"author":33,"featured_media":16466,"comment_status":"open","ping_status":"open","sticky":false,"template":"","format":"standard","meta":{"jetpack_post_was_ever_published":false,"_jetpack_newsletter_access":"","_jetpack_dont_email_post_to_subs":false,"_jetpack_newsletter_tier_id":0,"_jetpack_memberships_contains_paywalled_content":false,"_jetpack_memberships_contains_paid_content":false,"footnotes":"","jetpack_publicize_message":"","jetpack_publicize_feature_enabled":true,"jetpack_social_post_already_shared":false,"jetpack_social_options":{"image_generator_settings":{"template":"highway","default_image_id":0,"font":"","enabled":false},"version":2}},"categories":[1],"tags":[253,79,744,705,116],"class_list":["post-16465","post","type-post","status-publish","format-standard","has-post-thumbnail","hentry","category-principal","tag-cain-velasquez","tag-fabricio-werdum","tag-ufc-188","tag-ufc-mexico","tag-wanderlei-silva"],"jetpack_publicize_connections":[],"jetpack_featured_media_url":"https:\/\/blogs.gazetaesportiva.com\/planeta-octogono\/files\/2015\/02\/ufc_188_esp.jpg","jetpack_sharing_enabled":true,"jetpack_shortlink":"https:\/\/wp.me\/p6rqUQ-4hz","_links":{"self":[{"href":"https:\/\/blogs.gazetaesportiva.com\/planeta-octogono\/wp-json\/wp\/v2\/posts\/16465","targetHints":{"allow":["GET"]}}],"collection":[{"href":"https:\/\/blogs.gazetaesportiva.com\/planeta-octogono\/wp-json\/wp\/v2\/posts"}],"about":[{"href":"https:\/\/blogs.gazetaesportiva.com\/planeta-octogono\/wp-json\/wp\/v2\/types\/post"}],"author":[{"embeddable":true,"href":"https:\/\/blogs.gazetaesportiva.com\/planeta-octogono\/wp-json\/wp\/v2\/users\/33"}],"replies":[{"embeddable":true,"href":"https:\/\/blogs.gazetaesportiva.com\/planeta-octogono\/wp-json\/wp\/v2\/comments?post=16465"}],"version-history":[{"count":0,"href":"https:\/\/blogs.gazetaesportiva.com\/planeta-octogono\/wp-json\/wp\/v2\/posts\/16465\/revisions"}],"wp:featuredmedia":[{"embeddable":true,"href":"https:\/\/blogs.gazetaesportiva.com\/planeta-octogono\/wp-json\/wp\/v2\/media\/16466"}],"wp:attachment":[{"href":"https:\/\/blogs.gazetaesportiva.com\/planeta-octogono\/wp-json\/wp\/v2\/media?parent=16465"}],"wp:term":[{"taxonomy":"category","embeddable":true,"href":"https:\/\/blogs.gazetaesportiva.com\/planeta-octogono\/wp-json\/wp\/v2\/categories?post=16465"},{"taxonomy":"post_tag","embeddable":true,"href":"https:\/\/blogs.gazetaesportiva.com\/planeta-octogono\/wp-json\/wp\/v2\/tags?post=16465"}],"curies":[{"name":"wp","href":"https:\/\/api.w.org\/{rel}","templated":true}]}}