{"id":16458,"date":"2015-02-23T02:33:17","date_gmt":"2015-02-23T05:33:17","guid":{"rendered":"https:\/\/blogs.gazetaesportiva.com\/planeta-octogono\/?p=16458"},"modified":"2015-02-23T02:33:41","modified_gmt":"2015-02-23T05:33:41","slug":"mma-com-opiniao-sinal-amarelo-ou-vermelho-para-o-mma-brasileiro-apos-vexame-em-porto-alegre","status":"publish","type":"post","link":"https:\/\/blogs.gazetaesportiva.com\/planeta-octogono\/2015\/02\/23\/mma-com-opiniao-sinal-amarelo-ou-vermelho-para-o-mma-brasileiro-apos-vexame-em-porto-alegre\/","title":{"rendered":"MMA com Opini\u00e3o: Sinal Amarelo ou Vermelho para o MMA Brasileiro, ap\u00f3s vexame em Porto Alegre?"},"content":{"rendered":"<figure id=\"attachment_16454\" aria-describedby=\"caption-attachment-16454\" style=\"width: 695px\" class=\"wp-caption aligncenter\"><a href=\"https:\/\/blogs.gazetaesportiva.com\/planeta-octogono\/files\/2015\/02\/2121_23.40.2015_86318_ef_20150223.jpg\"><img loading=\"lazy\" decoding=\"async\" class=\"size-full wp-image-16454\" alt=\"Derrotas s\u00e3o aviso claro de que o MMA brasileiro est\u00e1 com problemas s\u00e9rios  - Wander Roberto\/Inovafoto\" src=\"https:\/\/blogs.gazetaesportiva.com\/planeta-octogono\/files\/2015\/02\/2121_23.40.2015_86318_ef_20150223.jpg\" width=\"695\" height=\"463\" \/><\/a><figcaption id=\"caption-attachment-16454\" class=\"wp-caption-text\"><strong><em>Derrotas s\u00e3o aviso claro de que o MMA brasileiro est\u00e1 com problemas s\u00e9rios &#8211; Wander Roberto\/Inovafoto<\/em><\/strong><\/figcaption><\/figure>\n<p>&nbsp;<\/p>\n<p>Dia 22 de fevereiro de 2015, Porto Alegre.<\/p>\n<p>O que era para ser um dia de festa se tornou em tristeza.<\/p>\n<p>Na estr\u00e9ia do UFC na capital ga\u00facha, os brasileiros n\u00e3o conseguiram mostrar sua for\u00e7a.<\/p>\n<p>Em 10 lutas, apenas 3 vit\u00f3rias com Ivan Batman, Douglas Silva e Adriano Martins em uma luta que deixou muito a desejar e recebeu muitas vaias do p\u00fablico, que fez uma grande festa no Gigantinho.<\/p>\n<p>Ingressos todos vendidos, mesmo com os problemas neste evento, j\u00e1 que a luta principal seria entre Glover Teixeira e Rashad Evans que caiu por les\u00e3o de ambos os atletas.<\/p>\n<p>Ant\u00f4nio Pez\u00e3o foi convocado para assumir a responsabilidade de representar o Brasil na luta principal contra Frank Mir.<\/p>\n<p>N\u00e3o somente ele, mas William Patolino, Tiago Trator, J\u00e9ssica Andrade, Edson Barboza, Yuri Maraj\u00f3, C\u00e9zar Mutante e Pez\u00e3o.<\/p>\n<p>4 derrotas duras com Mutante, Patolino, Trator e Ant\u00f4nio Pez\u00e3o que trouxeram o sil\u00eancio no Gin\u00e1sio.<\/p>\n<p>Uma noite de trag\u00e9dia anunciada?\u00a0Talvez, mas o aviso n\u00e3o vem de hoje.<\/p>\n<p>Em outras edi\u00e7\u00f5es no Brasil, nossos atletas n\u00e3o vem conseguindo bons desempenhos.<\/p>\n<p>Em Barueri, Demian Maia perdeu para Jake Shields que nem no UFC est\u00e1 mais.<\/p>\n<p>Erick Silva acabou sendo surpreendido por Dong Hyun Kim.<\/p>\n<figure id=\"attachment_15079\" aria-describedby=\"caption-attachment-15079\" style=\"width: 695px\" class=\"wp-caption aligncenter\"><a href=\"https:\/\/blogs.gazetaesportiva.com\/planeta-octogono\/files\/2014\/10\/1086_26.31.2014_80822_ef_20141026.jpg\"><img loading=\"lazy\" decoding=\"async\" class=\"size-full wp-image-15079\" alt=\"Jos\u00e9 Aldo, uma genialidade no meio do caos no MMA Brasileiro - William Lucas\/Inovafoto\" src=\"https:\/\/blogs.gazetaesportiva.com\/planeta-octogono\/files\/2014\/10\/1086_26.31.2014_80822_ef_20141026.jpg\" width=\"695\" height=\"463\" \/><\/a><figcaption id=\"caption-attachment-15079\" class=\"wp-caption-text\"><strong><em>Jos\u00e9 Aldo, uma genialidade no meio do caos no MMA Brasileiro &#8211; William Lucas\/Inovafoto<\/em><\/strong><\/figcaption><\/figure>\n<p>&nbsp;<\/p>\n<p>No Rio, Lyoto Machida perdeu para Phil Davis, Jos\u00e9 Aldo passou dificuldades contra Chad Mendes mesmo vencendo.<\/p>\n<p>Sem mencionar diversos outros resultados negativos, \u00e9 vis\u00edvel notar que o MMA brasileiro, que internamente ainda vive um caos, com desorganiza\u00e7\u00e3o e um extremo amadorismo, no pa\u00eds.<\/p>\n<p>\u00c9 lutador que morreu com problemas na perda de peso para uma luta, promotores que n\u00e3o conseguem dar condi\u00e7\u00f5es dignas de trabalho aos atletas devido o pouco recurso que tem.<\/p>\n<p>Sem contar os problemas das &#8220;Comiss\u00f5es&#8221; Atl\u00e9ticas com suas disputas pol\u00edticas e de interesse.<\/p>\n<p>N\u00e3o existe organiza\u00e7\u00e3o e indiretamente, os eventos acabam n\u00e3o dando condi\u00e7\u00f5es para o atleta desempenhar o seu melhor dentro do oct\u00f3gono.<\/p>\n<p>As equipes, acabam tamb\u00e9m sendo prejudicadas porque n\u00e3o h\u00e1 uma evolu\u00e7\u00e3o em alto n\u00edvel e aos poucos, nosso MMA que \u00e9 conhecido por ser um dos melhores do mundo, estamos deixando de ser uma pot\u00eancia.<\/p>\n<p>Talvez, por ter grandes nomes no cen\u00e1rio ainda no auge e perto de disputas de cintur\u00e3o, isso pode vir a iludir, fazer o p\u00fablico esquecer a dura realidade.<\/p>\n<p>Os americanos a cada dia que passa, procuram aprender.<\/p>\n<p>As grandes academias possuem estruturas de dar inveja ao Brasil.<\/p>\n<p>Trabalho feito com muita seriedade e que vem dado resultado.<\/p>\n<p>O Brasil que tinha v\u00e1rios cintur\u00f5es, sobrevive agora, apenas com um, mediante a genialidade de Jos\u00e9 Aldo que vence grande batalhas e n\u00e3o tem o mesmo prest\u00edgio de Vitor Belfort e Anderson Silva.<\/p>\n<p>\u00c9 claro, que existe academias com boas estruturas mas nada parecido com os Estados Unidos.<\/p>\n<p>Academias como CM System, Pitbull Brothers, Nova Uni\u00e3o, Team Nogueira, Astra Team, RFT, Chute Boxe\/Diego Lima, ainda conseguem manter um n\u00edvel considerado aceit\u00e1vel, se comparado ao que nosso esporte merece e possui de talento.<\/p>\n<p>Por\u00e9m os problemas acima citados, acabam limitando os lutadores de evoluir mais e os mesmos entram em uma zona de conforto, que em um esporte de alt\u00edssimo n\u00edvel \u00e9 um suic\u00eddio a passos lentos.<\/p>\n<p>O MMA brasileiro pede socorro.<\/p>\n<p>Enquanto esta desorganiza\u00e7\u00e3o n\u00e3o for resolvida, o risco de mais vexames como o da noite deste s\u00e1bado, podem ser n\u00e3o s\u00f3 um fato isolado, mas de maneira frequente no UFC.<\/p>\n<p>Porto Alegre e os f\u00e3s ga\u00fachos n\u00e3o mereciam isso, mas o sinal foi dado.<\/p>\n<p>Apesar da situa\u00e7\u00e3o dif\u00edcil, ainda existe uma esperan\u00e7a de que nosso esporte em m\u00e3os de pessoas s\u00e9rias, honestas, bem intencionadas e com responsabilidade possam ajudar a reverter este quadro negativo.<\/p>\n<figure id=\"attachment_16459\" aria-describedby=\"caption-attachment-16459\" style=\"width: 695px\" class=\"wp-caption aligncenter\"><a href=\"https:\/\/blogs.gazetaesportiva.com\/planeta-octogono\/files\/2015\/02\/2121_22.41.2015_86208_ef_20150222.jpg\"><img loading=\"lazy\" decoding=\"async\" class=\"size-full wp-image-16459\" alt=\"Em estr\u00e9ia do UFC em Porto Alegre, 7 derrotas e 3 vit\u00f3rias - Jefferson Bernardes\/Inovafoto\" src=\"https:\/\/blogs.gazetaesportiva.com\/planeta-octogono\/files\/2015\/02\/2121_22.41.2015_86208_ef_20150222.jpg\" width=\"695\" height=\"463\" \/><\/a><figcaption id=\"caption-attachment-16459\" class=\"wp-caption-text\"><strong><em>Em estr\u00e9ia do UFC em Porto Alegre, 7 derrotas e 3 vit\u00f3rias &#8211; Jefferson Bernardes\/Inovafoto<\/em><\/strong><\/figcaption><\/figure>\n","protected":false},"excerpt":{"rendered":"<p>&nbsp; Dia 22 de fevereiro de 2015, Porto Alegre. O que era para ser um dia de festa se tornou em tristeza. Na estr\u00e9ia do <a class=\"read-more\" href=\"https:\/\/blogs.gazetaesportiva.com\/planeta-octogono\/2015\/02\/23\/mma-com-opiniao-sinal-amarelo-ou-vermelho-para-o-mma-brasileiro-apos-vexame-em-porto-alegre\/\">leia mais<\/a><\/p>\n","protected":false},"author":33,"featured_media":16459,"comment_status":"open","ping_status":"open","sticky":false,"template":"","format":"standard","meta":{"jetpack_post_was_ever_published":false,"_jetpack_newsletter_access":"","_jetpack_dont_email_post_to_subs":false,"_jetpack_newsletter_tier_id":0,"_jetpack_memberships_contains_paywalled_content":false,"_jetpack_memberships_contains_paid_content":false,"footnotes":"","jetpack_publicize_message":"","jetpack_publicize_feature_enabled":true,"jetpack_social_post_already_shared":false,"jetpack_social_options":{"image_generator_settings":{"template":"highway","default_image_id":0,"font":"","enabled":false},"version":2}},"categories":[1],"tags":[12,612,41,735],"class_list":["post-16458","post","type-post","status-publish","format-standard","has-post-thumbnail","hentry","category-principal","tag-jose-aldo","tag-mma-nacional","tag-ufc","tag-ufc-porto-alegre"],"jetpack_publicize_connections":[],"jetpack_featured_media_url":"https:\/\/blogs.gazetaesportiva.com\/planeta-octogono\/files\/2015\/02\/2121_22.41.2015_86208_ef_20150222.jpg","jetpack_sharing_enabled":true,"jetpack_shortlink":"https:\/\/wp.me\/p6rqUQ-4hs","_links":{"self":[{"href":"https:\/\/blogs.gazetaesportiva.com\/planeta-octogono\/wp-json\/wp\/v2\/posts\/16458","targetHints":{"allow":["GET"]}}],"collection":[{"href":"https:\/\/blogs.gazetaesportiva.com\/planeta-octogono\/wp-json\/wp\/v2\/posts"}],"about":[{"href":"https:\/\/blogs.gazetaesportiva.com\/planeta-octogono\/wp-json\/wp\/v2\/types\/post"}],"author":[{"embeddable":true,"href":"https:\/\/blogs.gazetaesportiva.com\/planeta-octogono\/wp-json\/wp\/v2\/users\/33"}],"replies":[{"embeddable":true,"href":"https:\/\/blogs.gazetaesportiva.com\/planeta-octogono\/wp-json\/wp\/v2\/comments?post=16458"}],"version-history":[{"count":0,"href":"https:\/\/blogs.gazetaesportiva.com\/planeta-octogono\/wp-json\/wp\/v2\/posts\/16458\/revisions"}],"wp:featuredmedia":[{"embeddable":true,"href":"https:\/\/blogs.gazetaesportiva.com\/planeta-octogono\/wp-json\/wp\/v2\/media\/16459"}],"wp:attachment":[{"href":"https:\/\/blogs.gazetaesportiva.com\/planeta-octogono\/wp-json\/wp\/v2\/media?parent=16458"}],"wp:term":[{"taxonomy":"category","embeddable":true,"href":"https:\/\/blogs.gazetaesportiva.com\/planeta-octogono\/wp-json\/wp\/v2\/categories?post=16458"},{"taxonomy":"post_tag","embeddable":true,"href":"https:\/\/blogs.gazetaesportiva.com\/planeta-octogono\/wp-json\/wp\/v2\/tags?post=16458"}],"curies":[{"name":"wp","href":"https:\/\/api.w.org\/{rel}","templated":true}]}}