{"id":16438,"date":"2015-02-22T05:37:32","date_gmt":"2015-02-22T08:37:32","guid":{"rendered":"https:\/\/blogs.gazetaesportiva.com\/planeta-octogono\/?p=16438"},"modified":"2015-02-22T05:37:50","modified_gmt":"2015-02-22T08:37:50","slug":"em-pesagem-tranquila-pezao-encara-mir-em-busca-de-reabilitacao-no-ufc","status":"publish","type":"post","link":"https:\/\/blogs.gazetaesportiva.com\/planeta-octogono\/2015\/02\/22\/em-pesagem-tranquila-pezao-encara-mir-em-busca-de-reabilitacao-no-ufc\/","title":{"rendered":"Em pesagem tranquila, Antonio Pez\u00e3o encara Frank Mir em busca de reabilita\u00e7\u00e3o no UFC"},"content":{"rendered":"<figure id=\"attachment_16439\" aria-describedby=\"caption-attachment-16439\" style=\"width: 695px\" class=\"wp-caption aligncenter\"><a href=\"https:\/\/blogs.gazetaesportiva.com\/planeta-octogono\/files\/2015\/02\/2121_22.44.2015_85929_ef_20150221.jpg\"><img loading=\"lazy\" decoding=\"async\" class=\"size-full wp-image-16439\" alt=\"Pez\u00e3o e Mir se encaram em busca de reabilita\u00e7\u00e3o  no UFC - Wander Roberto\/Inovafoto\" src=\"https:\/\/blogs.gazetaesportiva.com\/planeta-octogono\/files\/2015\/02\/2121_22.44.2015_85929_ef_20150221.jpg\" width=\"695\" height=\"463\" \/><\/a><figcaption id=\"caption-attachment-16439\" class=\"wp-caption-text\"><strong><em>Pez\u00e3o e Mir se encaram em busca de reabilita\u00e7\u00e3o no UFC &#8211; Wander Roberto\/Inovafoto<\/em><\/strong><\/figcaption><\/figure>\n<p>O UFC realizou em Porto Alegre, no Gin\u00e1sio do Internacional, o Gigantinho, a sua pesagem oficial para a edi\u00e7\u00e3o que acontece neste domingo.<\/p>\n<p>Coma luta principal entre o brasileiro Ant\u00f4nio Pez\u00e3o contra o americano Frank Mir, o duelo \u00e9 um confronto para definir quem se reabilita no evento.<\/p>\n<p>Ap\u00f3s ter sido nocauteado por Andrei Arlovski em Bras\u00edlia, Pez\u00e3o est\u00e1 motivado para o combate.<\/p>\n<p>Treinando nos Estados Unidos, o lutador espera repetir grandes atua\u00e7\u00f5es como em lutas contra a lenda russa Fedor Emelianenko e o holand\u00eas Alistair Overeem e vencer por nocaute.<\/p>\n<p>Mir que tamb\u00e9m vem de uma s\u00e9rie negativa de 4 derrotas, est\u00e1 pressionado e mais um insucesso pode custar sua aposentadoria ou demiss\u00e3o do evento.<\/p>\n<p>[yframe url=&#8217;www.youtube.com\/watch?v=wnpjA17VhKY&#8217;]<\/p>\n<p>[yframe url=&#8217;www.youtube.com\/watch?v=__s8AXip_Eo&#8217;]<\/p>\n<p>Outra grande luta esperada, \u00e9 o duelo entre Edson Barboza contra o americano Michael Johnson.<\/p>\n<p>Ambos ranqueados entre os 15 melhores do peso, os lutadores se enfrentam para melhorar sua posi\u00e7\u00e3o na categoria.<\/p>\n<p>Talentoso, Edson confia no seu Muay Thai e em sua evolu\u00e7\u00e3o para conquistar mais uma grande vit\u00f3ria.<\/p>\n<p>[yframe url=&#8217;www.youtube.com\/watch?v=WmoVQSW8ppE&#8217;]<\/p>\n<p>O evento tamb\u00e9m tem outros grandes nomes do pa\u00eds como C\u00e9zar Mutante, William Patolino, J\u00e9ssica Andrade, Iuri Maraj\u00f3 entre outros.<\/p>\n<p>A not\u00edcia surpreendente foi o cancelamento do duelo entre Wendell Neg\u00e3o e TJ Waldburger.<\/p>\n<p>O americano passou mal durante o corte de peso e foi impedido de lutar.<\/p>\n<p>Ambos receberam a sua bolsa integral mesmo sem se enfrentarem na edi\u00e7\u00e3o.<\/p>\n<p style=\"text-align: center\"><strong><em>Veja o card do evento:<\/em><\/strong><\/p>\n<p style=\"text-align: center\"><strong><em>Card Oficial*<\/em><\/strong><\/p>\n<p style=\"text-align: center\"><strong><em>Ant\u00f4nio Pez\u00e3o\u00a0vs\u00a0Frank Mir\u00a0\u2013 peso pesado<\/em><\/strong><\/p>\n<p style=\"text-align: center\"><strong><em>Edson Barboza\u00a0vs Michael Johnson \u2013 peso leve<\/em><\/strong><\/p>\n<p style=\"text-align: center\"><strong><em>Cezar Mutante\u00a0vs\u00a0Sam Alvey\u00a0\u2013\u00a0peso m\u00e9dio<\/em><\/strong><\/p>\n<p style=\"text-align: center\"><strong><em>Adriano Martins\u00a0vs Rustam Khabilov \u2013 peso leve<\/em><\/strong><\/p>\n<p style=\"text-align: center\"><strong><em>Iuri Maraj\u00f3\u00a0vs Frankie Saenz \u2013 peso galo<\/em><\/strong><\/p>\n<p style=\"text-align: center\"><strong><em>William Patolino\u00a0vs\u00a0Matt Dwyer\u00a0\u2013\u00a0peso meio-m\u00e9dio<\/em><\/strong><\/p>\n<p style=\"text-align: center\"><strong><em>J\u00e9ssica Andrade\u00a0vs Marion Reneau \u2013 peso galo feminino<\/em><\/strong><\/p>\n<p style=\"text-align: center\"><strong><em>Santiago Ponzinibbio vs Sean Strickland \u2013 peso meio-m\u00e9dio<\/em><\/strong><\/p>\n<p style=\"text-align: center\"><strong><em>Ivan Batman\u00a0vs\u00a0Josh Shockley\u00a0\u2013\u00a0peso leve<\/em><\/strong><\/p>\n<p style=\"text-align: center\"><strong><em>Tiago Trator\u00a0vs Mike de la Torre \u2013 peso pena<\/em><\/strong><\/p>\n<p style=\"text-align: center\"><strong><em>Douglas Silva\u00a0vs Cody Gibson \u2013 peso pena<\/em><\/strong><\/p>\n<p>&nbsp;<\/p>\n<p>[yframe url=&#8217;www.youtube.com\/watch?v=EIsPmKoMWFM&#8217;]<\/p>\n<p>&nbsp;<\/p>\n","protected":false},"excerpt":{"rendered":"<p>O UFC realizou em Porto Alegre, no Gin\u00e1sio do Internacional, o Gigantinho, a sua pesagem oficial para a edi\u00e7\u00e3o que acontece neste domingo. Coma luta <a class=\"read-more\" href=\"https:\/\/blogs.gazetaesportiva.com\/planeta-octogono\/2015\/02\/22\/em-pesagem-tranquila-pezao-encara-mir-em-busca-de-reabilitacao-no-ufc\/\">leia mais<\/a><\/p>\n","protected":false},"author":33,"featured_media":16439,"comment_status":"open","ping_status":"open","sticky":false,"template":"","format":"standard","meta":{"jetpack_post_was_ever_published":false,"_jetpack_newsletter_access":"","_jetpack_dont_email_post_to_subs":false,"_jetpack_newsletter_tier_id":0,"_jetpack_memberships_contains_paywalled_content":false,"_jetpack_memberships_contains_paid_content":false,"footnotes":"","jetpack_publicize_message":"","jetpack_publicize_feature_enabled":true,"jetpack_social_post_already_shared":false,"jetpack_social_options":{"image_generator_settings":{"template":"highway","default_image_id":0,"font":"","enabled":false},"version":2}},"categories":[1],"tags":[449,318,635,741,256,735,511],"class_list":["post-16438","post","type-post","status-publish","format-standard","has-post-thumbnail","hentry","category-principal","tag-antonio-pezao","tag-cezar-mutante","tag-frank-mir","tag-iuri-marajo","tag-jessica-andrade","tag-ufc-porto-alegre","tag-william-patolino"],"jetpack_publicize_connections":[],"jetpack_featured_media_url":"https:\/\/blogs.gazetaesportiva.com\/planeta-octogono\/files\/2015\/02\/2121_22.44.2015_85929_ef_20150221.jpg","jetpack_sharing_enabled":true,"jetpack_shortlink":"https:\/\/wp.me\/p6rqUQ-4h8","_links":{"self":[{"href":"https:\/\/blogs.gazetaesportiva.com\/planeta-octogono\/wp-json\/wp\/v2\/posts\/16438","targetHints":{"allow":["GET"]}}],"collection":[{"href":"https:\/\/blogs.gazetaesportiva.com\/planeta-octogono\/wp-json\/wp\/v2\/posts"}],"about":[{"href":"https:\/\/blogs.gazetaesportiva.com\/planeta-octogono\/wp-json\/wp\/v2\/types\/post"}],"author":[{"embeddable":true,"href":"https:\/\/blogs.gazetaesportiva.com\/planeta-octogono\/wp-json\/wp\/v2\/users\/33"}],"replies":[{"embeddable":true,"href":"https:\/\/blogs.gazetaesportiva.com\/planeta-octogono\/wp-json\/wp\/v2\/comments?post=16438"}],"version-history":[{"count":0,"href":"https:\/\/blogs.gazetaesportiva.com\/planeta-octogono\/wp-json\/wp\/v2\/posts\/16438\/revisions"}],"wp:featuredmedia":[{"embeddable":true,"href":"https:\/\/blogs.gazetaesportiva.com\/planeta-octogono\/wp-json\/wp\/v2\/media\/16439"}],"wp:attachment":[{"href":"https:\/\/blogs.gazetaesportiva.com\/planeta-octogono\/wp-json\/wp\/v2\/media?parent=16438"}],"wp:term":[{"taxonomy":"category","embeddable":true,"href":"https:\/\/blogs.gazetaesportiva.com\/planeta-octogono\/wp-json\/wp\/v2\/categories?post=16438"},{"taxonomy":"post_tag","embeddable":true,"href":"https:\/\/blogs.gazetaesportiva.com\/planeta-octogono\/wp-json\/wp\/v2\/tags?post=16438"}],"curies":[{"name":"wp","href":"https:\/\/api.w.org\/{rel}","templated":true}]}}