{"id":16431,"date":"2015-02-22T05:15:40","date_gmt":"2015-02-22T08:15:40","guid":{"rendered":"https:\/\/blogs.gazetaesportiva.com\/planeta-octogono\/?p=16431"},"modified":"2015-02-22T05:15:40","modified_gmt":"2015-02-22T08:15:40","slug":"kleber-koike-brilha-finaliza-azhiev-e-kalindra-faria-faz-grande-luta-mas-perde-para-musa-polonesa-no-ksw-30","status":"publish","type":"post","link":"https:\/\/blogs.gazetaesportiva.com\/planeta-octogono\/2015\/02\/22\/kleber-koike-brilha-finaliza-azhiev-e-kalindra-faria-faz-grande-luta-mas-perde-para-musa-polonesa-no-ksw-30\/","title":{"rendered":"Kl\u00e9ber Koike brilha, finaliza Azhiev e Kalindra Faria faz grande luta mas perde para musa polonesa no KSW 30"},"content":{"rendered":"<figure id=\"attachment_16432\" aria-describedby=\"caption-attachment-16432\" style=\"width: 695px\" class=\"wp-caption aligncenter\"><a href=\"https:\/\/blogs.gazetaesportiva.com\/planeta-octogono\/files\/2015\/02\/11021499_771150042940490_62967325339248847_o.jpg\"><img loading=\"lazy\" decoding=\"async\" class=\"size-full wp-image-16432\" alt=\"Kl\u00e9ber Koike vibra com vit\u00f3ria na Pol\u00f4nia\/Divulga\u00e7\u00e3o \" src=\"https:\/\/blogs.gazetaesportiva.com\/planeta-octogono\/files\/2015\/02\/11021499_771150042940490_62967325339248847_o.jpg\" width=\"695\" height=\"462\" \/><\/a><figcaption id=\"caption-attachment-16432\" class=\"wp-caption-text\"><strong><em>Kl\u00e9ber Koike vibra com vit\u00f3ria na Pol\u00f4nia\/Divulga\u00e7\u00e3o<\/em><\/strong><\/figcaption><\/figure>\n<p>&nbsp;<\/p>\n<p>O KSW, um dos maiores eventos de MMA da Europa, realizou uma grande edi\u00e7\u00e3o neste s\u00e1bado em Poznan na Pol\u00f4nia.<\/p>\n<p>Pela primeira vez, o evento contou com tr\u00eas brasileiros em sua edi\u00e7\u00e3o.<\/p>\n<p>Enfrentando o favorito Anzor Azhiev, o brasileiro Kl\u00e9ber Koike que mora no Jap\u00e3o brilhou na edi\u00e7\u00e3o.<\/p>\n<p>Estreante, Kl\u00e9ber n\u00e3o sentiu a press\u00e3o e partir para cima de Azhiev desde o in\u00edcio.<\/p>\n<p>Com chutes e jabs, o brasileiro intimidava Azhiev que n\u00e3o sabia o que fazer at\u00e1 que sofreu um knockdown de Koike, ap\u00f3s um direto de direita.<\/p>\n<p>Perdido, Azhiev buscou colocar a luta no solo em duas oportunidades, at\u00e9 que sofreu um segundo knockdown ap\u00f3s a troca\u00e7\u00e3o franca com o brasileiro que chegou a debochar do oponente, pedindo para o mesmo atac\u00e1-lo.<\/p>\n<p>Com a luta no solo, Kl\u00e9ber mostrou a for\u00e7a de seu Jiu Jitsu, e rapidamente finalizou Azhiev com um bel\u00edssimo tri\u00e2ngulo.<\/p>\n<p>O brasileiro chega a sua d\u00e9cima oitava vit\u00f3ria no MMA.<\/p>\n<figure id=\"attachment_16433\" aria-describedby=\"caption-attachment-16433\" style=\"width: 695px\" class=\"wp-caption aligncenter\"><a href=\"https:\/\/blogs.gazetaesportiva.com\/planeta-octogono\/files\/2015\/02\/10988520_771149936273834_2139466306980300394_o.jpg\"><img loading=\"lazy\" decoding=\"async\" class=\"size-full wp-image-16433\" alt=\"Koike finaliza polon\u00eas no KSW - Divulga\u00e7\u00e3o\" src=\"https:\/\/blogs.gazetaesportiva.com\/planeta-octogono\/files\/2015\/02\/10988520_771149936273834_2139466306980300394_o.jpg\" width=\"695\" height=\"462\" \/><\/a><figcaption id=\"caption-attachment-16433\" class=\"wp-caption-text\"><strong><em>Koike finaliza polon\u00eas no KSW &#8211; Divulga\u00e7\u00e3o<\/em><\/strong><\/figcaption><\/figure>\n<p>&nbsp;<\/p>\n<p style=\"text-align: center\"><strong><em>Em luta emocionante em p\u00e9, Kalindra Faria faz grande luta mas perde para Kowalkiewicz<\/em><\/strong><\/p>\n<figure id=\"attachment_16435\" aria-describedby=\"caption-attachment-16435\" style=\"width: 695px\" class=\"wp-caption aligncenter\"><a href=\"https:\/\/blogs.gazetaesportiva.com\/planeta-octogono\/files\/2015\/02\/10857336_771182469603914_1219513812675253081_o.jpg\"><img loading=\"lazy\" decoding=\"async\" class=\"size-full wp-image-16435\" alt=\"Eficiente em contragolpes, Karolina venceu por decis\u00e3o dividida - Divulga\u00e7\u00e3o\" src=\"https:\/\/blogs.gazetaesportiva.com\/planeta-octogono\/files\/2015\/02\/10857336_771182469603914_1219513812675253081_o.jpg\" width=\"695\" height=\"462\" \/><\/a><figcaption id=\"caption-attachment-16435\" class=\"wp-caption-text\"><strong><em>Eficiente em contragolpes, Karolina venceu por decis\u00e3o dividida &#8211; Divulga\u00e7\u00e3o<\/em><\/strong><\/figcaption><\/figure>\n<p>O duelo entre as \u00fanicas mulheres do card, a paulista Kalindra Faria enfrentou a musa polonesa Karolina Kowalkiewicz.<\/p>\n<p>Em uma luta dur\u00edssima em p\u00e9, com muitas trocas de golpes entre as lutadoras, Kalindra come\u00e7ou melhor acertando bons socos e chutes na polonesa.<\/p>\n<p>Perdida no primeiro round sem achar a dist\u00e2ncia, Karolina tentava contragolpes mas s\u00f3 conseguiu se recuperar a partir do segundo round.<\/p>\n<p>Contragolpeando com muita efici\u00eancia nas investidas da brasileira, Karolina conseguiu impressionar os ju\u00edzes e venceu por decis\u00e3o dividida.<\/p>\n<p>O duelo foi muito elogiado por todos na arena e atrav\u00e9s das redes sociais, sendo j\u00e1 considerado por muitos como um dos melhores no ano, no MMA feminino.<\/p>\n<figure id=\"attachment_16434\" aria-describedby=\"caption-attachment-16434\" style=\"width: 695px\" class=\"wp-caption aligncenter\"><a href=\"https:\/\/blogs.gazetaesportiva.com\/planeta-octogono\/files\/2015\/02\/10997813_771182392937255_1203174512976372470_o.jpg\"><img loading=\"lazy\" decoding=\"async\" class=\"size-full wp-image-16434\" alt=\"Brasileira endureceu combate contra Karolina - Divulga\u00e7\u00e3o\" src=\"https:\/\/blogs.gazetaesportiva.com\/planeta-octogono\/files\/2015\/02\/10997813_771182392937255_1203174512976372470_o.jpg\" width=\"695\" height=\"462\" \/><\/a><figcaption id=\"caption-attachment-16434\" class=\"wp-caption-text\"><strong><em>Brasileira endureceu combate contra Karolina &#8211; Divulga\u00e7\u00e3o<\/em><\/strong><\/figcaption><\/figure>\n<p>Outro brasileiro que lutou no evento foi o paranaense, Rodrigo Cavalheiro.<\/p>\n<p>Enfrentando Mateusz Gamrot, o lutador acabou sendo dominado no primeiro e terceiro round, sendo levado ao solo e n\u00e3o resistindo aos socos do polon\u00eas sendo nocauteado, faltando segundos para o fim da luta.<\/p>\n<p>Na luta principal, o \u00eddolo local, o campe\u00e3o meio m\u00e9dio Borys Mankowski enfrentou dificuldades em p\u00e9 contra o noruegu\u00eas Monsen Bahari mas usando a experi\u00eancia conseguiu colocar a luta no solo e venceu por decis\u00e3o.<\/p>\n<p>O KSW retorna no dia 23 de maio, em Gdansk com a edi\u00e7\u00e3o 31.<\/p>\n<p>&nbsp;<\/p>\n<p>[yframe url=&#8217;www.youtube.com\/watch?v=BOauPMtGZsI&#8217;]<\/p>\n","protected":false},"excerpt":{"rendered":"<p>&nbsp; O KSW, um dos maiores eventos de MMA da Europa, realizou uma grande edi\u00e7\u00e3o neste s\u00e1bado em Poznan na Pol\u00f4nia. Pela primeira vez, o <a class=\"read-more\" href=\"https:\/\/blogs.gazetaesportiva.com\/planeta-octogono\/2015\/02\/22\/kleber-koike-brilha-finaliza-azhiev-e-kalindra-faria-faz-grande-luta-mas-perde-para-musa-polonesa-no-ksw-30\/\">leia mais<\/a><\/p>\n","protected":false},"author":33,"featured_media":16435,"comment_status":"open","ping_status":"open","sticky":false,"template":"","format":"standard","meta":{"jetpack_post_was_ever_published":false,"_jetpack_newsletter_access":"","_jetpack_dont_email_post_to_subs":false,"_jetpack_newsletter_tier_id":0,"_jetpack_memberships_contains_paywalled_content":false,"_jetpack_memberships_contains_paid_content":false,"footnotes":"","jetpack_publicize_message":"","jetpack_publicize_feature_enabled":true,"jetpack_social_post_already_shared":false,"jetpack_social_options":{"image_generator_settings":{"template":"highway","default_image_id":0,"font":"","enabled":false},"version":2}},"categories":[1],"tags":[626,46,713,732,712,740,733],"class_list":["post-16431","post","type-post","status-publish","format-standard","has-post-thumbnail","hentry","category-principal","tag-borys-mankowski","tag-kalindra-faria","tag-karolina-kowalkiewicz","tag-kleber-koike","tag-ksw-30","tag-ksw-31","tag-rodrigo-cavalheiro"],"jetpack_publicize_connections":[],"jetpack_featured_media_url":"https:\/\/blogs.gazetaesportiva.com\/planeta-octogono\/files\/2015\/02\/10857336_771182469603914_1219513812675253081_o.jpg","jetpack_sharing_enabled":true,"jetpack_shortlink":"https:\/\/wp.me\/p6rqUQ-4h1","_links":{"self":[{"href":"https:\/\/blogs.gazetaesportiva.com\/planeta-octogono\/wp-json\/wp\/v2\/posts\/16431","targetHints":{"allow":["GET"]}}],"collection":[{"href":"https:\/\/blogs.gazetaesportiva.com\/planeta-octogono\/wp-json\/wp\/v2\/posts"}],"about":[{"href":"https:\/\/blogs.gazetaesportiva.com\/planeta-octogono\/wp-json\/wp\/v2\/types\/post"}],"author":[{"embeddable":true,"href":"https:\/\/blogs.gazetaesportiva.com\/planeta-octogono\/wp-json\/wp\/v2\/users\/33"}],"replies":[{"embeddable":true,"href":"https:\/\/blogs.gazetaesportiva.com\/planeta-octogono\/wp-json\/wp\/v2\/comments?post=16431"}],"version-history":[{"count":0,"href":"https:\/\/blogs.gazetaesportiva.com\/planeta-octogono\/wp-json\/wp\/v2\/posts\/16431\/revisions"}],"wp:featuredmedia":[{"embeddable":true,"href":"https:\/\/blogs.gazetaesportiva.com\/planeta-octogono\/wp-json\/wp\/v2\/media\/16435"}],"wp:attachment":[{"href":"https:\/\/blogs.gazetaesportiva.com\/planeta-octogono\/wp-json\/wp\/v2\/media?parent=16431"}],"wp:term":[{"taxonomy":"category","embeddable":true,"href":"https:\/\/blogs.gazetaesportiva.com\/planeta-octogono\/wp-json\/wp\/v2\/categories?post=16431"},{"taxonomy":"post_tag","embeddable":true,"href":"https:\/\/blogs.gazetaesportiva.com\/planeta-octogono\/wp-json\/wp\/v2\/tags?post=16431"}],"curies":[{"name":"wp","href":"https:\/\/api.w.org\/{rel}","templated":true}]}}