{"id":16428,"date":"2015-02-22T04:55:36","date_gmt":"2015-02-22T07:55:36","guid":{"rendered":"https:\/\/blogs.gazetaesportiva.com\/planeta-octogono\/?p=16428"},"modified":"2015-02-22T04:55:36","modified_gmt":"2015-02-22T07:55:36","slug":"cezar-mutante-quer-amassar-americano-em-duelo-no-ufc-porto-alegre-estou-pronto","status":"publish","type":"post","link":"https:\/\/blogs.gazetaesportiva.com\/planeta-octogono\/2015\/02\/22\/cezar-mutante-quer-amassar-americano-em-duelo-no-ufc-porto-alegre-estou-pronto\/","title":{"rendered":"C\u00e9zar Mutante quer amassar americano em duelo no UFC Porto Alegre: Estou pronto!"},"content":{"rendered":"<figure id=\"attachment_16429\" aria-describedby=\"caption-attachment-16429\" style=\"width: 695px\" class=\"wp-caption aligncenter\"><a href=\"https:\/\/blogs.gazetaesportiva.com\/planeta-octogono\/files\/2015\/02\/mutanteferreira_moraes_33.jpg\"><img loading=\"lazy\" decoding=\"async\" class=\" wp-image-16429 \" alt=\"Parceiro de Belfort, Mutante est\u00e1 focado para duelo neste domingo - Divulga\u00e7\u00e3o\" src=\"https:\/\/blogs.gazetaesportiva.com\/planeta-octogono\/files\/2015\/02\/mutanteferreira_moraes_33.jpg\" width=\"695\" height=\"455\" \/><\/a><figcaption id=\"caption-attachment-16429\" class=\"wp-caption-text\"><strong><em>Parceiro de Belfort, Mutante est\u00e1 focado para duelo neste domingo &#8211; Divulga\u00e7\u00e3o<\/em><\/strong><\/figcaption><\/figure>\n<p>O final de semana reserva para Cezar Mutante uma sensa\u00e7\u00e3o que ele conhece bem: neste domingo, dia 22 de fevereiro, ele encara Sam Alvey no card principal do UFC Fight Night 61, em Porto Alegre, na primeira edi\u00e7\u00e3o da organiza\u00e7\u00e3o no Rio Grande do Sul. Pronto para sua sexta luta no oct\u00f3gono, sendo a quinta em solo brasileiro, Mutante tenta tamb\u00e9m a quinta vit\u00f3ria na categoria peso-m\u00e9dio (at\u00e9 84,3kg), e j\u00e1 sabe o que deve fazer para consegui-la: pressionar o norte-americano o tempo inteiro, amassando-o, como o pr\u00f3prio lutador classificou.<\/p>\n<p>&#8220;Eu sei tudo o que o Alvey vai fazer na luta e estou pronto para ser melhor que ele, frustrando-o e impondo o meu ritmo na luta. Eu vou amassar esse cara, estou muito confiante em meu grappling. Fiz uma excelente prepara\u00e7\u00e3o, estou cheio de t\u00e9cnicas para finalizar esse combate. Eu n\u00e3o vou parar um segundo. Ele vai sentir a minha press\u00e3o&#8221;, avisa o lutador que, pelo UFC, finalizou Thiago Santos em apenas 47 segundos de luta, no UFC 163, em agosto de 2013.<\/p>\n<p>Cezar Mutante, de 30 anos, \u00e9 faixa-preta de jiu-jitsu graduado por Cristiano Titi. Atualmente treinando na Blackzilians, nos Estados Unidos, Gilbert Durinho \u00e9 o respons\u00e1vel por seus treinos na luta agarrada. Tricampe\u00e3o mundial na arte suave, o niteroiense tamb\u00e9m tem compromisso agendado pelo UFC, dia 21 de mar\u00e7o, no Rio de Janeiro, contra Josh Thomson. Por conta do treinando para a luta, Durinho ser\u00e1 desfalque no c\u00f3rner do amigo e companheiro de equipe, mas a confian\u00e7a na vit\u00f3ria brasileira n\u00e3o diminui.<\/p>\n<p>&#8220;Soubemos da luta do Cezar com boa anteced\u00eancia, ent\u00e3o tivemos tempo de deixa-lo preparado da melhor maneira para essa luta. Vamos explorar o grappling contra o Alvey, que \u00e9 um cara duro no boxe. O Mutante est\u00e1 pronto para trocar com ele, mas sabe quem tem um ch\u00e3o muito superior que o do seu oponente. A vit\u00f3ria vir\u00e1 por finaliza\u00e7\u00e3o&#8221;, confia Durinho, que ser\u00e1 substitu\u00eddo no c\u00f3rner por Rodrigo Cavaca, bicampe\u00e3o mundial de jiu-jitsu.<\/p>\n<p><b>Volta ao Brasil anima<\/b><\/p>\n<p>Cezar Mutante estreou pelo UFC em Minas Gerais, na final da primeira temporada do reality show The Ultimate Fighter Brasil. Apoiado pela torcida local por conta dos anos vividos em Belo Horizonte, o paulista bateu Sergio Moraes e ficou com o trof\u00e9u do programa e o contrato com a organiza\u00e7\u00e3o. De l\u00e1 para c\u00e1, foram mais tr\u00eas lutas em cidades brasileiras diferentes &#8211; Rio de Janeiro, Goi\u00e2nia e Natal &#8211; antes do primeiro duelo no oct\u00f3gono fora do pa\u00eds.<\/p>\n<p>Em junho de 2014, no Texas, nos Estados Unidos, Mutante venceu Andrew Craig e se reabilitou do rev\u00e9s sofrido diante de C.B. Dollaway, tr\u00eas meses antes, em Natal. Agora, novamente refor\u00e7ado pela torcida dos f\u00e3s brasileiros, o atleta usa o fato como motiva\u00e7\u00e3o para mais uma vit\u00f3ria. &#8220;Lutar no Brasil tem um sabor especial. \u00c9 diferente porque a press\u00e3o da torcida brasileira \u00e9 intensa, vibra, apoia, parece que luta junto com a gente. Lutar perto dos meus amigos e f\u00e3s \u00e9 uma motiva\u00e7\u00e3o a mais&#8221;, encerra.<\/p>\n","protected":false},"excerpt":{"rendered":"<p>O final de semana reserva para Cezar Mutante uma sensa\u00e7\u00e3o que ele conhece bem: neste domingo, dia 22 de fevereiro, ele encara Sam Alvey no <a class=\"read-more\" href=\"https:\/\/blogs.gazetaesportiva.com\/planeta-octogono\/2015\/02\/22\/cezar-mutante-quer-amassar-americano-em-duelo-no-ufc-porto-alegre-estou-pronto\/\">leia mais<\/a><\/p>\n","protected":false},"author":33,"featured_media":16429,"comment_status":"open","ping_status":"open","sticky":false,"template":"","format":"standard","meta":{"jetpack_post_was_ever_published":false,"_jetpack_newsletter_access":"","_jetpack_dont_email_post_to_subs":false,"_jetpack_newsletter_tier_id":0,"_jetpack_memberships_contains_paywalled_content":false,"_jetpack_memberships_contains_paid_content":false,"footnotes":"","jetpack_publicize_message":"","jetpack_publicize_feature_enabled":true,"jetpack_social_post_already_shared":false,"jetpack_social_options":{"image_generator_settings":{"template":"highway","default_image_id":0,"font":"","enabled":false},"version":2}},"categories":[1],"tags":[318,41],"class_list":["post-16428","post","type-post","status-publish","format-standard","has-post-thumbnail","hentry","category-principal","tag-cezar-mutante","tag-ufc"],"jetpack_publicize_connections":[],"jetpack_featured_media_url":"https:\/\/blogs.gazetaesportiva.com\/planeta-octogono\/files\/2015\/02\/mutanteferreira_moraes_33.jpg","jetpack_sharing_enabled":true,"jetpack_shortlink":"https:\/\/wp.me\/p6rqUQ-4gY","_links":{"self":[{"href":"https:\/\/blogs.gazetaesportiva.com\/planeta-octogono\/wp-json\/wp\/v2\/posts\/16428","targetHints":{"allow":["GET"]}}],"collection":[{"href":"https:\/\/blogs.gazetaesportiva.com\/planeta-octogono\/wp-json\/wp\/v2\/posts"}],"about":[{"href":"https:\/\/blogs.gazetaesportiva.com\/planeta-octogono\/wp-json\/wp\/v2\/types\/post"}],"author":[{"embeddable":true,"href":"https:\/\/blogs.gazetaesportiva.com\/planeta-octogono\/wp-json\/wp\/v2\/users\/33"}],"replies":[{"embeddable":true,"href":"https:\/\/blogs.gazetaesportiva.com\/planeta-octogono\/wp-json\/wp\/v2\/comments?post=16428"}],"version-history":[{"count":0,"href":"https:\/\/blogs.gazetaesportiva.com\/planeta-octogono\/wp-json\/wp\/v2\/posts\/16428\/revisions"}],"wp:featuredmedia":[{"embeddable":true,"href":"https:\/\/blogs.gazetaesportiva.com\/planeta-octogono\/wp-json\/wp\/v2\/media\/16429"}],"wp:attachment":[{"href":"https:\/\/blogs.gazetaesportiva.com\/planeta-octogono\/wp-json\/wp\/v2\/media?parent=16428"}],"wp:term":[{"taxonomy":"category","embeddable":true,"href":"https:\/\/blogs.gazetaesportiva.com\/planeta-octogono\/wp-json\/wp\/v2\/categories?post=16428"},{"taxonomy":"post_tag","embeddable":true,"href":"https:\/\/blogs.gazetaesportiva.com\/planeta-octogono\/wp-json\/wp\/v2\/tags?post=16428"}],"curies":[{"name":"wp","href":"https:\/\/api.w.org\/{rel}","templated":true}]}}