{"id":16424,"date":"2015-02-22T04:52:04","date_gmt":"2015-02-22T07:52:04","guid":{"rendered":"https:\/\/blogs.gazetaesportiva.com\/planeta-octogono\/?p=16424"},"modified":"2015-02-22T04:52:34","modified_gmt":"2015-02-22T07:52:34","slug":"apos-perder-cinturao-ex-tuf-brasil-marcio-pedra-finaliza-silvio-pantera-no-face-to-face","status":"publish","type":"post","link":"https:\/\/blogs.gazetaesportiva.com\/planeta-octogono\/2015\/02\/22\/apos-perder-cinturao-ex-tuf-brasil-marcio-pedra-finaliza-silvio-pantera-no-face-to-face\/","title":{"rendered":"Ap\u00f3s perder cintur\u00e3o, Ex TUF Brasil, M\u00e1rcio Pedra finaliza S\u00edlvio Pantera no Face to Face"},"content":{"rendered":"<div>\n<figure id=\"attachment_16425\" aria-describedby=\"caption-attachment-16425\" style=\"width: 695px\" class=\"wp-caption aligncenter\"><a href=\"https:\/\/blogs.gazetaesportiva.com\/planeta-octogono\/files\/2015\/02\/marciopedrarenatonogueira1.jpg\"><img loading=\"lazy\" decoding=\"async\" class=\"size-full wp-image-16425\" alt=\"Lutador do TUF Brasil (direita) vence desafio no Rio - Cr\u00e9dito: Renato Nogueira\/MMA4EVER\" src=\"https:\/\/blogs.gazetaesportiva.com\/planeta-octogono\/files\/2015\/02\/marciopedrarenatonogueira1.jpg\" width=\"695\" height=\"498\" \/><\/a><figcaption id=\"caption-attachment-16425\" class=\"wp-caption-text\"><strong><em>Lutador do TUF Brasil (direita) vence desafio no Rio &#8211; Cr\u00e9dito: Renato Nogueira\/MMA4EVER<\/em><\/strong><\/figcaption><\/figure>\n<p>&nbsp;<\/p>\n<\/div>\n<p>Pela primeira vez na cidade de Itabora\u00ed, regi\u00e3o metropolitana do Rio de Janeiro, o Face to Face proporcionou mais um \u00f3timo espet\u00e1culo para os amantes do MMA na noite deste s\u00e1bado (21). A Arena, montada no Vera Gol Clube, recebeu lota\u00e7\u00e3o m\u00e1xima e teve a chance de assistir lutas marcadas pelo equil\u00edbrio e muita a\u00e7\u00e3o por parte dos atletas escalados para o card. Ap\u00f3s terminar o ano de 2014 em alta, a d\u00e9cima edi\u00e7\u00e3o do evento mostrou que a organiza\u00e7\u00e3o entrou com o p\u00e9 direito tamb\u00e9m em 2015.<\/p>\n<p>&nbsp;<\/p>\n<p>Entre os maiores destaques do Face to Face 10, as contundentes vit\u00f3rias de M\u00e1rcio Pedra, Guilherme Bomba e Alex Cowboy marcaram os combates mais emocionantes da noite. Pedra venceu Silvio Boxer por finaliza\u00e7\u00e3o, Bomba aplicou um nocaute t\u00e9cnico em Jorginho Filho e Alex Cowboy dominou sua luta e venceu Joilton Peregrino na decis\u00e3o dos ju\u00edzes.<\/p>\n<p>&nbsp;<\/p>\n<p><b>Sem direito ao cintur\u00e3o, M\u00e1rcio Pedra comprova superioridade e vence Boxer por finaliza\u00e7\u00e3o\u00a0<\/b><\/p>\n<p>&nbsp;<\/p>\n<p>Mesmo sabendo que n\u00e3o teria direito ao cintur\u00e3o da categoria, que lhe pertencia at\u00e9 a pesagem oficial do Face to Face 10 \u2013 ficou um quilo acima e teve seu t\u00edtulo retirado -, M\u00e1rcio Pedra mostrou garra e disposi\u00e7\u00e3o para recuperar a principal coloca\u00e7\u00e3o de sua divis\u00e3o. Em uma luta eletrizante e marcada por uma fren\u00e9tica troca\u00e7\u00e3o em p\u00e9, Pedra aproveitou uma brecha de Silvio Boxer, levou a luta para o ch\u00e3o e finalizou o opoente com um mata-le\u00e3o. Com o triunfo de Pedra, o cintur\u00e3o continua vago e ser\u00e1 disputado por M\u00e1rcio Pedra com advers\u00e1rio ainda a ser definido.<\/p>\n<p>&nbsp;<\/p>\n<p><b>De volta ao MMA nacional, Bomba nocauteia Jorginho Filho no segundo round<\/b><\/p>\n<p>&nbsp;<\/p>\n<p>Em seu primeiro embate ap\u00f3s a passagem pelo UFC, Guilherme Bomba provou o motivo de ser lembrado com frequ\u00eancia como um dos melhores meio-m\u00e9dios (77kg) do pa\u00eds. Mostrando evolu\u00e7\u00e3o na parte em p\u00e9, Bomba tamb\u00e9m fez valer o seu excelente jogo de solo, que j\u00e1 havia lhe rendido um bicampeonato mundial de jiu-jitsu, diante de Jorginho Filho. Depois de um primeiro round marcado pelo equil\u00edbrio, o mineiro conseguiu levar a luta para baixo no in\u00edcio segundo round e colocou um ponto final ao combate com excelentes golpes no ground and pound.<\/p>\n<p>&nbsp;<\/p>\n<p><b>No dia do anivers\u00e1rio, Cowboy ganha vit\u00f3ria de presente<\/b><\/p>\n<p>&nbsp;<\/p>\n<p>O dia 21 de fevereiro vai ficar para sempre marcado na vida de Alex Cowboy. O lutador, que completou 27 anos neste s\u00e1bado, derrotou Joilton Peregrino na decis\u00e3o dos \u00e1rbitros. Mais ligado, Cowboy comandou as a\u00e7\u00f5es desde o in\u00edcio e imp\u00f4s um doloroso castigo ao advers\u00e1rio. Com contundentes golpes, ele balan\u00e7ou o oponente em diversas oportunidades, inclusive deixando Peregrino seminocauteado ao fim do segundo round. Tamanha superioridade lhe rendeu sua d\u00e9cima vit\u00f3ria e um anivers\u00e1rio inesquec\u00edvel.<\/p>\n<p>&nbsp;<\/p>\n<p><b>Duelo regional agita o Face to Face 10<\/b><\/p>\n<p>&nbsp;<\/p>\n<p>A torcida que lotou as depend\u00eancias do Vera Gol Clube explodiu logo na segunda luta do card, \u00a0quando Ugo Barbosa, atleta de Itabora\u00ed, mediu for\u00e7as com Clayton Sales, oriundo de Niter\u00f3i. O combate regional animou ainda mais os presentes que demonstraram desde o in\u00edcio a prefer\u00eancia pelo lutador local. Melhor desde o in\u00edcio do combate, Ugo mostrou que est\u00e1 com o jogo de quedas em dia e colocou o oponente diversas vezes com as costas no solo. Mesmo demonstrando claros sinais de cansa\u00e7o no fim do segundo e em todo o terceiro round, ele mostrou perseveran\u00e7a aguentou os potentes ataques de Clayton e saiu com o bra\u00e7o erguido.<\/p>\n<p>&nbsp;<\/p>\n<p><b>Resultados do Face to Face 10:<\/b><\/p>\n<p>&nbsp;<\/p>\n<p>M\u00e1rcio Pedra venceu Silvio Boxer por finaliza\u00e7\u00e3o (mata-le\u00e3o) com 1m47s do primeiro round<\/p>\n<p>&nbsp;<\/p>\n<p>Guilherme Bomba venceu Jorginho Filho por nocaute t\u00e9cnico com 1m16s do segundo round<\/p>\n<p>&nbsp;<\/p>\n<p>Alex Cowboy venceu Joilton Peregrino por decis\u00e3o un\u00e2nime dos \u00e1rbitros<\/p>\n<p>&nbsp;<\/p>\n<p>Andr\u00e9 Muniz venceu Rafael Correa por finaliza\u00e7\u00e3o aos 4m58s do primeiro round<\/p>\n<p>&nbsp;<\/p>\n<p>Bruno Suema venceu Marcos Cabecinha por decis\u00e3o un\u00e2nime dos \u00e1rbitros<\/p>\n<p>&nbsp;<\/p>\n<p>Alexandre Cirne venceu J\u00fanior Kamikaze por decis\u00e3o un\u00e2nime dos \u00e1rbitros<\/p>\n<p>&nbsp;<\/p>\n<p>Ugor Barbosa venceu Clayton Nunes por decis\u00e3o un\u00e2nime dos \u00e1rbitros<\/p>\n<p>&nbsp;<\/p>\n<p>Andr\u00e9 Luiz \u201cAndrez\u00e3o\u201d venceu Marco Aur\u00e9lio \u201cLigeiro\u201d por decis\u00e3o dividida dos \u00e1rbitros<\/p>\n<div>\n<p id=\":115\"><img decoding=\"async\" alt=\"\" src=\"https:\/\/ssl.gstatic.com\/ui\/v1\/icons\/mail\/images\/cleardot.gif\" \/><\/p>\n<\/div>\n","protected":false},"excerpt":{"rendered":"<p>&nbsp; Pela primeira vez na cidade de Itabora\u00ed, regi\u00e3o metropolitana do Rio de Janeiro, o Face to Face proporcionou mais um \u00f3timo espet\u00e1culo para os <a class=\"read-more\" href=\"https:\/\/blogs.gazetaesportiva.com\/planeta-octogono\/2015\/02\/22\/apos-perder-cinturao-ex-tuf-brasil-marcio-pedra-finaliza-silvio-pantera-no-face-to-face\/\">leia mais<\/a><\/p>\n","protected":false},"author":33,"featured_media":16425,"comment_status":"open","ping_status":"open","sticky":false,"template":"","format":"standard","meta":{"jetpack_post_was_ever_published":false,"_jetpack_newsletter_access":"","_jetpack_dont_email_post_to_subs":false,"_jetpack_newsletter_tier_id":0,"_jetpack_memberships_contains_paywalled_content":false,"_jetpack_memberships_contains_paid_content":false,"footnotes":"","jetpack_publicize_message":"","jetpack_publicize_feature_enabled":true,"jetpack_social_post_already_shared":false,"jetpack_social_options":{"image_generator_settings":{"template":"highway","default_image_id":0,"font":"","enabled":false},"version":2}},"categories":[1],"tags":[727,739],"class_list":["post-16424","post","type-post","status-publish","format-standard","has-post-thumbnail","hentry","category-principal","tag-face-to-face","tag-marcio-pedra"],"jetpack_publicize_connections":[],"jetpack_featured_media_url":"https:\/\/blogs.gazetaesportiva.com\/planeta-octogono\/files\/2015\/02\/marciopedrarenatonogueira1.jpg","jetpack_sharing_enabled":true,"jetpack_shortlink":"https:\/\/wp.me\/p6rqUQ-4gU","_links":{"self":[{"href":"https:\/\/blogs.gazetaesportiva.com\/planeta-octogono\/wp-json\/wp\/v2\/posts\/16424","targetHints":{"allow":["GET"]}}],"collection":[{"href":"https:\/\/blogs.gazetaesportiva.com\/planeta-octogono\/wp-json\/wp\/v2\/posts"}],"about":[{"href":"https:\/\/blogs.gazetaesportiva.com\/planeta-octogono\/wp-json\/wp\/v2\/types\/post"}],"author":[{"embeddable":true,"href":"https:\/\/blogs.gazetaesportiva.com\/planeta-octogono\/wp-json\/wp\/v2\/users\/33"}],"replies":[{"embeddable":true,"href":"https:\/\/blogs.gazetaesportiva.com\/planeta-octogono\/wp-json\/wp\/v2\/comments?post=16424"}],"version-history":[{"count":0,"href":"https:\/\/blogs.gazetaesportiva.com\/planeta-octogono\/wp-json\/wp\/v2\/posts\/16424\/revisions"}],"wp:featuredmedia":[{"embeddable":true,"href":"https:\/\/blogs.gazetaesportiva.com\/planeta-octogono\/wp-json\/wp\/v2\/media\/16425"}],"wp:attachment":[{"href":"https:\/\/blogs.gazetaesportiva.com\/planeta-octogono\/wp-json\/wp\/v2\/media?parent=16424"}],"wp:term":[{"taxonomy":"category","embeddable":true,"href":"https:\/\/blogs.gazetaesportiva.com\/planeta-octogono\/wp-json\/wp\/v2\/categories?post=16424"},{"taxonomy":"post_tag","embeddable":true,"href":"https:\/\/blogs.gazetaesportiva.com\/planeta-octogono\/wp-json\/wp\/v2\/tags?post=16424"}],"curies":[{"name":"wp","href":"https:\/\/api.w.org\/{rel}","templated":true}]}}