{"id":16417,"date":"2015-02-21T04:53:50","date_gmt":"2015-02-21T06:53:50","guid":{"rendered":"https:\/\/blogs.gazetaesportiva.com\/planeta-octogono\/?p=16417"},"modified":"2015-02-21T05:03:29","modified_gmt":"2015-02-21T07:03:29","slug":"papo-de-luta-lutando-neste-domingo-no-ufc-wendell-negao-fala-sobre-carreira-julgamento-sofrido-apos-caso-de-spider-e-projeta-nocaute","status":"publish","type":"post","link":"https:\/\/blogs.gazetaesportiva.com\/planeta-octogono\/2015\/02\/21\/papo-de-luta-lutando-neste-domingo-no-ufc-wendell-negao-fala-sobre-carreira-julgamento-sofrido-apos-caso-de-spider-e-projeta-nocaute\/","title":{"rendered":"Papo de Luta &#8211; Lutando neste domingo no UFC, Wendell Neg\u00e3o fala sobre carreira, julgamento sofrido ap\u00f3s caso de Spider e projeta nocaute"},"content":{"rendered":"<figure id=\"attachment_16418\" aria-describedby=\"caption-attachment-16418\" style=\"width: 240px\" class=\"wp-caption alignleft\"><a href=\"https:\/\/blogs.gazetaesportiva.com\/planeta-octogono\/files\/2015\/02\/1086_12.44.2014_76447_ef_20140912.jpg\"><img loading=\"lazy\" decoding=\"async\" class=\" wp-image-16418 \" alt=\"Wendell Neg\u00e3o \u00e9 nosso convidado e fala sobre luta em Porto Alegre - Wagner Carmo\/Inovafoto\" src=\"https:\/\/blogs.gazetaesportiva.com\/planeta-octogono\/files\/2015\/02\/1086_12.44.2014_76447_ef_20140912.jpg\" width=\"240\" height=\"360\" \/><\/a><figcaption id=\"caption-attachment-16418\" class=\"wp-caption-text\"><strong><em>Wendell Neg\u00e3o \u00e9 nosso convidado e fala sobre luta em Porto Alegre &#8211; Wagner Carmo\/Inovafoto<\/em><\/strong><\/figcaption><\/figure>\n<p>O blog traz um bate papo especial.<\/p>\n<p>Conhe\u00e7a o lutador Wendell &#8220;Neg\u00e3o&#8221;Marques, atleta carioca que faz sua segunda luta no UFC, em Porto Alegre neste domingo.<\/p>\n<p>Wendell falou sobre diversos assuntos, contou sobre sua carreira, participa\u00e7\u00e3o no TUF, primeira experi\u00eancia no UFC e outros importantes assuntos.<\/p>\n<p>Revelando que tem sido julgado ap\u00f3s a divulga\u00e7\u00e3o dos exames antidoping positivos de Anderson Silva, o atleta que est\u00e1 escalado para enfrentar o americano TJ Waldburger, tamb\u00e9m falou sobre sua prepara\u00e7\u00e3o para o duelo.<\/p>\n<p>&#8220;As pessoas ap\u00f3s o caso do Anderson, nos apontam e dizem que se ele usou, n\u00f3s tamb\u00e9m usamos. E eu sempre digo que n\u00e3o uso.&#8221; revelou Wendell.<\/p>\n<p>O lutador contou sobre sua prepara\u00e7\u00e3o f\u00edsica diferenciada com o treinador Jairo Corsino, que n\u00e3o utiliza m\u00e9todos que prejudicam a sa\u00fade do atleta.<\/p>\n<p>Com desejo de nocaute, Wendell tamb\u00e9m falou com bom humor, sobre o envolvimento do futebol com o MMA, dando sua opini\u00e3o sobre o assunto.<\/p>\n<p>&nbsp;<\/p>\n<p>[yframe url=&#8217;www.youtube.com\/watch?v=yUv1awb4230&#8242;]<\/p>\n<p>&nbsp;<\/p>\n<p><strong><em>Em treino aberto Pez\u00e3o encara Mir e faz homenagem a Hulk com camisa da sele\u00e7\u00e3o<\/em><\/strong> &#8211; O lutador Ant\u00f4nio Pez\u00e3o que faz a luta principal do UFC Fight Night Porto Alegre contra o americano Frank Mir, fez uma homenagem para o jogador da sele\u00e7\u00e3o brasileira, Hulk.<\/p>\n<p>Fazendo o treino aberto para a imprensa nesta quarta feira com a camisa do jogador, Pez\u00e3o atrav\u00e9s das redes sociais falou sobre o assunto.<\/p>\n<p>&#8220;N\u00e3o \u00e9 facil sair da Paraiba onde n\u00e3o temos apoio nenhum e conseguirmos nos destacar no nosso esporte. O Hulk chegou onde muitos gostariam de chegar,que foi a sele\u00e7\u00e3o brasileira de futebol.ou um F\u00e3 pelo \u00f3timo futebol que ele joga e por sua humildade.&#8221; disse o atleta.<\/p>\n<figure id=\"attachment_16421\" aria-describedby=\"caption-attachment-16421\" style=\"width: 695px\" class=\"wp-caption aligncenter\"><a href=\"https:\/\/blogs.gazetaesportiva.com\/planeta-octogono\/files\/2015\/02\/2121_21.11.2015_85892_ef_20150220.jpg\"><img loading=\"lazy\" decoding=\"async\" class=\"size-full wp-image-16421\" alt=\"Hulk recebe homenagem de Pez\u00e3o em treino aberto - Jefferson Bernardes\/Inovafoto\" src=\"https:\/\/blogs.gazetaesportiva.com\/planeta-octogono\/files\/2015\/02\/2121_21.11.2015_85892_ef_20150220.jpg\" width=\"695\" height=\"463\" \/><\/a><figcaption id=\"caption-attachment-16421\" class=\"wp-caption-text\"><strong><em>Hulk recebe homenagem de Pez\u00e3o em treino aberto &#8211; Jefferson Bernardes\/Inovafoto<\/em><\/strong><\/figcaption><\/figure>\n<figure id=\"attachment_16422\" aria-describedby=\"caption-attachment-16422\" style=\"width: 695px\" class=\"wp-caption aligncenter\"><a href=\"https:\/\/blogs.gazetaesportiva.com\/planeta-octogono\/files\/2015\/02\/2121_21.11.2015_85902_ef_20150220.jpg\"><img loading=\"lazy\" decoding=\"async\" class=\"size-full wp-image-16422\" alt=\"Pez\u00e3o encara Mir pela primeira vez  - Jefferson Bernardes\/Inovafoto\" src=\"https:\/\/blogs.gazetaesportiva.com\/planeta-octogono\/files\/2015\/02\/2121_21.11.2015_85902_ef_20150220.jpg\" width=\"695\" height=\"463\" \/><\/a><figcaption id=\"caption-attachment-16422\" class=\"wp-caption-text\"><strong><em>Pez\u00e3o encara Mir pela primeira vez &#8211; Jefferson Bernardes\/Inovafoto<\/em><\/strong><\/figcaption><\/figure>\n<p>&nbsp;<\/p>\n","protected":false},"excerpt":{"rendered":"<p>O blog traz um bate papo especial. Conhe\u00e7a o lutador Wendell &#8220;Neg\u00e3o&#8221;Marques, atleta carioca que faz sua segunda luta no UFC, em Porto Alegre neste <a class=\"read-more\" href=\"https:\/\/blogs.gazetaesportiva.com\/planeta-octogono\/2015\/02\/21\/papo-de-luta-lutando-neste-domingo-no-ufc-wendell-negao-fala-sobre-carreira-julgamento-sofrido-apos-caso-de-spider-e-projeta-nocaute\/\">leia mais<\/a><\/p>\n","protected":false},"author":33,"featured_media":16418,"comment_status":"open","ping_status":"open","sticky":false,"template":"","format":"standard","meta":{"jetpack_post_was_ever_published":false,"_jetpack_newsletter_access":"","_jetpack_dont_email_post_to_subs":false,"_jetpack_newsletter_tier_id":0,"_jetpack_memberships_contains_paywalled_content":false,"_jetpack_memberships_contains_paid_content":false,"footnotes":"","jetpack_publicize_message":"","jetpack_publicize_feature_enabled":true,"jetpack_social_post_already_shared":false,"jetpack_social_options":{"image_generator_settings":{"template":"highway","default_image_id":0,"font":"","enabled":false},"version":2}},"categories":[3],"tags":[22,449,635,738,735,737],"class_list":["post-16417","post","type-post","status-publish","format-standard","has-post-thumbnail","hentry","category-bate-papo","tag-anderson-silva","tag-antonio-pezao","tag-frank-mir","tag-hulk","tag-ufc-porto-alegre","tag-wendell-negao"],"jetpack_publicize_connections":[],"jetpack_featured_media_url":"https:\/\/blogs.gazetaesportiva.com\/planeta-octogono\/files\/2015\/02\/1086_12.44.2014_76447_ef_20140912.jpg","jetpack_sharing_enabled":true,"jetpack_shortlink":"https:\/\/wp.me\/p6rqUQ-4gN","_links":{"self":[{"href":"https:\/\/blogs.gazetaesportiva.com\/planeta-octogono\/wp-json\/wp\/v2\/posts\/16417","targetHints":{"allow":["GET"]}}],"collection":[{"href":"https:\/\/blogs.gazetaesportiva.com\/planeta-octogono\/wp-json\/wp\/v2\/posts"}],"about":[{"href":"https:\/\/blogs.gazetaesportiva.com\/planeta-octogono\/wp-json\/wp\/v2\/types\/post"}],"author":[{"embeddable":true,"href":"https:\/\/blogs.gazetaesportiva.com\/planeta-octogono\/wp-json\/wp\/v2\/users\/33"}],"replies":[{"embeddable":true,"href":"https:\/\/blogs.gazetaesportiva.com\/planeta-octogono\/wp-json\/wp\/v2\/comments?post=16417"}],"version-history":[{"count":0,"href":"https:\/\/blogs.gazetaesportiva.com\/planeta-octogono\/wp-json\/wp\/v2\/posts\/16417\/revisions"}],"wp:featuredmedia":[{"embeddable":true,"href":"https:\/\/blogs.gazetaesportiva.com\/planeta-octogono\/wp-json\/wp\/v2\/media\/16418"}],"wp:attachment":[{"href":"https:\/\/blogs.gazetaesportiva.com\/planeta-octogono\/wp-json\/wp\/v2\/media?parent=16417"}],"wp:term":[{"taxonomy":"category","embeddable":true,"href":"https:\/\/blogs.gazetaesportiva.com\/planeta-octogono\/wp-json\/wp\/v2\/categories?post=16417"},{"taxonomy":"post_tag","embeddable":true,"href":"https:\/\/blogs.gazetaesportiva.com\/planeta-octogono\/wp-json\/wp\/v2\/tags?post=16417"}],"curies":[{"name":"wp","href":"https:\/\/api.w.org\/{rel}","templated":true}]}}