{"id":16413,"date":"2015-02-21T04:39:41","date_gmt":"2015-02-21T06:39:41","guid":{"rendered":"https:\/\/blogs.gazetaesportiva.com\/planeta-octogono\/?p=16413"},"modified":"2015-02-21T04:39:41","modified_gmt":"2015-02-21T06:39:41","slug":"tiago-trator-aposta-em-estudo-de-oponente-para-vencer-em-duelo-no-ufc-porto-alegre","status":"publish","type":"post","link":"https:\/\/blogs.gazetaesportiva.com\/planeta-octogono\/2015\/02\/21\/tiago-trator-aposta-em-estudo-de-oponente-para-vencer-em-duelo-no-ufc-porto-alegre\/","title":{"rendered":"Tiago Trator aposta em estudo de oponente para vencer em duelo no UFC Porto Alegre"},"content":{"rendered":"<figure id=\"attachment_16414\" aria-describedby=\"caption-attachment-16414\" style=\"width: 240px\" class=\"wp-caption alignleft\"><a href=\"https:\/\/blogs.gazetaesportiva.com\/planeta-octogono\/files\/2015\/02\/tiagotrator.jpg\"><img loading=\"lazy\" decoding=\"async\" class=\" wp-image-16414 \" alt=\"Tiago Trator espera vencer ap\u00f3s estudar o advers\u00e1rio no UFC Porto Alegre - Divulga\u00e7\u00e3o\" src=\"https:\/\/blogs.gazetaesportiva.com\/planeta-octogono\/files\/2015\/02\/tiagotrator.jpg\" width=\"240\" height=\"360\" \/><\/a><figcaption id=\"caption-attachment-16414\" class=\"wp-caption-text\"><strong><em>Tiago Trator espera vencer ap\u00f3s estudar o advers\u00e1rio no UFC Porto Alegre &#8211; Divulga\u00e7\u00e3o<\/em><\/strong><\/figcaption><\/figure>\n<p>Escalado para o UFC Fight Night Porto Alegre (RS), Tiago Trator far\u00e1 sua segunda luta dentro da maior organiza\u00e7\u00e3o mundial no pr\u00f3ximo domingo (22). Em sua estreia, o brasileiro venceu o mexicano Akbarh Abreloa pelo UFC on Fox 12, em Julho de 2014. O seu segundo desafio ser\u00e1 contra o norte-americano Mike De La Torre, v\u00e1lido pela categoria dos pesos-penas (66kg).<\/p>\n<p>No entanto, a primeira dificuldade do brasileiro ser\u00e1 vencer a balan\u00e7a, j\u00e1 que em sua estreia no UFC ocorreu pelo peso-leve (70kg) e agora ele desce de categoria para assombrar o t\u00edtulo de Jos\u00e9 Aldo.<\/p>\n<p>O atleta do Team Nogueira, mostra-se confiante para o duelo contra De La Torre. Acompanhado de perto e tratado como \u201cfuturo campe\u00e3o do UFC\u201d pelos profissionais que o acompanham, Tiago vive a expectativa de nocautear o seu oponente. Em seus treinamentos, ele intensificou o wrestling para neutralizar o jogo do norte-americano.<\/p>\n<p>\u201cVenho tendo um tratamento especial por todos os treinadores do Team Nogueira e gra\u00e7as a Deus a equipe toda me da o suporte necess\u00e1rio para eu me tornar um atleta melhor a cada dia. Desde quando a luta foi anunciada, comecei a procurar informa\u00e7\u00f5es sobre o meu advers\u00e1rio e durante esse processo, pude analisar que ele \u00e9 um \u00f3timo lutador que combina o boxe e wrestling. Diante disso, o meu camp foi uma sombra do que posso enfrentar. Estou preparado para encarar e nocautear De La Torre e assim sair com a minha segunda vit\u00f3ria\u201d, disse.<\/p>\n<p>O lutador, que \u00e9 natural de Laranjal do Jari (AP), chega para o duelo credenciado com a expressiva marca de 10 vit\u00f3rias consecutivas. O amapaense, de apenas 27 anos, j\u00e1 foi campe\u00e3o dos pesos-leves (70kg) do Jungle Fight, e segue a passos firmes para fazer o nome dentro do UFC. A sua \u00faltima derrota aconteceu em dezembro de 2011 e o pr\u00f3prio afirma que sua cabe\u00e7a esta boa para aumentar a sequ\u00eancia vitoriosa.<\/p>\n<p>\u201c\u00c9 claro que esse n\u00famero \u00e9 significativo e o meu desejo \u00e9 que ele aumente para 11 vit\u00f3rias. Meus treinamentos me deixaram confiantes para encarar essa luta e a minha cabe\u00e7a est\u00e1 boa. N\u00e3o penso nessa quest\u00e3o de estat\u00edstica, mas \u00e9 claro que isso ajuda a entrar na luta mais confiante. Sei que tenho muito para evoluir e \u00e9 assim que vou fazendo minha carreira, com paci\u00eancia. J\u00e1 fui campe\u00e3o do Jungle Fight, mas agora o meu objetivo \u00e9 vencer esse duelo para subir mais um degrau rumo ao meu objetivo que \u00e9 me manter dentro do UFC para quem sabe um dia ter a oportunidade de ser campe\u00e3o mundial\u201d, finalizou.<\/p>\n","protected":false},"excerpt":{"rendered":"<p>Escalado para o UFC Fight Night Porto Alegre (RS), Tiago Trator far\u00e1 sua segunda luta dentro da maior organiza\u00e7\u00e3o mundial no pr\u00f3ximo domingo (22). Em <a class=\"read-more\" href=\"https:\/\/blogs.gazetaesportiva.com\/planeta-octogono\/2015\/02\/21\/tiago-trator-aposta-em-estudo-de-oponente-para-vencer-em-duelo-no-ufc-porto-alegre\/\">leia mais<\/a><\/p>\n","protected":false},"author":33,"featured_media":16414,"comment_status":"open","ping_status":"open","sticky":false,"template":"","format":"standard","meta":{"jetpack_post_was_ever_published":false,"_jetpack_newsletter_access":"","_jetpack_dont_email_post_to_subs":false,"_jetpack_newsletter_tier_id":0,"_jetpack_memberships_contains_paywalled_content":false,"_jetpack_memberships_contains_paid_content":false,"footnotes":"","jetpack_publicize_message":"","jetpack_publicize_feature_enabled":true,"jetpack_social_post_already_shared":false,"jetpack_social_options":{"image_generator_settings":{"template":"highway","default_image_id":0,"font":"","enabled":false},"version":2}},"categories":[1],"tags":[736,735],"class_list":["post-16413","post","type-post","status-publish","format-standard","has-post-thumbnail","hentry","category-principal","tag-tiago-trator","tag-ufc-porto-alegre"],"jetpack_publicize_connections":[],"jetpack_featured_media_url":"https:\/\/blogs.gazetaesportiva.com\/planeta-octogono\/files\/2015\/02\/tiagotrator.jpg","jetpack_sharing_enabled":true,"jetpack_shortlink":"https:\/\/wp.me\/p6rqUQ-4gJ","_links":{"self":[{"href":"https:\/\/blogs.gazetaesportiva.com\/planeta-octogono\/wp-json\/wp\/v2\/posts\/16413","targetHints":{"allow":["GET"]}}],"collection":[{"href":"https:\/\/blogs.gazetaesportiva.com\/planeta-octogono\/wp-json\/wp\/v2\/posts"}],"about":[{"href":"https:\/\/blogs.gazetaesportiva.com\/planeta-octogono\/wp-json\/wp\/v2\/types\/post"}],"author":[{"embeddable":true,"href":"https:\/\/blogs.gazetaesportiva.com\/planeta-octogono\/wp-json\/wp\/v2\/users\/33"}],"replies":[{"embeddable":true,"href":"https:\/\/blogs.gazetaesportiva.com\/planeta-octogono\/wp-json\/wp\/v2\/comments?post=16413"}],"version-history":[{"count":0,"href":"https:\/\/blogs.gazetaesportiva.com\/planeta-octogono\/wp-json\/wp\/v2\/posts\/16413\/revisions"}],"wp:featuredmedia":[{"embeddable":true,"href":"https:\/\/blogs.gazetaesportiva.com\/planeta-octogono\/wp-json\/wp\/v2\/media\/16414"}],"wp:attachment":[{"href":"https:\/\/blogs.gazetaesportiva.com\/planeta-octogono\/wp-json\/wp\/v2\/media?parent=16413"}],"wp:term":[{"taxonomy":"category","embeddable":true,"href":"https:\/\/blogs.gazetaesportiva.com\/planeta-octogono\/wp-json\/wp\/v2\/categories?post=16413"},{"taxonomy":"post_tag","embeddable":true,"href":"https:\/\/blogs.gazetaesportiva.com\/planeta-octogono\/wp-json\/wp\/v2\/tags?post=16413"}],"curies":[{"name":"wp","href":"https:\/\/api.w.org\/{rel}","templated":true}]}}