{"id":16405,"date":"2015-02-21T04:30:57","date_gmt":"2015-02-21T06:30:57","guid":{"rendered":"https:\/\/blogs.gazetaesportiva.com\/planeta-octogono\/?p=16405"},"modified":"2015-02-21T04:30:57","modified_gmt":"2015-02-21T06:30:57","slug":"com-participacao-recorde-de-brasileiros-kalindra-faria-nao-bate-peso-mas-tem-luta-confirmada-no-ksw-30-neste-sabado","status":"publish","type":"post","link":"https:\/\/blogs.gazetaesportiva.com\/planeta-octogono\/2015\/02\/21\/com-participacao-recorde-de-brasileiros-kalindra-faria-nao-bate-peso-mas-tem-luta-confirmada-no-ksw-30-neste-sabado\/","title":{"rendered":"Com participa\u00e7\u00e3o recorde de brasileiros, Kalindra Faria n\u00e3o bate peso mas tem luta confirmada no KSW 30 neste s\u00e1bado"},"content":{"rendered":"<p>[yframe url=&#8217;www.youtube.com\/watch?v=eFl1Gvn-xRA&#8217;]<\/p>\n<p>Um dos maiores eventos de MMA de Europa, o KSW realizou sua pesagem oficial nesta sexta feira.<\/p>\n<p>Com participa\u00e7\u00e3o de tr\u00eas brasileiros, a lutadora Kalindra Faria ficou cerca de 800 gramas acima do limite de 52 Kg, mas aceitou a puni\u00e7\u00e3o de 30% na sua bolsa e vai enfrentar a polonesa Karolina Kowalkiewicz.<\/p>\n<p>O duelo tem grande import\u00e2ncia para o MMA feminino, j\u00e1 que Kalindra \u00e9 um dos grandes nomes do MMA nacional e j\u00e1 disputou o t\u00edtulo do evento americano WSOF.<\/p>\n<p>Por outro lado, Karolina Kowalkiewicz \u00e9 vista atualmente como maior talento feminino de seu pa\u00eds e tem chamado a aten\u00e7\u00e3o n\u00e3o somente pela beleza, mas por suas grandes atua\u00e7\u00f5es, inclusive sua \u00faltima luta contra Mizuki Inoue no Invicta FC.<\/p>\n<figure id=\"attachment_16406\" aria-describedby=\"caption-attachment-16406\" style=\"width: 695px\" class=\"wp-caption aligncenter\"><a href=\"https:\/\/blogs.gazetaesportiva.com\/planeta-octogono\/files\/2015\/02\/11001776_770714102984084_2349666774984875480_n.jpg\"><img loading=\"lazy\" decoding=\"async\" class=\"size-full wp-image-16406\" alt=\"Kalindra Faria (direita) enfrenta grande desafio no KSW - Divulga\u00e7\u00e3o\" src=\"https:\/\/blogs.gazetaesportiva.com\/planeta-octogono\/files\/2015\/02\/11001776_770714102984084_2349666774984875480_n.jpg\" width=\"695\" height=\"463\" \/><\/a><figcaption id=\"caption-attachment-16406\" class=\"wp-caption-text\"><strong><em>Kalindra Faria (direita) enfrenta grande desafio no KSW &#8211; Divulga\u00e7\u00e3o<\/em><\/strong><\/figcaption><\/figure>\n<p>&nbsp;<\/p>\n<p>Al\u00e9m de Kalindra, os brasileiros Rodrigo Cavalheiro e Kl\u00e9ber Koike fazem estr\u00e9ias no evento.<\/p>\n<p>Cavalheiro que \u00e9 de Curitiba, enfrenta Mateusz Gamrot enquanto Kl\u00e9ber encara um duro desafio contra Anzor Azhiev.<\/p>\n<figure id=\"attachment_16407\" aria-describedby=\"caption-attachment-16407\" style=\"width: 695px\" class=\"wp-caption aligncenter\"><a href=\"https:\/\/blogs.gazetaesportiva.com\/planeta-octogono\/files\/2015\/02\/10369971_770713816317446_4162562160565286742_n.jpg\"><img loading=\"lazy\" decoding=\"async\" class=\"size-full wp-image-16407\" alt=\"Kleber Koike enfrenta Anzor Azhiev - Divulga\u00e7\u00e3o\" src=\"https:\/\/blogs.gazetaesportiva.com\/planeta-octogono\/files\/2015\/02\/10369971_770713816317446_4162562160565286742_n.jpg\" width=\"695\" height=\"463\" \/><\/a><figcaption id=\"caption-attachment-16407\" class=\"wp-caption-text\"><strong><em>Kleber Koike enfrenta Anzor Azhiev &#8211; Divulga\u00e7\u00e3o<\/em><\/strong><\/figcaption><\/figure>\n<figure id=\"attachment_16408\" aria-describedby=\"caption-attachment-16408\" style=\"width: 695px\" class=\"wp-caption aligncenter\"><a href=\"https:\/\/blogs.gazetaesportiva.com\/planeta-octogono\/files\/2015\/02\/10426547_770713956317432_5838768150501070092_n.jpg\"><img loading=\"lazy\" decoding=\"async\" class=\"size-full wp-image-16408\" alt=\"Cavalheiro encara Gamrot - Divulga\u00e7\u00e3o\" src=\"https:\/\/blogs.gazetaesportiva.com\/planeta-octogono\/files\/2015\/02\/10426547_770713956317432_5838768150501070092_n.jpg\" width=\"695\" height=\"463\" \/><\/a><figcaption id=\"caption-attachment-16408\" class=\"wp-caption-text\"><strong><em>Cavalheiro encara Gamrot &#8211; Divulga\u00e7\u00e3o<\/em><\/strong><\/figcaption><\/figure>\n<p>&nbsp;<\/p>\n<p>Outros dois importantes duelos, Aslambek Saidov encara uma revanche contra Rafal Moks que pode definir o pr\u00f3ximo desafiante ao cintur\u00e3o peso meio m\u00e9dio em posse do campe\u00e3o Borys Mankowski que tamb\u00e9m luta na mesma edi\u00e7\u00e3o contra o noruegu\u00eas Monsen Bahari.<\/p>\n<p style=\"text-align: center\">\n<p style=\"text-align: center\"><strong><em>Veja o card do evento:<\/em><\/strong><\/p>\n<p style=\"text-align: center\"><strong><em>80 kg: Borys Ma\u0144kowski (79.4 kg) vs. Mohsen Bahari (79.8 kg)<\/em><\/strong><br \/>\n<strong><em>77 kg: Aslambek Saidow (76.8 kg) vs. Rafa\u0142 Moks (76.8 kg)<\/em><\/strong><br \/>\n<strong><em>52 kg: Karolina Kowalkiewicz (51.7 kg) vs. Kalindra Faria (53 kg)<\/em><\/strong><br \/>\n<strong><em>70 kg: Mateusz Gamrot (70.1 kg) vs. Rodrigo Cavalhiero (70.1 kg)<\/em><\/strong><br \/>\n<strong><em>66 kg: Anzor Azhiev (66.2 kg) vs. Kleber Koike Erbst (65.7 kg)<\/em><\/strong><br \/>\n<strong><em>120 kg: Micha\u0142 W\u0142odarek (110 kg) vs. Szymon Bajor (112.1 kg)<\/em><\/strong><br \/>\n<strong><em>70 kg: Jakub Kowalewicz (70 kg) vs. \u0141ukasz Rajewski (70 kg)<\/em><\/strong><br \/>\n<strong><em>72 kg: Kamil Gniadek (71.3 kg) vs. Mateusz Zawadzki (71.7 kg)<\/em><\/strong><\/p>\n<p style=\"text-align: center\">\n<p style=\"text-align: center\">[yframe url=&#8217;www.youtube.com\/watch?v=dZpJ5FDJG2w&#8217;]<\/p>\n","protected":false},"excerpt":{"rendered":"<p>[yframe url=&#8217;www.youtube.com\/watch?v=eFl1Gvn-xRA&#8217;] Um dos maiores eventos de MMA de Europa, o KSW realizou sua pesagem oficial nesta sexta feira. Com participa\u00e7\u00e3o de tr\u00eas brasileiros, a <a class=\"read-more\" href=\"https:\/\/blogs.gazetaesportiva.com\/planeta-octogono\/2015\/02\/21\/com-participacao-recorde-de-brasileiros-kalindra-faria-nao-bate-peso-mas-tem-luta-confirmada-no-ksw-30-neste-sabado\/\">leia mais<\/a><\/p>\n","protected":false},"author":33,"featured_media":16408,"comment_status":"open","ping_status":"open","sticky":false,"template":"","format":"standard","meta":{"jetpack_post_was_ever_published":false,"_jetpack_newsletter_access":"","_jetpack_dont_email_post_to_subs":false,"_jetpack_newsletter_tier_id":0,"_jetpack_memberships_contains_paywalled_content":false,"_jetpack_memberships_contains_paid_content":false,"footnotes":"","jetpack_publicize_message":"","jetpack_publicize_feature_enabled":true,"jetpack_social_post_already_shared":false,"jetpack_social_options":{"image_generator_settings":{"template":"highway","default_image_id":0,"font":"","enabled":false},"version":2}},"categories":[1],"tags":[626,46,734,732,712,733],"class_list":["post-16405","post","type-post","status-publish","format-standard","has-post-thumbnail","hentry","category-principal","tag-borys-mankowski","tag-kalindra-faria","tag-karolina-kowakiewicz","tag-kleber-koike","tag-ksw-30","tag-rodrigo-cavalheiro"],"jetpack_publicize_connections":[],"jetpack_featured_media_url":"https:\/\/blogs.gazetaesportiva.com\/planeta-octogono\/files\/2015\/02\/10426547_770713956317432_5838768150501070092_n.jpg","jetpack_sharing_enabled":true,"jetpack_shortlink":"https:\/\/wp.me\/p6rqUQ-4gB","_links":{"self":[{"href":"https:\/\/blogs.gazetaesportiva.com\/planeta-octogono\/wp-json\/wp\/v2\/posts\/16405","targetHints":{"allow":["GET"]}}],"collection":[{"href":"https:\/\/blogs.gazetaesportiva.com\/planeta-octogono\/wp-json\/wp\/v2\/posts"}],"about":[{"href":"https:\/\/blogs.gazetaesportiva.com\/planeta-octogono\/wp-json\/wp\/v2\/types\/post"}],"author":[{"embeddable":true,"href":"https:\/\/blogs.gazetaesportiva.com\/planeta-octogono\/wp-json\/wp\/v2\/users\/33"}],"replies":[{"embeddable":true,"href":"https:\/\/blogs.gazetaesportiva.com\/planeta-octogono\/wp-json\/wp\/v2\/comments?post=16405"}],"version-history":[{"count":0,"href":"https:\/\/blogs.gazetaesportiva.com\/planeta-octogono\/wp-json\/wp\/v2\/posts\/16405\/revisions"}],"wp:featuredmedia":[{"embeddable":true,"href":"https:\/\/blogs.gazetaesportiva.com\/planeta-octogono\/wp-json\/wp\/v2\/media\/16408"}],"wp:attachment":[{"href":"https:\/\/blogs.gazetaesportiva.com\/planeta-octogono\/wp-json\/wp\/v2\/media?parent=16405"}],"wp:term":[{"taxonomy":"category","embeddable":true,"href":"https:\/\/blogs.gazetaesportiva.com\/planeta-octogono\/wp-json\/wp\/v2\/categories?post=16405"},{"taxonomy":"post_tag","embeddable":true,"href":"https:\/\/blogs.gazetaesportiva.com\/planeta-octogono\/wp-json\/wp\/v2\/tags?post=16405"}],"curies":[{"name":"wp","href":"https:\/\/api.w.org\/{rel}","templated":true}]}}