{"id":16397,"date":"2015-02-20T06:37:41","date_gmt":"2015-02-20T08:37:41","guid":{"rendered":"https:\/\/blogs.gazetaesportiva.com\/planeta-octogono\/?p=16397"},"modified":"2015-02-20T07:00:42","modified_gmt":"2015-02-20T09:00:42","slug":"especial-ksw-30-brasileiros-enfrentam-favoritismo-de-adversarios-neste-sabado-kalindra-faria-e-grande-destaque-do-pais-em-evento","status":"publish","type":"post","link":"https:\/\/blogs.gazetaesportiva.com\/planeta-octogono\/2015\/02\/20\/especial-ksw-30-brasileiros-enfrentam-favoritismo-de-adversarios-neste-sabado-kalindra-faria-e-grande-destaque-do-pais-em-evento\/","title":{"rendered":"Especial KSW 30: Brasileiros enfrentam favoritismo de advers\u00e1rios neste s\u00e1bado, Kalindra Faria \u00e9 grande destaque do pa\u00eds em evento"},"content":{"rendered":"<p>[yframe url=&#8217;www.youtube.com\/watch?v=eFl1Gvn-xRA&#8217;]<\/p>\n<figure id=\"attachment_16400\" aria-describedby=\"caption-attachment-16400\" style=\"width: 1080px\" class=\"wp-caption aligncenter\"><a href=\"https:\/\/blogs.gazetaesportiva.com\/planeta-octogono\/files\/2015\/02\/1669979_770246693030825_2888740064960850186_o.jpg\"><img loading=\"lazy\" decoding=\"async\" class=\"size-full wp-image-16400\" alt=\"Kalindra Faria enfrenta grande desafio na Europa neste s\u00e1bado - Divulga\u00e7\u00e3o KSW\/Sebastien Rudnicki\" src=\"https:\/\/blogs.gazetaesportiva.com\/planeta-octogono\/files\/2015\/02\/1669979_770246693030825_2888740064960850186_o.jpg\" width=\"695\" height=\"455\" \/><\/a><figcaption id=\"caption-attachment-16400\" class=\"wp-caption-text\"><em><strong>Kalindra Faria enfrenta grande desafio na Europa neste s\u00e1bado &#8211; Divulga\u00e7\u00e3o KSW\/Sebastien Rudnicki<\/strong><\/em><\/figcaption><\/figure>\n<p>Neste s\u00e1bado, a cidade de Poznan recebe a trig\u00e9sima edi\u00e7\u00e3o do KSW, um dos maiores eventos de MMA da Europa.<\/p>\n<p>Com a presen\u00e7a de tr\u00eas brasileiros, o principal destaque do pa\u00eds \u00e9 a lutadora Kalindra Faria, que recentemente disputou o cintur\u00e3o do evento americano WSOF e agora recebe a primeira oportunidade de lutar em um grande evento europeu.<\/p>\n<p>A advers\u00e1ria de Kalindra \u00e9 a musa do MMA, e uma das melhores pesos palhas do planeta, a polonesa Karolina Kowalkiewicz, invicta no MMA.<\/p>\n<p>Karolina reconhece que vai enfrentar um duro desafio e em trailer oficial, divulgado pela organiza\u00e7\u00e3o, espera um duro duelo contra Kalindra.<\/p>\n<p>&#8220;Acredito que ser\u00e1 a luta mais dif\u00edcil da minha carreira.&#8221; disse Karolina em entrevista no v\u00eddeo divulgado pela organiza\u00e7\u00e3o.<\/p>\n<p>[yframe url=&#8217;www.youtube.com\/watch?v=nzPa6bfvwgk&#8217;]<\/p>\n<p>Al\u00e9m de Kalindra, outros dois brasileiros participam do evento.<\/p>\n<p>O atleta paranaense Rodrigo Cavalheiro enfrenta o polon\u00eas Mateusz Gamrot enquanto Kl\u00e9ber Koike que mora no Jap\u00e3o encara Anzor Azhiev na edi\u00e7\u00e3o.<\/p>\n<p>&nbsp;<\/p>\n<p style=\"text-align: center\"><strong><em>Luta principal tem oponente de Mankowski alterado por problemas m\u00e9dicos<\/em><\/strong><\/p>\n<p style=\"text-align: left\">Astro da luta principal, o atual campe\u00e3o Borys Mankowski recebeu uma not\u00edcia ruim, faltando dois dias de seu combate no KSW.<\/p>\n<p style=\"text-align: left\">O lutador soube que seu primeiro oponente no evento, o russo Mikahil Tsarev teve problemas de sa\u00fade e foi impedido pelos m\u00e9dicos de lutar no evento.<\/p>\n<p style=\"text-align: left\">A organiza\u00e7\u00e3o anunciou o noruegu\u00eas Monsen Bahari como substituto.<\/p>\n<p style=\"text-align: left\">O duelo seria pelo cintur\u00e3o da categoria por\u00e9m como Bahari, n\u00e3o ter\u00e1 tempo h\u00e1bil para atingir o limite de 77 kg da categoria, a luta ser\u00e1 em peso casado de 80 kg.<\/p>\n<p style=\"text-align: left\">[yframe url=&#8217;www.youtube.com\/watch?v=FwamY-bZxpI&#8217;]<\/p>\n","protected":false},"excerpt":{"rendered":"<p>[yframe url=&#8217;www.youtube.com\/watch?v=eFl1Gvn-xRA&#8217;] Neste s\u00e1bado, a cidade de Poznan recebe a trig\u00e9sima edi\u00e7\u00e3o do KSW, um dos maiores eventos de MMA da Europa. Com a presen\u00e7a <a class=\"read-more\" href=\"https:\/\/blogs.gazetaesportiva.com\/planeta-octogono\/2015\/02\/20\/especial-ksw-30-brasileiros-enfrentam-favoritismo-de-adversarios-neste-sabado-kalindra-faria-e-grande-destaque-do-pais-em-evento\/\">leia mais<\/a><\/p>\n","protected":false},"author":33,"featured_media":16400,"comment_status":"open","ping_status":"open","sticky":false,"template":"","format":"standard","meta":{"jetpack_post_was_ever_published":false,"_jetpack_newsletter_access":"","_jetpack_dont_email_post_to_subs":false,"_jetpack_newsletter_tier_id":0,"_jetpack_memberships_contains_paywalled_content":false,"_jetpack_memberships_contains_paid_content":false,"footnotes":"","jetpack_publicize_message":"","jetpack_publicize_feature_enabled":true,"jetpack_social_post_already_shared":false,"jetpack_social_options":{"image_generator_settings":{"template":"highway","default_image_id":0,"font":"","enabled":false},"version":2}},"categories":[1],"tags":[626,46,713,732,712,733],"class_list":["post-16397","post","type-post","status-publish","format-standard","has-post-thumbnail","hentry","category-principal","tag-borys-mankowski","tag-kalindra-faria","tag-karolina-kowalkiewicz","tag-kleber-koike","tag-ksw-30","tag-rodrigo-cavalheiro"],"jetpack_publicize_connections":[],"jetpack_featured_media_url":"https:\/\/blogs.gazetaesportiva.com\/planeta-octogono\/files\/2015\/02\/1669979_770246693030825_2888740064960850186_o.jpg","jetpack_sharing_enabled":true,"jetpack_shortlink":"https:\/\/wp.me\/p6rqUQ-4gt","_links":{"self":[{"href":"https:\/\/blogs.gazetaesportiva.com\/planeta-octogono\/wp-json\/wp\/v2\/posts\/16397","targetHints":{"allow":["GET"]}}],"collection":[{"href":"https:\/\/blogs.gazetaesportiva.com\/planeta-octogono\/wp-json\/wp\/v2\/posts"}],"about":[{"href":"https:\/\/blogs.gazetaesportiva.com\/planeta-octogono\/wp-json\/wp\/v2\/types\/post"}],"author":[{"embeddable":true,"href":"https:\/\/blogs.gazetaesportiva.com\/planeta-octogono\/wp-json\/wp\/v2\/users\/33"}],"replies":[{"embeddable":true,"href":"https:\/\/blogs.gazetaesportiva.com\/planeta-octogono\/wp-json\/wp\/v2\/comments?post=16397"}],"version-history":[{"count":0,"href":"https:\/\/blogs.gazetaesportiva.com\/planeta-octogono\/wp-json\/wp\/v2\/posts\/16397\/revisions"}],"wp:featuredmedia":[{"embeddable":true,"href":"https:\/\/blogs.gazetaesportiva.com\/planeta-octogono\/wp-json\/wp\/v2\/media\/16400"}],"wp:attachment":[{"href":"https:\/\/blogs.gazetaesportiva.com\/planeta-octogono\/wp-json\/wp\/v2\/media?parent=16397"}],"wp:term":[{"taxonomy":"category","embeddable":true,"href":"https:\/\/blogs.gazetaesportiva.com\/planeta-octogono\/wp-json\/wp\/v2\/categories?post=16397"},{"taxonomy":"post_tag","embeddable":true,"href":"https:\/\/blogs.gazetaesportiva.com\/planeta-octogono\/wp-json\/wp\/v2\/tags?post=16397"}],"curies":[{"name":"wp","href":"https:\/\/api.w.org\/{rel}","templated":true}]}}