{"id":16392,"date":"2015-02-20T05:59:57","date_gmt":"2015-02-20T07:59:57","guid":{"rendered":"https:\/\/blogs.gazetaesportiva.com\/planeta-octogono\/?p=16392"},"modified":"2015-02-20T08:29:56","modified_gmt":"2015-02-20T10:29:56","slug":"spider-se-pronuncia-alega-inocencia-e-fala-sobre-criticas-a-pressa-das-pessoas-em-me-condenar-e-injusta","status":"publish","type":"post","link":"https:\/\/blogs.gazetaesportiva.com\/planeta-octogono\/2015\/02\/20\/spider-se-pronuncia-alega-inocencia-e-fala-sobre-criticas-a-pressa-das-pessoas-em-me-condenar-e-injusta\/","title":{"rendered":"Spider se pronuncia, alega inoc\u00eancia e fala sobre cr\u00edticas: Nunca fui trapaceiro!"},"content":{"rendered":"<p>&nbsp;<\/p>\n<figure id=\"attachment_16241\" aria-describedby=\"caption-attachment-16241\" style=\"width: 695px\" class=\"wp-caption aligncenter\"><a href=\"https:\/\/blogs.gazetaesportiva.com\/planeta-octogono\/files\/2015\/02\/2.jpg\"><img loading=\"lazy\" decoding=\"async\" class=\"size-full wp-image-16241\" alt=\"Spider mandou recado para f\u00e3s - Divulga\u00e7\u00e3o\" src=\"https:\/\/blogs.gazetaesportiva.com\/planeta-octogono\/files\/2015\/02\/2.jpg\" width=\"695\" height=\"398\" \/><\/a><figcaption id=\"caption-attachment-16241\" class=\"wp-caption-text\"><strong><em>Spider mandou recado para f\u00e3s &#8211; Divulga\u00e7\u00e3o<\/em><\/strong><\/figcaption><\/figure>\n<p>&nbsp;<\/p>\n<p>Finalmente, o \u00eddolo brasileiro Anderson Silva se pronunciou ap\u00f3s sil\u00eancio com a divulga\u00e7\u00e3o de exames antidoping positivos do atleta.<\/p>\n<p>O lutador que testou positivo em dois exames antidoping, um no dia 9 de janeiro e outro ap\u00f3s o UFC 183, publicou um texto em ingl\u00eas se defendendo.<\/p>\n<p>Anderson se defendeu atrav\u00e9s da rede social Instagram, alegando que nunca usou anabolizantes ou outras drogas para aumento de performance e criticou as pessoas que o julgam antes dos fatos serem esclarecidos totalmente.<\/p>\n<p style=\"text-align: center\"><strong><em>Leia o pronunciamento de Spider na \u00edntegra:<\/em><\/strong><\/p>\n<p style=\"text-align: center\"><em>Em respeito aos meus f\u00e3s&#8230;\u00a0<\/em><\/p>\n<p style=\"text-align: center\"><em>N\u00e3o falarei nada sobre quem sou ou que fiz e passei at\u00e9 chegar aqui.<\/em><br \/>\n<em> O que me importa agora \u00e9 o respeito dos que me acompanharam at\u00e9 este momento da minha carreira.<\/em><br \/>\n<em> Sangrei, sofri e lutei porque amo e porque sempre quis honrar e defender a bandeira do pa\u00eds que tanto amo.<\/em><br \/>\n<em> N\u00e3o sei do que me desculpar, pois ainda aguardo o resultado dos exames e a an\u00e1lise dos m\u00e9dicos e especialistas que trabalham para revelar a verdade.<\/em><br \/>\n<em> Todos os rem\u00e9dios que tomei desde a minha fratura est\u00e3o sendo analisados. Busco a verdade tanto quanto todos que se surpreenderam com os resultados divulgados.<\/em><br \/>\n<em> Em dezoito anos de carreira, nunca tive problemas com exames. Sempre joguei limpo. Nunca fui trapaceiro.<\/em><br \/>\n<em> Dentro e fora do oct\u00f3gono jamais vacilei no respeito aos princ\u00edpios que sempre me pautaram. Com muita honra e dignidade defendi meu Pa\u00eds onde quer que lutei.<\/em><br \/>\n<em> Nunca usei qualquer subst\u00e2ncia para aumentar minha performance nas lutas.<\/em><br \/>\n<em> Amo o que fa\u00e7o e jamais poria em risco o que levei tanto tempo para construir.<\/em><br \/>\n<em> Acho injusta a pressa que alguns t\u00eam em me condenar.<\/em><br \/>\n<em> O tempo que se leva para destruir uma reputa\u00e7\u00e3o \u00e9 infinitamente menor do que aquele empenhado em constru\u00ed-la.<\/em><br \/>\n<em> Sou o maior interessado no esclarecimento desse epis\u00f3dio. Quero que os que sempre me prestigiaram saibam que continuo lutando para que todas as sombras sobre esse triste epis\u00f3dio sejam dissipadas.<\/em><\/p>\n<p style=\"text-align: left\">Anderson foi suspenso temporariamente at\u00e9 a pr\u00f3xima reuni\u00e3o da Comiss\u00e3o Atl\u00e9tica de Nevada que deve acontecer em mar\u00e7o ou abril.<\/p>\n<p style=\"text-align: left\">A reuni\u00e3o deve ser de car\u00e1ter definitivo e o atleta corre o risco de pegar uma suspens\u00e3o de 9 meses a 2 anos.<\/p>\n","protected":false},"excerpt":{"rendered":"<p>&nbsp; &nbsp; Finalmente, o \u00eddolo brasileiro Anderson Silva se pronunciou ap\u00f3s sil\u00eancio com a divulga\u00e7\u00e3o de exames antidoping positivos do atleta. O lutador que testou <a class=\"read-more\" href=\"https:\/\/blogs.gazetaesportiva.com\/planeta-octogono\/2015\/02\/20\/spider-se-pronuncia-alega-inocencia-e-fala-sobre-criticas-a-pressa-das-pessoas-em-me-condenar-e-injusta\/\">leia mais<\/a><\/p>\n","protected":false},"author":33,"featured_media":0,"comment_status":"open","ping_status":"open","sticky":false,"template":"","format":"standard","meta":{"jetpack_post_was_ever_published":false,"_jetpack_newsletter_access":"","_jetpack_dont_email_post_to_subs":false,"_jetpack_newsletter_tier_id":0,"_jetpack_memberships_contains_paywalled_content":false,"_jetpack_memberships_contains_paid_content":false,"footnotes":"","jetpack_publicize_message":"","jetpack_publicize_feature_enabled":true,"jetpack_social_post_already_shared":false,"jetpack_social_options":{"image_generator_settings":{"template":"highway","default_image_id":0,"font":"","enabled":false},"version":2}},"categories":[1],"tags":[22,41],"class_list":["post-16392","post","type-post","status-publish","format-standard","hentry","category-principal","tag-anderson-silva","tag-ufc"],"jetpack_publicize_connections":[],"jetpack_featured_media_url":"","jetpack_sharing_enabled":true,"jetpack_shortlink":"https:\/\/wp.me\/p6rqUQ-4go","_links":{"self":[{"href":"https:\/\/blogs.gazetaesportiva.com\/planeta-octogono\/wp-json\/wp\/v2\/posts\/16392","targetHints":{"allow":["GET"]}}],"collection":[{"href":"https:\/\/blogs.gazetaesportiva.com\/planeta-octogono\/wp-json\/wp\/v2\/posts"}],"about":[{"href":"https:\/\/blogs.gazetaesportiva.com\/planeta-octogono\/wp-json\/wp\/v2\/types\/post"}],"author":[{"embeddable":true,"href":"https:\/\/blogs.gazetaesportiva.com\/planeta-octogono\/wp-json\/wp\/v2\/users\/33"}],"replies":[{"embeddable":true,"href":"https:\/\/blogs.gazetaesportiva.com\/planeta-octogono\/wp-json\/wp\/v2\/comments?post=16392"}],"version-history":[{"count":0,"href":"https:\/\/blogs.gazetaesportiva.com\/planeta-octogono\/wp-json\/wp\/v2\/posts\/16392\/revisions"}],"wp:attachment":[{"href":"https:\/\/blogs.gazetaesportiva.com\/planeta-octogono\/wp-json\/wp\/v2\/media?parent=16392"}],"wp:term":[{"taxonomy":"category","embeddable":true,"href":"https:\/\/blogs.gazetaesportiva.com\/planeta-octogono\/wp-json\/wp\/v2\/categories?post=16392"},{"taxonomy":"post_tag","embeddable":true,"href":"https:\/\/blogs.gazetaesportiva.com\/planeta-octogono\/wp-json\/wp\/v2\/tags?post=16392"}],"curies":[{"name":"wp","href":"https:\/\/api.w.org\/{rel}","templated":true}]}}