{"id":16382,"date":"2015-02-18T20:08:53","date_gmt":"2015-02-18T22:08:53","guid":{"rendered":"https:\/\/blogs.gazetaesportiva.com\/planeta-octogono\/?p=16382"},"modified":"2015-02-18T20:50:56","modified_gmt":"2015-02-18T22:50:56","slug":"mma-com-opiniao-mma-vs-doping-a-guerra-apenas-comecou","status":"publish","type":"post","link":"https:\/\/blogs.gazetaesportiva.com\/planeta-octogono\/2015\/02\/18\/mma-com-opiniao-mma-vs-doping-a-guerra-apenas-comecou\/","title":{"rendered":"MMA com Opini\u00e3o: MMA vs Doping, a guerra apenas come\u00e7ou!"},"content":{"rendered":"<figure id=\"attachment_16287\" aria-describedby=\"caption-attachment-16287\" style=\"width: 3456px\" class=\"wp-caption aligncenter\"><img loading=\"lazy\" decoding=\"async\" src=\"https:\/\/blogs.gazetaesportiva.com\/planeta-octogono\/files\/2015\/02\/tmp_5073-IMG_6172-2106507394.jpg\" alt=\"Dana White e o UFC respondem a altura, sobre problemas de doping no MMA - Ana Carolina\/Gazeta Press\" width=\"3456\" height=\"2304\" class=\"size-full wp-image-16287\" \/><\/a><figcaption id=\"caption-attachment-16287\" class=\"wp-caption-text\">Dana White e o UFC respondem a altura, sobre problemas de doping no MMA &#8211; Ana Carolina\/Gazeta Press<\/figcaption><\/figure>\n<p>Quarta feira, 19 de fevereiro de 2015.<\/p>\n<p>Ser\u00e1 uma data que pode ficar na hist\u00f3ria do MMA.<\/p>\n<p>Ap\u00f3s os v\u00e1rios casos de doping que surgiram, bombardeando os f\u00e3s, imprensa e o pr\u00f3prio esporte, o UFC finalmente responde a altura.<\/p>\n<p>A partir de julho, todos os 585 atletas do evento v\u00e3o estar sendo submetidos a exames antidoping surpresas.<\/p>\n<p>Como j\u00e1 era costume anterior, os lutadores apenas eram testados depois da competi\u00e7\u00e3o, o que abria precedente para o uso de substancias proibidas.<\/p>\n<p>Ap\u00f3s o UFC anunciar que vai enfrentar de frente esta verdadeira guerra sem fim, que \u00e9 a batalha contra o doping, podemos dizer que o confronto apenas est\u00e1 come\u00e7ando.<\/p>\n<p>A medida \u00e9 dura, mas \u00e9 uma forma de punir e manter ao m\u00e1ximo os atletas que lutam no maior evento de MMA do mundo, limpos.<\/p>\n<p>Exames surpresas v\u00e3o minar as tentativas dos atletas, que desejam burlar as regras.<\/p>\n<p>Se todos os casos v\u00e3o desaparecer, creio que n\u00e3o.<\/p>\n<p>Por\u00e9m acredito que o n\u00famero deve reduzir drasticamente ap\u00f3s o sistema implantado.<\/p>\n<p>O UFC est\u00e1 gastando milh\u00f5es, coisa que nenhum evento fez antes em busca de manter sua credibilidade junto ao p\u00fablico, patrocinadores, imprensa entre outros.<\/p>\n<figure id=\"attachment_16247\" aria-describedby=\"caption-attachment-16247\" style=\"width: 695px\" class=\"wp-caption aligncenter\"><a href=\"https:\/\/blogs.gazetaesportiva.com\/planeta-octogono\/files\/2015\/02\/10553752_10152990477401276_4419083497292671659_o.jpg\"><img loading=\"lazy\" decoding=\"async\" src=\"https:\/\/blogs.gazetaesportiva.com\/planeta-octogono\/files\/2015\/02\/10553752_10152990477401276_4419083497292671659_o.jpg\" alt=\"Caso de Spider foi golpe duro mas que traz grandes mudan\u00e7as - Divulga\u00e7\u00e3o\" width=\"695\" height=\"463\" class=\"size-full wp-image-16247\" \/><\/a><figcaption id=\"caption-attachment-16247\" class=\"wp-caption-text\">Caso de Spider foi golpe duro mas que traz grandes mudan\u00e7as &#8211; Divulga\u00e7\u00e3o<\/figcaption><\/figure>\n<p>O caso Anderson Silva foi um alerta.<\/p>\n<p>Um golpe duro que nem Dana White esperava.<\/p>\n<p>A rea\u00e7\u00e3o foi imediata, mediante ao choque e principalmente a repercuss\u00e3o negativa do caso.<\/p>\n<p>Ver um de seus maiores astros, um \u00eddolo nacional brasileiro envolvido com o doping sacudiu a c\u00fapula do UFC, que resolveu agir.<\/p>\n<p>Com todo seu esfor\u00e7o, o Ultimate enfrenta uma guerra que n\u00e3o \u00e9 somente do MMA, mas de todos os esportes.<\/p>\n<p>Casos diversos existem em v\u00e1rias modalidades, mas vejo um in\u00edcio de uma revolu\u00e7\u00e3o pelo menos no MMA.<\/p>\n<p>Qualquer lutador que tenha o sonho de ser um atleta do UFC, vai ter que enfrentar estas novas e duras regras, que n\u00e3o prometem moleza mas combate contra impunidade.<\/p>\n<p>Afinal, o MMA \u00e9 um esporte em desenvolvimento, sendo usado como inclus\u00e3o social, al\u00e9m de ser um esporte de alto n\u00edvel de rendimento.<\/p>\n<p>Fam\u00edlias dependem dele, profissionais em geral, treinadores, preparadores f\u00edsicos, psic\u00f3logos voltados ao MMA em si, cutmans e cutwomans, empres\u00e1rios, promotores e organizadores de eventos, m\u00e9dicos e funcion\u00e1rios de Comiss\u00f5es, nutricionistas e muitos outros.<\/p>\n<p>O esporte sofreu um golpe duro, por\u00e9m \u00e9 sempre nos erros que conseguimos reavaliar a,situa\u00e7\u00e3o e fazer mudan\u00e7as.<\/p>\n<p>O UFC est\u00e1 fazendo a parte dele. Resta agora os atletas e todas as pessoas proximas tamb\u00e9m fazerem.<\/p>\n","protected":false},"excerpt":{"rendered":"<p>Quarta feira, 19 de fevereiro de 2015. Ser\u00e1 uma data que pode ficar na hist\u00f3ria do MMA. Ap\u00f3s os v\u00e1rios casos de doping que surgiram, <a class=\"read-more\" href=\"https:\/\/blogs.gazetaesportiva.com\/planeta-octogono\/2015\/02\/18\/mma-com-opiniao-mma-vs-doping-a-guerra-apenas-comecou\/\">leia mais<\/a><\/p>\n","protected":false},"author":33,"featured_media":0,"comment_status":"open","ping_status":"open","sticky":false,"template":"","format":"standard","meta":{"jetpack_post_was_ever_published":false,"_jetpack_newsletter_access":"","_jetpack_dont_email_post_to_subs":false,"_jetpack_newsletter_tier_id":0,"_jetpack_memberships_contains_paywalled_content":false,"_jetpack_memberships_contains_paid_content":false,"footnotes":"","jetpack_publicize_message":"","jetpack_publicize_feature_enabled":true,"jetpack_social_post_already_shared":false,"jetpack_social_options":{"image_generator_settings":{"template":"highway","default_image_id":0,"font":"","enabled":false},"version":2}},"categories":[1],"tags":[],"class_list":["post-16382","post","type-post","status-publish","format-standard","hentry","category-principal"],"jetpack_publicize_connections":[],"jetpack_featured_media_url":"","jetpack_sharing_enabled":true,"jetpack_shortlink":"https:\/\/wp.me\/p6rqUQ-4ge","_links":{"self":[{"href":"https:\/\/blogs.gazetaesportiva.com\/planeta-octogono\/wp-json\/wp\/v2\/posts\/16382","targetHints":{"allow":["GET"]}}],"collection":[{"href":"https:\/\/blogs.gazetaesportiva.com\/planeta-octogono\/wp-json\/wp\/v2\/posts"}],"about":[{"href":"https:\/\/blogs.gazetaesportiva.com\/planeta-octogono\/wp-json\/wp\/v2\/types\/post"}],"author":[{"embeddable":true,"href":"https:\/\/blogs.gazetaesportiva.com\/planeta-octogono\/wp-json\/wp\/v2\/users\/33"}],"replies":[{"embeddable":true,"href":"https:\/\/blogs.gazetaesportiva.com\/planeta-octogono\/wp-json\/wp\/v2\/comments?post=16382"}],"version-history":[{"count":0,"href":"https:\/\/blogs.gazetaesportiva.com\/planeta-octogono\/wp-json\/wp\/v2\/posts\/16382\/revisions"}],"wp:attachment":[{"href":"https:\/\/blogs.gazetaesportiva.com\/planeta-octogono\/wp-json\/wp\/v2\/media?parent=16382"}],"wp:term":[{"taxonomy":"category","embeddable":true,"href":"https:\/\/blogs.gazetaesportiva.com\/planeta-octogono\/wp-json\/wp\/v2\/categories?post=16382"},{"taxonomy":"post_tag","embeddable":true,"href":"https:\/\/blogs.gazetaesportiva.com\/planeta-octogono\/wp-json\/wp\/v2\/tags?post=16382"}],"curies":[{"name":"wp","href":"https:\/\/api.w.org\/{rel}","templated":true}]}}