{"id":16377,"date":"2015-02-15T18:51:46","date_gmt":"2015-02-15T20:51:46","guid":{"rendered":"https:\/\/blogs.gazetaesportiva.com\/planeta-octogono\/?p=16377"},"modified":"2015-02-15T18:51:46","modified_gmt":"2015-02-15T20:51:46","slug":"dana-white-opina-sobre-doping-de-anderson-silva-e-mostra-decepcao-era-um-grande-fa","status":"publish","type":"post","link":"https:\/\/blogs.gazetaesportiva.com\/planeta-octogono\/2015\/02\/15\/dana-white-opina-sobre-doping-de-anderson-silva-e-mostra-decepcao-era-um-grande-fa\/","title":{"rendered":"Dana White opina sobre doping de Anderson Silva e mostra decep\u00e7\u00e3o: Era um grande f\u00e3!"},"content":{"rendered":"<figure id=\"attachment_16287\" aria-describedby=\"caption-attachment-16287\" style=\"width: 695px\" class=\"wp-caption aligncenter\"><a href=\"https:\/\/blogs.gazetaesportiva.com\/planeta-octogono\/files\/2015\/02\/tmp_5073-IMG_6172-2106507394.jpg\"><img loading=\"lazy\" decoding=\"async\" class=\" wp-image-16287 \" alt=\"Dana White mostra estar decepcionado com Spider - Ana Carolina\/Gazeta Press\" src=\"https:\/\/blogs.gazetaesportiva.com\/planeta-octogono\/files\/2015\/02\/tmp_5073-IMG_6172-2106507394.jpg\" width=\"695\" height=\"455\" \/><\/a><figcaption id=\"caption-attachment-16287\" class=\"wp-caption-text\"><strong><em>Dana White mostra estar decepcionado com Spider &#8211; Ana Carolina\/Gazeta Press<\/em><\/strong><\/figcaption><\/figure>\n<p>&nbsp;<\/p>\n<p>O Presidente do UFC, Dana White se pronunciou acerca do caso de doping do brasileiro Anderson Silva.<\/p>\n<p>Na coletiva de imprensa ap\u00f3s o UFC deste \u00faltimo s\u00e1bado, Dana mostrou que est\u00e1 decepcionado com o lutador, e que a situa\u00e7\u00e3o o deixou mal durante alguns dias.<\/p>\n<p>&#8221;\u00a0Essa situa\u00e7\u00e3o me deixou arrasado por alguns dias. Eu era um grande f\u00e3 de Anderson Silva, mas vamos esperar pela coletiva de imprensa quarta-feira em Las Vegas.<\/p>\n<p>S\u00f3 posso dizer que muita coisa ruim vai acontecer. N\u00f3s n\u00e3o vamos falar sobre coisas legais, vamos falar sobre o que vem acontecendo recentemente, o que vamos fazer e o que vai acontecer daqui para a frente.&#8221; deixou claro o Presidente que juntamente com Lorenzo Fertitta, um dos s\u00f3cios do UFC v\u00e3o realizar uma coletiva de imprensa na quarta feira para falar sobre o assunto.<\/p>\n<p>Anderson deve ser ouvido nesta ter\u00e7a feira em reuni\u00e3o da Comiss\u00e3o Atl\u00e9tica de Nevada para prestar esclarecimentos sobre o caso.<\/p>\n<p>O lutador testou positivo em um exame antidoping no dia 9 de janeiro, em fase de prepara\u00e7\u00e3o para o UFC 183.<\/p>\n<p>Um outro exame que foi feito depois do evento tamb\u00e9m deu positivo mas ainda n\u00e3o foi oficialmente divulgado pela Comiss\u00e3o.<\/p>\n","protected":false},"excerpt":{"rendered":"<p>&nbsp; O Presidente do UFC, Dana White se pronunciou acerca do caso de doping do brasileiro Anderson Silva. Na coletiva de imprensa ap\u00f3s o UFC <a class=\"read-more\" href=\"https:\/\/blogs.gazetaesportiva.com\/planeta-octogono\/2015\/02\/15\/dana-white-opina-sobre-doping-de-anderson-silva-e-mostra-decepcao-era-um-grande-fa\/\">leia mais<\/a><\/p>\n","protected":false},"author":33,"featured_media":0,"comment_status":"open","ping_status":"open","sticky":false,"template":"","format":"standard","meta":{"jetpack_post_was_ever_published":false,"_jetpack_newsletter_access":"","_jetpack_dont_email_post_to_subs":false,"_jetpack_newsletter_tier_id":0,"_jetpack_memberships_contains_paywalled_content":false,"_jetpack_memberships_contains_paid_content":false,"footnotes":"","jetpack_publicize_message":"","jetpack_publicize_feature_enabled":true,"jetpack_social_post_already_shared":false,"jetpack_social_options":{"image_generator_settings":{"template":"highway","default_image_id":0,"font":"","enabled":false},"version":2}},"categories":[1],"tags":[22,111,41],"class_list":["post-16377","post","type-post","status-publish","format-standard","hentry","category-principal","tag-anderson-silva","tag-dana-white","tag-ufc"],"jetpack_publicize_connections":[],"jetpack_featured_media_url":"","jetpack_sharing_enabled":true,"jetpack_shortlink":"https:\/\/wp.me\/p6rqUQ-4g9","_links":{"self":[{"href":"https:\/\/blogs.gazetaesportiva.com\/planeta-octogono\/wp-json\/wp\/v2\/posts\/16377","targetHints":{"allow":["GET"]}}],"collection":[{"href":"https:\/\/blogs.gazetaesportiva.com\/planeta-octogono\/wp-json\/wp\/v2\/posts"}],"about":[{"href":"https:\/\/blogs.gazetaesportiva.com\/planeta-octogono\/wp-json\/wp\/v2\/types\/post"}],"author":[{"embeddable":true,"href":"https:\/\/blogs.gazetaesportiva.com\/planeta-octogono\/wp-json\/wp\/v2\/users\/33"}],"replies":[{"embeddable":true,"href":"https:\/\/blogs.gazetaesportiva.com\/planeta-octogono\/wp-json\/wp\/v2\/comments?post=16377"}],"version-history":[{"count":0,"href":"https:\/\/blogs.gazetaesportiva.com\/planeta-octogono\/wp-json\/wp\/v2\/posts\/16377\/revisions"}],"wp:attachment":[{"href":"https:\/\/blogs.gazetaesportiva.com\/planeta-octogono\/wp-json\/wp\/v2\/media?parent=16377"}],"wp:term":[{"taxonomy":"category","embeddable":true,"href":"https:\/\/blogs.gazetaesportiva.com\/planeta-octogono\/wp-json\/wp\/v2\/categories?post=16377"},{"taxonomy":"post_tag","embeddable":true,"href":"https:\/\/blogs.gazetaesportiva.com\/planeta-octogono\/wp-json\/wp\/v2\/tags?post=16377"}],"curies":[{"name":"wp","href":"https:\/\/api.w.org\/{rel}","templated":true}]}}