{"id":16374,"date":"2015-02-15T18:42:31","date_gmt":"2015-02-15T20:42:31","guid":{"rendered":"https:\/\/blogs.gazetaesportiva.com\/planeta-octogono\/?p=16374"},"modified":"2015-02-15T18:42:31","modified_gmt":"2015-02-15T20:42:31","slug":"ex-campeao-do-ufc-benson-henderson-finaliza-thatch-em-estreia-no-meio-medio-em-colorado","status":"publish","type":"post","link":"https:\/\/blogs.gazetaesportiva.com\/planeta-octogono\/2015\/02\/15\/ex-campeao-do-ufc-benson-henderson-finaliza-thatch-em-estreia-no-meio-medio-em-colorado\/","title":{"rendered":"Ex-campe\u00e3o do UFC, Benson Henderson finaliza Thatch em estr\u00e9ia no meio m\u00e9dio em Colorado"},"content":{"rendered":"<p>&nbsp;<\/p>\n<figure id=\"attachment_16375\" aria-describedby=\"caption-attachment-16375\" style=\"width: 695px\" class=\"wp-caption aligncenter\"><a href=\"https:\/\/blogs.gazetaesportiva.com\/planeta-octogono\/files\/2015\/02\/bendo.jpg\"><img loading=\"lazy\" decoding=\"async\" class=\"size-full wp-image-16375\" alt=\"Benson Henderson finaliza Thatch - Divulga\u00e7\u00e3o\" src=\"https:\/\/blogs.gazetaesportiva.com\/planeta-octogono\/files\/2015\/02\/bendo.jpg\" width=\"695\" height=\"462\" \/><\/a><figcaption id=\"caption-attachment-16375\" class=\"wp-caption-text\"><strong><em>Benson Henderson finaliza Thatch &#8211; Divulga\u00e7\u00e3o<\/em><\/strong><\/figcaption><\/figure>\n<p>&nbsp;<\/p>\n<p>O UFC realizou a edi\u00e7\u00e3o Fight Night Broomfield, no estado americano de Colorado neste \u00faltimo final de semana.<\/p>\n<p>Contando com a estr\u00e9ia do ex-campe\u00e3o peso leve, Benson Henderson, o atleta enfrentou o compatriota Brandon Thatch na luta principal da edi\u00e7\u00e3o.<\/p>\n<p>Sentindo a diferen\u00e7a de tamanho, com Thatch 13 cm mais alto, Benson teve problemas no in\u00edcio do combate, sentindo o poder dos golpes em p\u00e9 de Brandon.<\/p>\n<p>Mesmo acertando muitos golpes em Brendon, Henderson n\u00e3o conseguia golpes com grandes danos, devido a diferen\u00e7a de for\u00e7a entre os atletas.<\/p>\n<p>No quarto round, procurando a luta de solo, Benson conseguiu a vit\u00f3ria usando seu Jiu Jitsu.<\/p>\n<p>Ap\u00f3s ser derrotado pelo atual campe\u00e3o peso leve, Anthony Pettis com uma chave de bra\u00e7o, Henderson mostrou que aprendeu a li\u00e7\u00e3o e encaixou um mata le\u00e3o em Thatch para garantir a vit\u00f3ria.<\/p>\n<p>&nbsp;<\/p>\n<p style=\"text-align: center\"><em><strong>Brasileiros s\u00e3o derrotados no evento<\/strong><\/em><\/p>\n<p style=\"text-align: left\"><em><strong><\/strong><\/em>O Brasil teve duas participa\u00e7\u00f5es nesta edi\u00e7\u00e3o.<\/p>\n<p style=\"text-align: left\">No card principal, Michel Trator come\u00e7ou bem contra Kevin Lee, por\u00e9m acabou perdendo na decis\u00e3o dos ju\u00edzes.<\/p>\n<p style=\"text-align: left\">Rodrigo Monstro tamb\u00e9m teve muitos problemas diante do veterano Efrain Escudero e tamb\u00e9m perdeu na decis\u00e3o.<\/p>\n<p style=\"text-align: left\">O UFC retorna neste pr\u00f3ximo domingo, com a primeira edi\u00e7\u00e3o do evento no Brasil em 2015, fazendo sua estr\u00e9ia em Porto Alegre.<\/p>\n<p style=\"text-align: left\">O Gin\u00e1sio do Internacional, o Gigantinho recebe o duelo principal da edi\u00e7\u00e3o com o brasileiro Ant\u00f4nio Pez\u00e3o enfrentando o americano Frank Mir.<\/p>\n<p style=\"text-align: left\">\n<p style=\"text-align: center\"><strong><em>Veja os resultados do evento:<\/em><\/strong><\/p>\n<p style=\"text-align: center\"><strong><em>Card principal<\/em><\/strong><br \/>\n<strong><em> Ben Henderson finalizou Brandon Thatch com um mata-le\u00e3o no 4R<\/em><\/strong><br \/>\n<strong><em> Max Holloway derrotou Cole Miller por decis\u00e3o un\u00e2nime dos jurados<\/em><\/strong><br \/>\n<strong><em> Neil Magny finalizou Kiichi Kunimoto com um mata-le\u00e3o no 3R<\/em><\/strong><br \/>\n<strong><em> Daniel Kelly derrotou Patrick Walsh por decis\u00e3o un\u00e2nime dos jurados<\/em><\/strong><br \/>\n<strong><em> Kevin Lee derrotou Michel Trator por decis\u00e3o un\u00e2nime dos jurados<\/em><\/strong><br \/>\n<strong><em> Ray Borg finalizou Chris Kelades com uma kimura no 3R<\/em><\/strong><\/p>\n<p style=\"text-align: center\"><strong><em>Card preliminar<\/em><\/strong><br \/>\n<strong><em> Efrain Escudero derrotou Rodrigo Monstro por decis\u00e3o un\u00e2nime dos jurados<\/em><\/strong><br \/>\n<strong><em> Chas Skelly derrotou Jim Alers por nocaute t\u00e9cnico no 2R<\/em><\/strong><br \/>\n<strong><em> Zach Makovsky derrotou Tim Elliot por decis\u00e3o un\u00e2nime dos jurados<\/em><\/strong><br \/>\n<strong><em> James Moontasri finalizou Cody Pfister com um mata-le\u00e3o no 2R<\/em><\/strong><\/p>\n","protected":false},"excerpt":{"rendered":"<p>&nbsp; &nbsp; O UFC realizou a edi\u00e7\u00e3o Fight Night Broomfield, no estado americano de Colorado neste \u00faltimo final de semana. Contando com a estr\u00e9ia do <a class=\"read-more\" href=\"https:\/\/blogs.gazetaesportiva.com\/planeta-octogono\/2015\/02\/15\/ex-campeao-do-ufc-benson-henderson-finaliza-thatch-em-estreia-no-meio-medio-em-colorado\/\">leia mais<\/a><\/p>\n","protected":false},"author":33,"featured_media":16375,"comment_status":"open","ping_status":"open","sticky":false,"template":"","format":"standard","meta":{"jetpack_post_was_ever_published":false,"_jetpack_newsletter_access":"","_jetpack_dont_email_post_to_subs":false,"_jetpack_newsletter_tier_id":0,"_jetpack_memberships_contains_paywalled_content":false,"_jetpack_memberships_contains_paid_content":false,"footnotes":"","jetpack_publicize_message":"","jetpack_publicize_feature_enabled":true,"jetpack_social_post_already_shared":false,"jetpack_social_options":{"image_generator_settings":{"template":"highway","default_image_id":0,"font":"","enabled":false},"version":2}},"categories":[1],"tags":[367,731,41],"class_list":["post-16374","post","type-post","status-publish","format-standard","has-post-thumbnail","hentry","category-principal","tag-benson-henderson","tag-brandon-thatch","tag-ufc"],"jetpack_publicize_connections":[],"jetpack_featured_media_url":"https:\/\/blogs.gazetaesportiva.com\/planeta-octogono\/files\/2015\/02\/bendo.jpg","jetpack_sharing_enabled":true,"jetpack_shortlink":"https:\/\/wp.me\/p6rqUQ-4g6","_links":{"self":[{"href":"https:\/\/blogs.gazetaesportiva.com\/planeta-octogono\/wp-json\/wp\/v2\/posts\/16374","targetHints":{"allow":["GET"]}}],"collection":[{"href":"https:\/\/blogs.gazetaesportiva.com\/planeta-octogono\/wp-json\/wp\/v2\/posts"}],"about":[{"href":"https:\/\/blogs.gazetaesportiva.com\/planeta-octogono\/wp-json\/wp\/v2\/types\/post"}],"author":[{"embeddable":true,"href":"https:\/\/blogs.gazetaesportiva.com\/planeta-octogono\/wp-json\/wp\/v2\/users\/33"}],"replies":[{"embeddable":true,"href":"https:\/\/blogs.gazetaesportiva.com\/planeta-octogono\/wp-json\/wp\/v2\/comments?post=16374"}],"version-history":[{"count":0,"href":"https:\/\/blogs.gazetaesportiva.com\/planeta-octogono\/wp-json\/wp\/v2\/posts\/16374\/revisions"}],"wp:featuredmedia":[{"embeddable":true,"href":"https:\/\/blogs.gazetaesportiva.com\/planeta-octogono\/wp-json\/wp\/v2\/media\/16375"}],"wp:attachment":[{"href":"https:\/\/blogs.gazetaesportiva.com\/planeta-octogono\/wp-json\/wp\/v2\/media?parent=16374"}],"wp:term":[{"taxonomy":"category","embeddable":true,"href":"https:\/\/blogs.gazetaesportiva.com\/planeta-octogono\/wp-json\/wp\/v2\/categories?post=16374"},{"taxonomy":"post_tag","embeddable":true,"href":"https:\/\/blogs.gazetaesportiva.com\/planeta-octogono\/wp-json\/wp\/v2\/tags?post=16374"}],"curies":[{"name":"wp","href":"https:\/\/api.w.org\/{rel}","templated":true}]}}