{"id":16368,"date":"2015-02-13T19:02:03","date_gmt":"2015-02-13T21:02:03","guid":{"rendered":"https:\/\/blogs.gazetaesportiva.com\/planeta-octogono\/?p=16368"},"modified":"2015-02-13T19:03:29","modified_gmt":"2015-02-13T21:03:29","slug":"segundo-site-contraprova-de-exame-antidoping-de-anderson-silva-tem-terceira-substancia-proibida","status":"publish","type":"post","link":"https:\/\/blogs.gazetaesportiva.com\/planeta-octogono\/2015\/02\/13\/segundo-site-contraprova-de-exame-antidoping-de-anderson-silva-tem-terceira-substancia-proibida\/","title":{"rendered":"Segundo site, contraprova em exame antidoping de Anderson Silva tem terceira subst\u00e2ncia proibida"},"content":{"rendered":"<figure id=\"attachment_16247\" aria-describedby=\"caption-attachment-16247\" style=\"width: 695px\" class=\"wp-caption aligncenter\"><a href=\"https:\/\/blogs.gazetaesportiva.com\/planeta-octogono\/files\/2015\/02\/10553752_10152990477401276_4419083497292671659_o.jpg\"><img loading=\"lazy\" decoding=\"async\" class=\"size-full wp-image-16247\" alt=\"Spider pode ter mais problemas com divulga\u00e7\u00e3o de contraprova, segundo site - Divulga\u00e7\u00e3o\" src=\"https:\/\/blogs.gazetaesportiva.com\/planeta-octogono\/files\/2015\/02\/10553752_10152990477401276_4419083497292671659_o.jpg\" width=\"695\" height=\"463\" \/><\/a><figcaption id=\"caption-attachment-16247\" class=\"wp-caption-text\"><em><strong>Spider pode ter mais problemas com divulga\u00e7\u00e3o de contraprova, segundo site &#8211; Divulga\u00e7\u00e3o<\/strong><\/em><\/figcaption><\/figure>\n<p>&nbsp;<\/p>\n<p>As duas \u00faltimas semanas para Anderson Silva tem sido de verdadeiro caos.<\/p>\n<p>Ap\u00f3s a divulga\u00e7\u00e3o que o lutador testou positivo em um segundo exame antidoping ap\u00f3s o UFC 183, mais um problema para o atleta pode ser confirmado no dia 17 de fevereiro, data que o lutador vai se encontrar com a Comiss\u00e3o Atl\u00e9tica de Nevada para prestar esclarecimentos.<\/p>\n<p>Segundo o blog &#8220;Radar On line&#8221; da Revista Veja, o lutador teria a contraprova do primeiro exame antidoping positivo, realizado no dia 9 de janeiro, com tr\u00eas de vez duas subst\u00e2ncias proibidas.<\/p>\n<p>Al\u00e9m da Drostanolona e Androsterona, uma terceira subst\u00e2ncia n\u00e3o revelada tamb\u00e9m teria sido encontrada, segundo o site.<\/p>\n<p>A publica\u00e7\u00e3o diz tamb\u00e9m que o atleta j\u00e1 teria o conhecimento da informa\u00e7\u00e3o e at\u00e9 o momento Spider n\u00e3o teria feito o pedido da an\u00e1lise da contraprova.<\/p>\n<p>O atleta ainda n\u00e3o se pronunciou oficialmente sobre o assunto e deve ser suspenso temporariamente no dia 17 de fevereiro, sendo que a audi\u00eancia final pode ocorrer em mar\u00e7o ou abril com a puni\u00e7\u00e3o definitiva.<\/p>\n<p>O lutador corre risco de pegar uma suspens\u00e3o de 9 meses a 2 anos.<\/p>\n","protected":false},"excerpt":{"rendered":"<p>&nbsp; As duas \u00faltimas semanas para Anderson Silva tem sido de verdadeiro caos. Ap\u00f3s a divulga\u00e7\u00e3o que o lutador testou positivo em um segundo exame <a class=\"read-more\" href=\"https:\/\/blogs.gazetaesportiva.com\/planeta-octogono\/2015\/02\/13\/segundo-site-contraprova-de-exame-antidoping-de-anderson-silva-tem-terceira-substancia-proibida\/\">leia mais<\/a><\/p>\n","protected":false},"author":33,"featured_media":0,"comment_status":"open","ping_status":"open","sticky":false,"template":"","format":"standard","meta":{"jetpack_post_was_ever_published":false,"_jetpack_newsletter_access":"","_jetpack_dont_email_post_to_subs":false,"_jetpack_newsletter_tier_id":0,"_jetpack_memberships_contains_paywalled_content":false,"_jetpack_memberships_contains_paid_content":false,"footnotes":"","jetpack_publicize_message":"","jetpack_publicize_feature_enabled":true,"jetpack_social_post_already_shared":false,"jetpack_social_options":{"image_generator_settings":{"template":"highway","default_image_id":0,"font":"","enabled":false},"version":2}},"categories":[1],"tags":[22,717],"class_list":["post-16368","post","type-post","status-publish","format-standard","hentry","category-principal","tag-anderson-silva","tag-ufc-183"],"jetpack_publicize_connections":[],"jetpack_featured_media_url":"","jetpack_sharing_enabled":true,"jetpack_shortlink":"https:\/\/wp.me\/p6rqUQ-4g0","_links":{"self":[{"href":"https:\/\/blogs.gazetaesportiva.com\/planeta-octogono\/wp-json\/wp\/v2\/posts\/16368","targetHints":{"allow":["GET"]}}],"collection":[{"href":"https:\/\/blogs.gazetaesportiva.com\/planeta-octogono\/wp-json\/wp\/v2\/posts"}],"about":[{"href":"https:\/\/blogs.gazetaesportiva.com\/planeta-octogono\/wp-json\/wp\/v2\/types\/post"}],"author":[{"embeddable":true,"href":"https:\/\/blogs.gazetaesportiva.com\/planeta-octogono\/wp-json\/wp\/v2\/users\/33"}],"replies":[{"embeddable":true,"href":"https:\/\/blogs.gazetaesportiva.com\/planeta-octogono\/wp-json\/wp\/v2\/comments?post=16368"}],"version-history":[{"count":0,"href":"https:\/\/blogs.gazetaesportiva.com\/planeta-octogono\/wp-json\/wp\/v2\/posts\/16368\/revisions"}],"wp:attachment":[{"href":"https:\/\/blogs.gazetaesportiva.com\/planeta-octogono\/wp-json\/wp\/v2\/media?parent=16368"}],"wp:term":[{"taxonomy":"category","embeddable":true,"href":"https:\/\/blogs.gazetaesportiva.com\/planeta-octogono\/wp-json\/wp\/v2\/categories?post=16368"},{"taxonomy":"post_tag","embeddable":true,"href":"https:\/\/blogs.gazetaesportiva.com\/planeta-octogono\/wp-json\/wp\/v2\/tags?post=16368"}],"curies":[{"name":"wp","href":"https:\/\/api.w.org\/{rel}","templated":true}]}}