{"id":16366,"date":"2015-02-13T18:37:09","date_gmt":"2015-02-13T20:37:09","guid":{"rendered":"https:\/\/blogs.gazetaesportiva.com\/planeta-octogono\/?p=16366"},"modified":"2015-02-13T18:37:09","modified_gmt":"2015-02-13T20:37:09","slug":"veja-os-melhores-momentos-do-glory-19-e-a-consagracao-de-nieky-holzken","status":"publish","type":"post","link":"https:\/\/blogs.gazetaesportiva.com\/planeta-octogono\/2015\/02\/13\/veja-os-melhores-momentos-do-glory-19-e-a-consagracao-de-nieky-holzken\/","title":{"rendered":"Veja os melhores momentos do GLORY 19 e a consagra\u00e7\u00e3o de Nieky Holzken"},"content":{"rendered":"<figure id=\"attachment_16311\" aria-describedby=\"caption-attachment-16311\" style=\"width: 695px\" class=\"wp-caption aligncenter\"><a href=\"https:\/\/blogs.gazetaesportiva.com\/planeta-octogono\/files\/2015\/02\/GLORY19_Fights_Daniels-_vs_Nieky-1.jpg\"><img loading=\"lazy\" decoding=\"async\" class=\"size-full wp-image-16311\" alt=\"Boxe de Holzken volta a fazer diferen\u00e7a e lutador vai disputar o cintur\u00e3o novamente - Divulga\u00e7\u00e3o GLORY\/James Law\" src=\"https:\/\/blogs.gazetaesportiva.com\/planeta-octogono\/files\/2015\/02\/GLORY19_Fights_Daniels-_vs_Nieky-1.jpg\" width=\"695\" height=\"463\" \/><\/a><figcaption id=\"caption-attachment-16311\" class=\"wp-caption-text\"><strong><em>Boxe de Holzken volta a fazer diferen\u00e7a e lutador vai disputar o cintur\u00e3o novamente &#8211; Divulga\u00e7\u00e3o GLORY\/James Law<\/em><\/strong><\/figcaption><\/figure>\n<p>&nbsp;<\/p>\n<p>O maior evento de kickboxing do mundo, o GLORY divulgou os melhores momentos da edi\u00e7\u00e3o 19, que aconteceu na \u00faltima sexta feira nos Estados Unidos.<\/p>\n<p>Com um grande GP de contenders do peso meio m\u00e9dio, o holand\u00eas Nieky Holzken brilhou vencendo o torneio e garantindo uma disputa de cintur\u00e3o com o campe\u00e3o do peso, o canadense Joseph Valtellini.<\/p>\n<p>Al\u00e9m de Holzken, Rico Verhoeven defendeu o cintur\u00e3o peso pesado contra Errol Zimmerman e o evento teve a participa\u00e7\u00e3o de Andy Ristie e do brasileiro Jonatan Oliveira.<\/p>\n<p>A pr\u00f3xima edi\u00e7\u00e3o do GLORY ser\u00e1 no dia 3 de abril em Dubai, nos Emirados \u00c1rabes Unidos, com a participa\u00e7\u00e3o de Alex Pereira.<\/p>\n<p>[yframe url=&#8217;www.youtube.com\/watch?v=YiK8HzTOM7c&#8217;]<\/p>\n","protected":false},"excerpt":{"rendered":"<p>&nbsp; O maior evento de kickboxing do mundo, o GLORY divulgou os melhores momentos da edi\u00e7\u00e3o 19, que aconteceu na \u00faltima sexta feira nos Estados <a class=\"read-more\" href=\"https:\/\/blogs.gazetaesportiva.com\/planeta-octogono\/2015\/02\/13\/veja-os-melhores-momentos-do-glory-19-e-a-consagracao-de-nieky-holzken\/\">leia mais<\/a><\/p>\n","protected":false},"author":33,"featured_media":0,"comment_status":"open","ping_status":"open","sticky":false,"template":"","format":"standard","meta":{"jetpack_post_was_ever_published":false,"_jetpack_newsletter_access":"","_jetpack_dont_email_post_to_subs":false,"_jetpack_newsletter_tier_id":0,"_jetpack_memberships_contains_paywalled_content":false,"_jetpack_memberships_contains_paid_content":false,"footnotes":"","jetpack_publicize_message":"","jetpack_publicize_feature_enabled":true,"jetpack_social_post_already_shared":false,"jetpack_social_options":{"image_generator_settings":{"template":"highway","default_image_id":0,"font":"","enabled":false},"version":2}},"categories":[1],"tags":[725,609,432,94],"class_list":["post-16366","post","type-post","status-publish","format-standard","hentry","category-principal","tag-glory-19","tag-jonatan-oliveira","tag-nieky-holzken","tag-rico-verhoeven"],"jetpack_publicize_connections":[],"jetpack_featured_media_url":"","jetpack_sharing_enabled":true,"jetpack_shortlink":"https:\/\/wp.me\/p6rqUQ-4fY","_links":{"self":[{"href":"https:\/\/blogs.gazetaesportiva.com\/planeta-octogono\/wp-json\/wp\/v2\/posts\/16366","targetHints":{"allow":["GET"]}}],"collection":[{"href":"https:\/\/blogs.gazetaesportiva.com\/planeta-octogono\/wp-json\/wp\/v2\/posts"}],"about":[{"href":"https:\/\/blogs.gazetaesportiva.com\/planeta-octogono\/wp-json\/wp\/v2\/types\/post"}],"author":[{"embeddable":true,"href":"https:\/\/blogs.gazetaesportiva.com\/planeta-octogono\/wp-json\/wp\/v2\/users\/33"}],"replies":[{"embeddable":true,"href":"https:\/\/blogs.gazetaesportiva.com\/planeta-octogono\/wp-json\/wp\/v2\/comments?post=16366"}],"version-history":[{"count":0,"href":"https:\/\/blogs.gazetaesportiva.com\/planeta-octogono\/wp-json\/wp\/v2\/posts\/16366\/revisions"}],"wp:attachment":[{"href":"https:\/\/blogs.gazetaesportiva.com\/planeta-octogono\/wp-json\/wp\/v2\/media?parent=16366"}],"wp:term":[{"taxonomy":"category","embeddable":true,"href":"https:\/\/blogs.gazetaesportiva.com\/planeta-octogono\/wp-json\/wp\/v2\/categories?post=16366"},{"taxonomy":"post_tag","embeddable":true,"href":"https:\/\/blogs.gazetaesportiva.com\/planeta-octogono\/wp-json\/wp\/v2\/tags?post=16366"}],"curies":[{"name":"wp","href":"https:\/\/api.w.org\/{rel}","templated":true}]}}