{"id":16358,"date":"2015-02-12T06:21:39","date_gmt":"2015-02-12T08:21:39","guid":{"rendered":"https:\/\/blogs.gazetaesportiva.com\/planeta-octogono\/?p=16358"},"modified":"2015-02-12T06:21:39","modified_gmt":"2015-02-12T08:21:39","slug":"anderson-silva-testa-positivo-em-segundo-exame-antidoping-desta-vez-apos-o-ufc-183","status":"publish","type":"post","link":"https:\/\/blogs.gazetaesportiva.com\/planeta-octogono\/2015\/02\/12\/anderson-silva-testa-positivo-em-segundo-exame-antidoping-desta-vez-apos-o-ufc-183\/","title":{"rendered":"Anderson Silva testa positivo em segundo exame antidoping, desta vez ap\u00f3s o UFC 183"},"content":{"rendered":"<figure id=\"attachment_16242\" aria-describedby=\"caption-attachment-16242\" style=\"width: 762px\" class=\"wp-caption aligncenter\"><a href=\"https:\/\/blogs.gazetaesportiva.com\/planeta-octogono\/files\/2015\/02\/1.jpg\"><img loading=\"lazy\" decoding=\"async\" class=\"size-full wp-image-16242\" alt=\"Spider pode ter resultados questionados por f\u00e3s ap\u00f3s doping consecutvo - Divulga\u00e7\u00e3o\" src=\"https:\/\/blogs.gazetaesportiva.com\/planeta-octogono\/files\/2015\/02\/1.jpg\" width=\"762\" height=\"497\" \/><\/a><figcaption id=\"caption-attachment-16242\" class=\"wp-caption-text\"><strong><em>Spider volta a falhar em exame ap\u00f3s luta com Diaz &#8211; Divulga\u00e7\u00e3o<\/em><\/strong><\/figcaption><\/figure>\n<p>&nbsp;<\/p>\n<p>O que parecia ruim para a carreira do lutador brasileiro Anderson Silva, pode piorar.<\/p>\n<p>Na madrugada de quarta para quinta feira (hor\u00e1rio brasileiro), o site americano MMA Junkie e o brasileiro Combate.com, divulgaram que Spider testou positivo para mais um exame antidoping.<\/p>\n<p>Desta vez, o exame citado seria p\u00f3s luta do UFC 183, mas sem a data revelada do teste e tamb\u00e9m sem especificar a subst\u00e2ncia usada pelo lutador.<\/p>\n<p>Anderson que ainda n\u00e3o se pronunciou, deve ser ouvido no dia 17 de fevereiro em uma audi\u00eancia na Comiss\u00e3o Atl\u00e9tica de Nevada.<\/p>\n<p>O brasileiro que j\u00e1 havia testado positivo em um exame realizado no dia 9 de janeiro, com Drostanolona e Androsterona pode pegar uma suspens\u00e3o maior, caso a reincid\u00eancia seja confirmada pela Comiss\u00e3o.<\/p>\n<p>A suspens\u00e3o que poderia ser de 9 meses a 1 ano por ser a primeira vez, pode chegar a 2 anos.<\/p>\n<p>O lutador tamb\u00e9m a pedido da Comiss\u00e3o Atl\u00e9tica foi retirado do reality show de lutas do UFC, The Ultimate Fighter Brasil 4, que ser\u00e1 exibido na Rede Globo em alguns meses.<\/p>\n<p>Spider ainda n\u00e3o se pronunciou publicamente sobre o assunto mas segundo o blog Radar on line, da Revista Veja, sua assessoria de imprensa estaria estudando a melhor forma para assumir o erro publicamente.<\/p>\n<p>&nbsp;<\/p>\n<p><em><strong>Novo caso de doping &#8211;<\/strong> <\/em>Al\u00e9m de Anderson e Diaz, quem tamb\u00e9m est\u00e1 com problemas \u00e9 o lutador cubano Hector Lombard.<\/p>\n<p>O atleta foi pego com subst\u00e2ncias proibidas e tamb\u00e9m deve ser suspenso preventivamente pela Comiss\u00e3o Atl\u00e9tica.<\/p>\n<p>O lutador estava com luta marcada no UFC 186, contra Rory MacDonald mas o combate foi cancelado ap\u00f3s o an\u00fancio do teste positivo.<\/p>\n<p>&nbsp;<\/p>\n<p><em><strong>Comentarista do UFC diz que MMA enfrenta epidemia de doping &#8211;<\/strong> <\/em>Uma das principais personalidades do MMA, o comentarista principal do UFC, o americano Joe Rogan comentou os recentes casos de doping.<\/p>\n<p>Segundo Rogan, o problema \u00e9 muito grande no esporte e considerou que os eventos sofrem uma epidemia.<\/p>\n<p>&#8220;O UFC e o MMA em geral est\u00e1 uma epidemia de ester\u00f3ides. Se for analisar todo mundo, a porcentagem para os caras que v\u00e3o ser flagrados pode chegar entre 50 a 60%.<\/p>\n<p>Os lutadores treinam muito. Fazem Wrestling de dia, Jiu Jitsu a noite. Kickboxing no outro dia de manh\u00e3 e Wrestling, corrida de tarde e muscula\u00e7\u00e3o a noite.<\/p>\n<p>N\u00e3o conseguem se recuperar a tempo, porque n\u00e3o tem tempo h\u00e1bil para isso. \u00c9 a\u00ed que o &#8220;Dr. Sentindo Bem&#8221; entra em cena.&#8221; disse Rogan que comentou a situa\u00e7\u00e3o de Anderson.<\/p>\n<p>&#8220;Se voc\u00ea tem 39 anos de idade e quebra uma perna, voc\u00ea pode acabar enfrentando um longo per\u00edodo de recupera\u00e7\u00e3o.<\/p>\n<p>Ou voc\u00ea pode usar ester\u00f3ides e conseguir se recuperar em 15 meses. \u00c9 isto que pode acontecer mas a realidade \u00e9 que isto \u00e9 ilegal.<\/p>\n<p>Caso tenha optado pelos 15 meses, sua desculpa n\u00e3o pode ser: &#8220;Eu estou usando drogas ilegais para me recuperar mais r\u00e1pido. N\u00e3o. Voc\u00ea nunca est\u00e1 autorizado a usar ester\u00f3ides.&#8221; disparou o comentarista.<\/p>\n","protected":false},"excerpt":{"rendered":"<p>&nbsp; O que parecia ruim para a carreira do lutador brasileiro Anderson Silva, pode piorar. Na madrugada de quarta para quinta feira (hor\u00e1rio brasileiro), o <a class=\"read-more\" href=\"https:\/\/blogs.gazetaesportiva.com\/planeta-octogono\/2015\/02\/12\/anderson-silva-testa-positivo-em-segundo-exame-antidoping-desta-vez-apos-o-ufc-183\/\">leia mais<\/a><\/p>\n","protected":false},"author":33,"featured_media":0,"comment_status":"open","ping_status":"open","sticky":false,"template":"","format":"standard","meta":{"jetpack_post_was_ever_published":false,"_jetpack_newsletter_access":"","_jetpack_dont_email_post_to_subs":false,"_jetpack_newsletter_tier_id":0,"_jetpack_memberships_contains_paywalled_content":false,"_jetpack_memberships_contains_paid_content":false,"footnotes":"","jetpack_publicize_message":"","jetpack_publicize_feature_enabled":true,"jetpack_social_post_already_shared":false,"jetpack_social_options":{"image_generator_settings":{"template":"highway","default_image_id":0,"font":"","enabled":false},"version":2}},"categories":[1],"tags":[22,730,21,717],"class_list":["post-16358","post","type-post","status-publish","format-standard","hentry","category-principal","tag-anderson-silva","tag-hector-lombard","tag-joe-rogan","tag-ufc-183"],"jetpack_publicize_connections":[],"jetpack_featured_media_url":"","jetpack_sharing_enabled":true,"jetpack_shortlink":"https:\/\/wp.me\/p6rqUQ-4fQ","_links":{"self":[{"href":"https:\/\/blogs.gazetaesportiva.com\/planeta-octogono\/wp-json\/wp\/v2\/posts\/16358","targetHints":{"allow":["GET"]}}],"collection":[{"href":"https:\/\/blogs.gazetaesportiva.com\/planeta-octogono\/wp-json\/wp\/v2\/posts"}],"about":[{"href":"https:\/\/blogs.gazetaesportiva.com\/planeta-octogono\/wp-json\/wp\/v2\/types\/post"}],"author":[{"embeddable":true,"href":"https:\/\/blogs.gazetaesportiva.com\/planeta-octogono\/wp-json\/wp\/v2\/users\/33"}],"replies":[{"embeddable":true,"href":"https:\/\/blogs.gazetaesportiva.com\/planeta-octogono\/wp-json\/wp\/v2\/comments?post=16358"}],"version-history":[{"count":0,"href":"https:\/\/blogs.gazetaesportiva.com\/planeta-octogono\/wp-json\/wp\/v2\/posts\/16358\/revisions"}],"wp:attachment":[{"href":"https:\/\/blogs.gazetaesportiva.com\/planeta-octogono\/wp-json\/wp\/v2\/media?parent=16358"}],"wp:term":[{"taxonomy":"category","embeddable":true,"href":"https:\/\/blogs.gazetaesportiva.com\/planeta-octogono\/wp-json\/wp\/v2\/categories?post=16358"},{"taxonomy":"post_tag","embeddable":true,"href":"https:\/\/blogs.gazetaesportiva.com\/planeta-octogono\/wp-json\/wp\/v2\/tags?post=16358"}],"curies":[{"name":"wp","href":"https:\/\/api.w.org\/{rel}","templated":true}]}}