{"id":16355,"date":"2015-02-12T05:51:56","date_gmt":"2015-02-12T07:51:56","guid":{"rendered":"https:\/\/blogs.gazetaesportiva.com\/planeta-octogono\/?p=16355"},"modified":"2015-02-12T05:51:56","modified_gmt":"2015-02-12T07:51:56","slug":"apos-lesoes-luta-entre-chris-weidman-e-vitor-belfort-pode-acontecer-em-maio","status":"publish","type":"post","link":"https:\/\/blogs.gazetaesportiva.com\/planeta-octogono\/2015\/02\/12\/apos-lesoes-luta-entre-chris-weidman-e-vitor-belfort-pode-acontecer-em-maio\/","title":{"rendered":"Ap\u00f3s les\u00f5es, luta entre Chris Weidman e Vitor Belfort pode acontecer em maio"},"content":{"rendered":"<figure id=\"attachment_15365\" aria-describedby=\"caption-attachment-15365\" style=\"width: 669px\" class=\"wp-caption aligncenter\"><a href=\"https:\/\/blogs.gazetaesportiva.com\/planeta-octogono\/files\/2014\/11\/vitorchristin.jpg\"><img loading=\"lazy\" decoding=\"async\" class=\"size-full wp-image-15365\" alt=\"Belfort e Weidmandevem lutar em maio - Divulga\u00e7\u00e3o\" src=\"https:\/\/blogs.gazetaesportiva.com\/planeta-octogono\/files\/2014\/11\/vitorchristin.jpg\" width=\"669\" height=\"376\" \/><\/a><figcaption id=\"caption-attachment-15365\" class=\"wp-caption-text\"><strong><em>Belfort e Weidman devem lutar em maio &#8211; Divulga\u00e7\u00e3o<\/em><\/strong><\/figcaption><\/figure>\n<p>&nbsp;<\/p>\n<p>Ap\u00f3s uma s\u00e9rie de cancelamentos, finalmente o duelo entre o brasileiro Vitor Belfort e Chris Weidman pode vir a acontecer.<\/p>\n<p>Segundo o blog Radar on line da Revista Veja e o site Combate.com, o duelo estaria sendo negociado para o dia 23 de maio, data do Memorial Day (feriado americano) nos Estados Unidos.<\/p>\n<p>Depois de ver duas vezes o combate contra Weidman ser desmarcado devido a les\u00f5es do lutador, Belfort que teria cogitado fazer uma disputa de cintur\u00e3o interina contra Yoel Romero, finalmente deve enfrentar o campe\u00e3o do UFC.<\/p>\n<p>O UFC ainda n\u00e3o oficializou o combate mas pode vir em breve confirmar ao p\u00fablico, o resultado do acordo.<\/p>\n<p>Weidman teve uma les\u00e3o na m\u00e3o antes do UFC 181 em dezembro e uma les\u00e3o na costela antes do UFC 184 que ser\u00e1 no dia 28 deste m\u00eas.<\/p>\n","protected":false},"excerpt":{"rendered":"<p>&nbsp; Ap\u00f3s uma s\u00e9rie de cancelamentos, finalmente o duelo entre o brasileiro Vitor Belfort e Chris Weidman pode vir a acontecer. Segundo o blog Radar <a class=\"read-more\" href=\"https:\/\/blogs.gazetaesportiva.com\/planeta-octogono\/2015\/02\/12\/apos-lesoes-luta-entre-chris-weidman-e-vitor-belfort-pode-acontecer-em-maio\/\">leia mais<\/a><\/p>\n","protected":false},"author":33,"featured_media":0,"comment_status":"open","ping_status":"open","sticky":false,"template":"","format":"standard","meta":{"jetpack_post_was_ever_published":false,"_jetpack_newsletter_access":"","_jetpack_dont_email_post_to_subs":false,"_jetpack_newsletter_tier_id":0,"_jetpack_memberships_contains_paywalled_content":false,"_jetpack_memberships_contains_paid_content":false,"footnotes":"","jetpack_publicize_message":"","jetpack_publicize_feature_enabled":true,"jetpack_social_post_already_shared":false,"jetpack_social_options":{"image_generator_settings":{"template":"highway","default_image_id":0,"font":"","enabled":false},"version":2}},"categories":[1],"tags":[50,701,47],"class_list":["post-16355","post","type-post","status-publish","format-standard","hentry","category-principal","tag-chris-weidman","tag-ufc-184","tag-vitor-belfort"],"jetpack_publicize_connections":[],"jetpack_featured_media_url":"","jetpack_sharing_enabled":true,"jetpack_shortlink":"https:\/\/wp.me\/p6rqUQ-4fN","_links":{"self":[{"href":"https:\/\/blogs.gazetaesportiva.com\/planeta-octogono\/wp-json\/wp\/v2\/posts\/16355","targetHints":{"allow":["GET"]}}],"collection":[{"href":"https:\/\/blogs.gazetaesportiva.com\/planeta-octogono\/wp-json\/wp\/v2\/posts"}],"about":[{"href":"https:\/\/blogs.gazetaesportiva.com\/planeta-octogono\/wp-json\/wp\/v2\/types\/post"}],"author":[{"embeddable":true,"href":"https:\/\/blogs.gazetaesportiva.com\/planeta-octogono\/wp-json\/wp\/v2\/users\/33"}],"replies":[{"embeddable":true,"href":"https:\/\/blogs.gazetaesportiva.com\/planeta-octogono\/wp-json\/wp\/v2\/comments?post=16355"}],"version-history":[{"count":0,"href":"https:\/\/blogs.gazetaesportiva.com\/planeta-octogono\/wp-json\/wp\/v2\/posts\/16355\/revisions"}],"wp:attachment":[{"href":"https:\/\/blogs.gazetaesportiva.com\/planeta-octogono\/wp-json\/wp\/v2\/media?parent=16355"}],"wp:term":[{"taxonomy":"category","embeddable":true,"href":"https:\/\/blogs.gazetaesportiva.com\/planeta-octogono\/wp-json\/wp\/v2\/categories?post=16355"},{"taxonomy":"post_tag","embeddable":true,"href":"https:\/\/blogs.gazetaesportiva.com\/planeta-octogono\/wp-json\/wp\/v2\/tags?post=16355"}],"curies":[{"name":"wp","href":"https:\/\/api.w.org\/{rel}","templated":true}]}}