{"id":16353,"date":"2015-02-12T05:43:46","date_gmt":"2015-02-12T07:43:46","guid":{"rendered":"https:\/\/blogs.gazetaesportiva.com\/planeta-octogono\/?p=16353"},"modified":"2015-02-12T05:43:46","modified_gmt":"2015-02-12T07:43:46","slug":"thomas-almeida-vibra-com-reconhecimento-e-luta-no-ufc-186-vai-ser-muito-importante-para-mim","status":"publish","type":"post","link":"https:\/\/blogs.gazetaesportiva.com\/planeta-octogono\/2015\/02\/12\/thomas-almeida-vibra-com-reconhecimento-e-luta-no-ufc-186-vai-ser-muito-importante-para-mim\/","title":{"rendered":"Thomas Almeida vibra com reconhecimento e luta no UFC 186: Vai ser muito importante para mim!"},"content":{"rendered":"<figure id=\"attachment_14998\" aria-describedby=\"caption-attachment-14998\" style=\"width: 695px\" class=\"wp-caption aligncenter\"><a href=\"https:\/\/blogs.gazetaesportiva.com\/planeta-octogono\/files\/2014\/10\/DSC_6639_tratada.jpg\"><img loading=\"lazy\" decoding=\"async\" class=\"size-full wp-image-14998\" alt=\"Thomas Almeida faz primeira luta no Estados Unidos pelo UFC  - Divulga\u00e7\u00e3o MKS\/Felipe Fiorito\" src=\"https:\/\/blogs.gazetaesportiva.com\/planeta-octogono\/files\/2014\/10\/DSC_6639_tratada.jpg\" width=\"695\" height=\"462\" \/><\/a><figcaption id=\"caption-attachment-14998\" class=\"wp-caption-text\"><strong><em>Thomas Almeida faz primeira luta no Estados Unidos pelo UFC &#8211; Divulga\u00e7\u00e3o MKS\/Felipe Fiorito<\/em><\/strong><\/figcaption><\/figure>\n<p>&nbsp;<\/p>\n<p>A aguardada estreia de Thomas Almeida no UFC, em novembro do ano passado, impressionou os dirigentes do evento.<\/p>\n<p>Ap\u00f3s conquistar o pr\u00eamio de luta da noite pela performance diante de Tim Gorman e manter-se invicto em 17 lutas na carreira, o brasileiro peso-galo (at\u00e9 61,2kg) recebeu na \u00faltima semana a not\u00edcia de que vai lutar no Canad\u00e1, um dos principais centros do Ultimate no mundo, contra o experiente Yves Jabouin, no dia 25 de abril, pelo UFC 186.<\/p>\n<p>As edi\u00e7\u00f5es numeradas do evento costumam ter disputas de cintur\u00e3o e s\u00e3o vendidas em sistema de pay-per-view para os Estados Unidos, o que pode aumentar sua popularidade no pa\u00eds onde j\u00e1 conquistou o cintur\u00e3o do Legacy FC.<\/p>\n<p>No Brasil, o nome de Thomas Almeida \u00e9 sempre citado entre as maiores esperan\u00e7as do pa\u00eds no MMA. Acostumado a essa press\u00e3o, tem correspondido ao status de joia, e at\u00e9 o momento j\u00e1 nocauteou 13 oponentes, finalizou tr\u00eas e somente na estreia pelo UFC precisou da decis\u00e3o dos ju\u00edzes. O combate contra Tim Gorman serviu, entre outros aspectos, para alert\u00e1-lo das dificuldades que encontraria pela frente na principal organiza\u00e7\u00e3o de MMA do mundo e para prepara-lo para uma primeira atua\u00e7\u00e3o no exterior.<\/p>\n<p>&#8220;Fiquei muito satisfeito com essa luta, por ser um evento grande, com transmiss\u00e3o de pay-per-view nos Estados Unidos. Vai ser muito importante para mim. Lutar aqui no Brasil \u00e9 muito bom, mas os olhos do mundo est\u00e3o l\u00e1 fora e todos v\u00e3o poder conhecer melhor o Thomas Almeida depois do dia 25 de abril. Meu objetivo \u00e9 subir degrau por degrau na categoria, sem dar um passo maior que a perna e acho que uma boa atua\u00e7\u00e3o nesse combate pode me deixar com moral no UFC para almejar desafios maiores&#8221;, analisa.<\/p>\n<p>Enquanto Thomas Almeida ainda est\u00e1 no in\u00edcio de sua carreira no UFC, Yves Jabouin, soma quase quatro anos de experi\u00eancia no oct\u00f3gono e mais um no extinto WEC. No Ultimate, Jabouin fez oito lutas e venceu cinco, inclusive a \u00faltima, diante de Mike Easton, no UFC 174, em julho do ano passado. Aos 35 anos, o pr\u00f3ximo advers\u00e1rio de Thominhas lutar\u00e1 em sua cidade natal, Montreal, pela primeira vez.<\/p>\n<p>&#8220;O Yves \u00e9 um cara bem experiente, vai me dar uma bagagem muito boa. N\u00e3o estou preocupado se ele vai lutar em casa&#8221;, afirma o brasileiro, que promete fazer valer suas habilidades no muay thai. &#8220;Pretendo manter a luta em p\u00e9, sempre muito consciente e bem fechadinho do jeito que eu gosto. O p\u00fablico gosta de ver a troca\u00e7\u00e3o e sei que o estilo dele casa bem com o meu. Vou para nocautear, se poss\u00edvel ainda no primeiro round, para deixar uma boa impress\u00e3o&#8221;.<\/p>\n<p><b>Recusa de Faber para duelo no Rio n\u00e3o incomoda<\/b><\/p>\n<p>Nas \u00faltimas semanas, Thomas Almeida viveu a expectativa de outro duelo antes de saber que enfrentaria Jabouin. Isso porque Raphael Assun\u00e7\u00e3o, que faria a luta principal do UFC Fight Night 62, no Rio de Janeiro, contra Urijah Faber, se lesionou e o norte-americano ficou sem advers\u00e1rio. O estafe de Thomas, ent\u00e3o, colocou o atleta \u00e0 disposi\u00e7\u00e3o do Ultimate, que aceitou a ideia, mas esbarrou na negativa de Faber, que alegou pouca experi\u00eancia do atleta brasileiro.<\/p>\n<p>&#8220;Foi tudo muito r\u00e1pido, surgiu a oportunidade e eu aceitei lutar na hora. Mas o Faber \u00e9 um lutador muito inteligente e sabia que n\u00e3o tinha muito a ganhar com esse duelo e ainda poderia perder. Foi estrat\u00e9gico da parte dele e eu n\u00e3o julgo, se fosse ao contrario eu tamb\u00e9m acho que n\u00e3o lutaria. Vou seguir minha caminhada passo a passo e quem sabe um dia a gente n\u00e3o se esbarra?&#8221;, comenta.<\/p>\n","protected":false},"excerpt":{"rendered":"<p>&nbsp; A aguardada estreia de Thomas Almeida no UFC, em novembro do ano passado, impressionou os dirigentes do evento. Ap\u00f3s conquistar o pr\u00eamio de luta <a class=\"read-more\" href=\"https:\/\/blogs.gazetaesportiva.com\/planeta-octogono\/2015\/02\/12\/thomas-almeida-vibra-com-reconhecimento-e-luta-no-ufc-186-vai-ser-muito-importante-para-mim\/\">leia mais<\/a><\/p>\n","protected":false},"author":33,"featured_media":0,"comment_status":"open","ping_status":"open","sticky":false,"template":"","format":"standard","meta":{"jetpack_post_was_ever_published":false,"_jetpack_newsletter_access":"","_jetpack_dont_email_post_to_subs":false,"_jetpack_newsletter_tier_id":0,"_jetpack_memberships_contains_paywalled_content":false,"_jetpack_memberships_contains_paid_content":false,"footnotes":"","jetpack_publicize_message":"","jetpack_publicize_feature_enabled":true,"jetpack_social_post_already_shared":false,"jetpack_social_options":{"image_generator_settings":{"template":"highway","default_image_id":0,"font":"","enabled":false},"version":2}},"categories":[1],"tags":[33,709],"class_list":["post-16353","post","type-post","status-publish","format-standard","hentry","category-principal","tag-thomas-almeida","tag-ufc-186"],"jetpack_publicize_connections":[],"jetpack_featured_media_url":"","jetpack_sharing_enabled":true,"jetpack_shortlink":"https:\/\/wp.me\/p6rqUQ-4fL","_links":{"self":[{"href":"https:\/\/blogs.gazetaesportiva.com\/planeta-octogono\/wp-json\/wp\/v2\/posts\/16353","targetHints":{"allow":["GET"]}}],"collection":[{"href":"https:\/\/blogs.gazetaesportiva.com\/planeta-octogono\/wp-json\/wp\/v2\/posts"}],"about":[{"href":"https:\/\/blogs.gazetaesportiva.com\/planeta-octogono\/wp-json\/wp\/v2\/types\/post"}],"author":[{"embeddable":true,"href":"https:\/\/blogs.gazetaesportiva.com\/planeta-octogono\/wp-json\/wp\/v2\/users\/33"}],"replies":[{"embeddable":true,"href":"https:\/\/blogs.gazetaesportiva.com\/planeta-octogono\/wp-json\/wp\/v2\/comments?post=16353"}],"version-history":[{"count":0,"href":"https:\/\/blogs.gazetaesportiva.com\/planeta-octogono\/wp-json\/wp\/v2\/posts\/16353\/revisions"}],"wp:attachment":[{"href":"https:\/\/blogs.gazetaesportiva.com\/planeta-octogono\/wp-json\/wp\/v2\/media?parent=16353"}],"wp:term":[{"taxonomy":"category","embeddable":true,"href":"https:\/\/blogs.gazetaesportiva.com\/planeta-octogono\/wp-json\/wp\/v2\/categories?post=16353"},{"taxonomy":"post_tag","embeddable":true,"href":"https:\/\/blogs.gazetaesportiva.com\/planeta-octogono\/wp-json\/wp\/v2\/tags?post=16353"}],"curies":[{"name":"wp","href":"https:\/\/api.w.org\/{rel}","templated":true}]}}