{"id":16348,"date":"2015-02-11T06:52:43","date_gmt":"2015-02-11T08:52:43","guid":{"rendered":"https:\/\/blogs.gazetaesportiva.com\/planeta-octogono\/?p=16348"},"modified":"2015-02-11T06:52:43","modified_gmt":"2015-02-11T08:52:43","slug":"ufc-anuncia-venda-de-ingressos-para-edicao-no-rio-de-janeiro-em-marco-com-demian-maia-em-luta-principal","status":"publish","type":"post","link":"https:\/\/blogs.gazetaesportiva.com\/planeta-octogono\/2015\/02\/11\/ufc-anuncia-venda-de-ingressos-para-edicao-no-rio-de-janeiro-em-marco-com-demian-maia-em-luta-principal\/","title":{"rendered":"UFC anuncia venda de ingressos para edi\u00e7\u00e3o no Rio de Janeiro em mar\u00e7o com Demian Maia em luta principal"},"content":{"rendered":"<figure id=\"attachment_16349\" aria-describedby=\"caption-attachment-16349\" style=\"width: 695px\" class=\"wp-caption aligncenter\"><a href=\"https:\/\/blogs.gazetaesportiva.com\/planeta-octogono\/files\/2015\/02\/2121_11.46.2015_85737_ef_20150210.jpg\"><img loading=\"lazy\" decoding=\"async\" class=\"size-full wp-image-16349\" alt=\"Paulista Demian Maia encara Ryan LaFlare em luta principal - Alexandre Loureiro\/Inovafoto\" src=\"https:\/\/blogs.gazetaesportiva.com\/planeta-octogono\/files\/2015\/02\/2121_11.46.2015_85737_ef_20150210.jpg\" width=\"695\" height=\"463\" \/><\/a><figcaption id=\"caption-attachment-16349\" class=\"wp-caption-text\"><strong><em>Paulista Demian Maia encara Ryan LaFlare em luta principal &#8211; Alexandre Loureiro\/Inovafoto<\/em><\/strong><\/figcaption><\/figure>\n<p>&nbsp;<\/p>\n<p>Depois do sucesso do UFC 179, com todos os ingressos esgotados, o Ultimate Fighting Championship volta ao gin\u00e1sio do Maracan\u00e3zinho, no dia 21 de mar\u00e7o, para a sua segunda edi\u00e7\u00e3o no Brasil em 2015.<\/p>\n<p>Os ingressos para o UFC Fight Night: Maia vs La Flare podem ser adquiridos a partir desta quarta-feira, dia 11 de fevereiro, a partir das 10h, pelo site www.livepass.com.br, em Pontos de Venda credenciados (clique aqui), na Central de Relacionamento LIVEPASS, no 4020 2413, das 9h \u00e0s 21h, e na semana do evento na bilheteria oficial.<br \/>\nOs bilhetes estar\u00e3o dispon\u00edveis para os seguintes setores: Arquibancada (R$ 180,00 \/ R$ 90,00 \u2013 meia-entrada); Cadeira C (R$ 250,00 \/ R$ 125,00 \u2013 meia-entrada); Cadeira B (R$ 360,00 \/ R$ 180,00 \u2013 meia-entrada); Cadeira A (R$ 460,00 \/ R$ 230,00 \u2013 meia-entrada); Cadeira Premium (R$ 660,00 \/ R$ 330,00 \u2013 meia-entrada); Oct\u00f3gono Premium (R$ 860,00 \/ R$ 430,00 \u2013 meia-entrada); Portadores de Necessidades Especiais (R$ 90,00 \u2013 meia-entrada).<\/p>\n<p>O UFC Fight Night: Maia vs La Flare ter\u00e1 in\u00edcio \u00e0s 19h, com o card principal previsto para \u00e0s 22h. Os port\u00f5es abrem para o p\u00fablico a partir das 17h30.<br \/>\nLutas confirmadas<\/p>\n<p>Na luta principal do UFC Fight Night: Maia vs. La Flare, a esperada volta do brasileiro Demian Maia (19-6). Longe do oct\u00f3gono desde maio do ano passado, quando venceu Alexander Yakovlev, o brasileiro foi diagnosticado com uma osteomielite no ombro direito em agosto, o que o levou a duas interna\u00e7\u00f5es. Agora 100% recuperado, Demian, #8 entre os meio m\u00e9dios, enfrenta o invicto Ryan LaFlare.<\/p>\n<p>O natural de Niter\u00f3i Gilbert Durinho (9-0) \u00e9 mais um atleta a marcar presen\u00e7a no evento do Rio de Janeiro. O peso leve enfrenta o americano Josh Thomson (20-7), em luta que pode render ao brasileiro uma entrada no ranking da categoria. Thomson, #7 na divis\u00e3o, vem de duas derrotas controversas por decis\u00e3o dividida para Bobby Green e Ben Henderson, enquanto Durinho venceu Christos Giagos na \u00faltima passagem do UFC pelo Rio, no 179, em outubro de 2014.<\/p>\n<p>Em um duelo que j\u00e1 pode ser considerado candidata \u00e0 luta da noite, o capixaba Erick Silva (17-5) encara americano Ben \u2018Killa B\u2019 Saunders (18-6) pelos meio m\u00e9dios. Os dois lutadores v\u00eam de resultados positivos na organiza\u00e7\u00e3o: Erick venceu Mike Rhodes por finaliza\u00e7\u00e3o em Barueri, em dezembro, e Saunders derrotou Joe Riggs por nocaute t\u00e9cnico.<\/p>\n<p>O campe\u00e3o da segunda temporada do The Ultimate Fighter Brasil Leo Santos tamb\u00e9m marca presen\u00e7a no Maracan\u00e3zinho. O brasileiro, que vem de vit\u00f3ria sobre Efrain Escudero, em Bras\u00edlia, enfrenta o americano Matt Wiman.<\/p>\n<figure id=\"attachment_16350\" aria-describedby=\"caption-attachment-16350\" style=\"width: 695px\" class=\"wp-caption aligncenter\"><a href=\"https:\/\/blogs.gazetaesportiva.com\/planeta-octogono\/files\/2015\/02\/2121_11.46.2015_85739_ef_20150210.jpg\"><img loading=\"lazy\" decoding=\"async\" class=\"size-full wp-image-16350\" alt=\"L\u00e9o Santos, Demian e \u00c9rick Silva posam para fotos no Maracan\u00e3  - Alexandre Loureiro\/Inovafoto\" src=\"https:\/\/blogs.gazetaesportiva.com\/planeta-octogono\/files\/2015\/02\/2121_11.46.2015_85739_ef_20150210.jpg\" width=\"695\" height=\"463\" \/><\/a><figcaption id=\"caption-attachment-16350\" class=\"wp-caption-text\"><strong><em>L\u00e9o Santos, Demian e \u00c9rick Silva posam para fotos no Maracan\u00e3 &#8211; Alexandre Loureiro\/Inovafoto<\/em><\/strong><\/figcaption><\/figure>\n<p>&nbsp;<\/p>\n<p>Al\u00e9m das lutas de L\u00e9o Santos e Gilbert Durinho, mais quatro eletrizantes confrontos entre os leves: o catarinense Leonardo Mafra \u2018Macarr\u00e3o\u2019(11-2) desce de categoria e enfrenta Cain Carrizosa (6-1); Leandro Buscap\u00e9, que vem de vit\u00f3ria, (17-2) encara Drew Dober (15-6); o sempre carism\u00e1tico Francisco Massaranduba (15-4) pega o mexicano Akbarh Arreola (23-8-1). E tamb\u00e9m pela divis\u00e3o at\u00e9 70kg, o carioca Jorge \u2018Blade\u2019 (7-1) e o americano Christos Giagos fazem o duelo dos desesperados em busca da primeira vit\u00f3ria no UFC.<\/p>\n<p>Completando as 12 lutas confirmadas, a baiana Amanda Nunes (9-4) retorna ao Rio atr\u00e1s de Shayna Baszler (15-9), uma das protegidas da campe\u00e3 Ronda Rousey. J\u00e1 o finalista da primeira temporada do The Ultimate Fighter Godofredo Pepey (12-3) chega em boa fase contra o promissor Andre Fili (14-2). O UFC no Rio ainda apresenta Kevin Souza (15-3), que quer manter a invencibilidade no maior evento de MMA do mundo, contra o japon\u00eas carateca Katsunori Kikuno (23-6-2) e um duelo entre o boliviano Bentley Syler e o colombiano Fredy Serrano pelos moscas.<\/p>\n<p style=\"text-align: center\"><strong><em>Card oficial* do evento:<\/em><\/strong><\/p>\n<p style=\"text-align: center\"><strong><em>Peso meio-m\u00e9dio: Demian Maia vs Ryan LaFlare<\/em><\/strong><\/p>\n<p style=\"text-align: center\"><strong><em>Peso leve: Gilbert Burns vs Josh Thomson<\/em><\/strong><\/p>\n<p style=\"text-align: center\"><strong><em>Peso meio-m\u00e9dio: Erick Silva vs Ben Saunders<\/em><\/strong><\/p>\n<p style=\"text-align: center\"><strong><em>Peso leve: Leo Santos vs Matt Wiman<\/em><\/strong><\/p>\n<p style=\"text-align: center\"><strong><em>Peso leve: Leandro Buscap\u00e9 vs Drew Dober<\/em><\/strong><\/p>\n<p style=\"text-align: center\"><strong><em>Peso leve: Leonardo Mafra vs Chris Carrizosa<\/em><\/strong><\/p>\n<p style=\"text-align: center\"><strong><em>Peso leve: Francisco Massaranduba vs Akbarh Arreola<\/em><\/strong><\/p>\n<p style=\"text-align: center\"><strong><em>Peso Galo Feminino: Amanda Nunes vs Shayna Baszler<\/em><\/strong><\/p>\n<p style=\"text-align: center\"><strong><em>Peso Pena: Godofredo Pepey vs Andre Fili<\/em><\/strong><\/p>\n<p style=\"text-align: center\"><strong><em>Peso Pena: Kevin Souza vs Katsunori Kikuno<\/em><\/strong><\/p>\n<p style=\"text-align: center\"><strong><em>Peso Mosca: Bentley Syler vs Fredy Serrano<\/em><\/strong><\/p>\n<p style=\"text-align: center\"><strong><em>Peso Leve: Jorge de Oliveira vs Christos Giagos<\/em><\/strong><\/p>\n<p style=\"text-align: center\"><strong><em>* todas as lutas ao vivo; card sujeito a altera\u00e7\u00f5es;<\/em><\/strong><\/p>\n","protected":false},"excerpt":{"rendered":"<p>&nbsp; Depois do sucesso do UFC 179, com todos os ingressos esgotados, o Ultimate Fighting Championship volta ao gin\u00e1sio do Maracan\u00e3zinho, no dia 21 de <a class=\"read-more\" href=\"https:\/\/blogs.gazetaesportiva.com\/planeta-octogono\/2015\/02\/11\/ufc-anuncia-venda-de-ingressos-para-edicao-no-rio-de-janeiro-em-marco-com-demian-maia-em-luta-principal\/\">leia mais<\/a><\/p>\n","protected":false},"author":33,"featured_media":16350,"comment_status":"open","ping_status":"open","sticky":false,"template":"","format":"standard","meta":{"jetpack_post_was_ever_published":false,"_jetpack_newsletter_access":"","_jetpack_dont_email_post_to_subs":false,"_jetpack_newsletter_tier_id":0,"_jetpack_memberships_contains_paywalled_content":false,"_jetpack_memberships_contains_paid_content":false,"footnotes":"","jetpack_publicize_message":"","jetpack_publicize_feature_enabled":true,"jetpack_social_post_already_shared":false,"jetpack_social_options":{"image_generator_settings":{"template":"highway","default_image_id":0,"font":"","enabled":false},"version":2}},"categories":[1],"tags":[205,146,508,729],"class_list":["post-16348","post","type-post","status-publish","format-standard","has-post-thumbnail","hentry","category-principal","tag-demian-maia","tag-erick-silva","tag-leo-santos","tag-ufc-rio"],"jetpack_publicize_connections":[],"jetpack_featured_media_url":"https:\/\/blogs.gazetaesportiva.com\/planeta-octogono\/files\/2015\/02\/2121_11.46.2015_85739_ef_20150210.jpg","jetpack_sharing_enabled":true,"jetpack_shortlink":"https:\/\/wp.me\/p6rqUQ-4fG","_links":{"self":[{"href":"https:\/\/blogs.gazetaesportiva.com\/planeta-octogono\/wp-json\/wp\/v2\/posts\/16348","targetHints":{"allow":["GET"]}}],"collection":[{"href":"https:\/\/blogs.gazetaesportiva.com\/planeta-octogono\/wp-json\/wp\/v2\/posts"}],"about":[{"href":"https:\/\/blogs.gazetaesportiva.com\/planeta-octogono\/wp-json\/wp\/v2\/types\/post"}],"author":[{"embeddable":true,"href":"https:\/\/blogs.gazetaesportiva.com\/planeta-octogono\/wp-json\/wp\/v2\/users\/33"}],"replies":[{"embeddable":true,"href":"https:\/\/blogs.gazetaesportiva.com\/planeta-octogono\/wp-json\/wp\/v2\/comments?post=16348"}],"version-history":[{"count":0,"href":"https:\/\/blogs.gazetaesportiva.com\/planeta-octogono\/wp-json\/wp\/v2\/posts\/16348\/revisions"}],"wp:featuredmedia":[{"embeddable":true,"href":"https:\/\/blogs.gazetaesportiva.com\/planeta-octogono\/wp-json\/wp\/v2\/media\/16350"}],"wp:attachment":[{"href":"https:\/\/blogs.gazetaesportiva.com\/planeta-octogono\/wp-json\/wp\/v2\/media?parent=16348"}],"wp:term":[{"taxonomy":"category","embeddable":true,"href":"https:\/\/blogs.gazetaesportiva.com\/planeta-octogono\/wp-json\/wp\/v2\/categories?post=16348"},{"taxonomy":"post_tag","embeddable":true,"href":"https:\/\/blogs.gazetaesportiva.com\/planeta-octogono\/wp-json\/wp\/v2\/tags?post=16348"}],"curies":[{"name":"wp","href":"https:\/\/api.w.org\/{rel}","templated":true}]}}