{"id":16282,"date":"2015-02-05T00:05:51","date_gmt":"2015-02-05T02:05:51","guid":{"rendered":"https:\/\/blogs.gazetaesportiva.com\/planeta-octogono\/?p=16282"},"modified":"2015-02-05T00:11:39","modified_gmt":"2015-02-05T02:11:39","slug":"dana-white-apoia-spider-em-momento-dificil-e-mantem-lutador-como-treinador-do-tuf-brasil-4","status":"publish","type":"post","link":"https:\/\/blogs.gazetaesportiva.com\/planeta-octogono\/2015\/02\/05\/dana-white-apoia-spider-em-momento-dificil-e-mantem-lutador-como-treinador-do-tuf-brasil-4\/","title":{"rendered":"Dana White anuncia apoio a Spider em momento dif\u00edcil e mant\u00e9m lutador como treinador do TUF Brasil 4"},"content":{"rendered":"<figure id=\"attachment_16287\" aria-describedby=\"caption-attachment-16287\" style=\"width: 3456px\" class=\"wp-caption aligncenter\"><a href=\"https:\/\/blogs.gazetaesportiva.com\/planeta-octogono\/files\/2015\/02\/tmp_5073-IMG_6172-2106507394.jpg\"><img loading=\"lazy\" decoding=\"async\" src=\"https:\/\/blogs.gazetaesportiva.com\/planeta-octogono\/files\/2015\/02\/tmp_5073-IMG_6172-2106507394.jpg\" alt=\"Dana White confirma que Anderson Silva continua em reality ap\u00f3s doping - Ana Carolina\/Gazeta Press\" width=\"696\" height=\"455\" class=\"size-full wp-image-16287\" \/><\/a><figcaption id=\"caption-attachment-16287\" class=\"wp-caption-text\">Dana White confirma que Anderson Silva continua em reality ap\u00f3s doping &#8211; Ana Carolina\/Gazeta Press<\/figcaption><\/figure>\n<p>Ap\u00f3s o lutador Anderson Silva se pronunciar publicamente acerca do resultado positivo de um exame antidoping do atleta, foi a vez do Presidente do UFC, Dana White vir a p\u00fablico.<\/p>\n<p>Em um comunicado enviado a imprensa na noite desta quarta feira, Dana mostrou que vai apoiar Anderson durante o processo de avalia\u00e7\u00e3o e julgamento que ser\u00e1 feito pela Comiss\u00e3o Atl\u00e9tica de Nevada, no dia 17 de fevereiro.<\/p>\n<p>Dana tamb\u00e9m confirmou que Spider vai continuar sendo um dos treinadores da quarta temporada do reality show de lutas do UFC, The Ultimate Fighter Brasil, juntamente com o compatriota Maur\u00edcio Shogun, que ser\u00e1 exibido na Rede Globo de Televis\u00e3o ainda neste primeiro semestre.<\/p>\n<p>As grava\u00e7\u00f5es do programa est\u00e3o em andamento na cidade de Las Vegas, aonde Spider est\u00e1 com sua equipe e o staff do UFC.<\/p>\n<figure id=\"attachment_16247\" aria-describedby=\"caption-attachment-16247\" style=\"width: 695px\" class=\"wp-caption aligncenter\"><a href=\"https:\/\/blogs.gazetaesportiva.com\/planeta-octogono\/files\/2015\/02\/10553752_10152990477401276_4419083497292671659_o.jpg\"><img loading=\"lazy\" decoding=\"async\" src=\"https:\/\/blogs.gazetaesportiva.com\/planeta-octogono\/files\/2015\/02\/10553752_10152990477401276_4419083497292671659_o.jpg\" alt=\"Anderson vai lutar para limpar nome ap\u00f3s divulga\u00e7\u00e3o de resultado positivo em exame antidoping - Divulga\u00e7\u00e3o\" width=\"695\" height=\"463\" class=\"size-full wp-image-16247\" \/><\/a><figcaption id=\"caption-attachment-16247\" class=\"wp-caption-text\">Anderson vai lutar para limpar nome ap\u00f3s divulga\u00e7\u00e3o de resultado positivo em exame antidoping &#8211; Divulga\u00e7\u00e3o<\/figcaption><\/figure>\n<p>&#8220;Anderson Silva \u00e9 um doa maiores atletas que o esporte j\u00e1 viu. Ele tem uma longa e indescrit\u00edvel carreira no MMA. Em 9 anos lutando pelo UFC, Anderson nunca testou positivo com nenhuma subst\u00e2ncia proibida.<\/p>\n<p>Olhando para isto, n\u00f3s estaremos seguindo Anderson durante todo o processo e estaremos o apoiando durante este tempo. Enquanto o processo segue Anderson vai continuar seu trabalho como treinador s\u00f3 The Ultimate Fighter, sendo que tamb\u00e9m estaremos acompanhando os procedimentos da Comiss\u00e3o Atl\u00e9tica de Nevada.<\/p>\n<p>N\u00f3s apoiamos todos os testes realizados pela Comiss\u00e3o, dentro e fora das competi\u00e7\u00f5es. N\u00f3s financiamos seus pedidos de testes durante estes \u00faltimos dois anos. Testes s\u00e3o algo natural e importante para manter o esporte limpo. O diretor do laborat\u00f3rio de Salt Lake City, nos informou que os resultados dos testes de Anderson n\u00e3o chegaram a conhecimento do UFC e da comiss\u00e3o antes do dia 3 de fevereiro, ap\u00f3s a luta.<\/p>\n<p>Todos os testes feitos pela Comiss\u00e3o Atl\u00e9tica de Nevada divulgados publicamente e n\u00f3s estamos procurando seguir de acordo com suas normas.&#8221; disse White.<\/p>\n<p>Anderson deve ser julgado no dia 17 de fevereiro aonde a Comiss\u00e3o vai dar um parecer definitivo sobre o caso.<\/p>\n","protected":false},"excerpt":{"rendered":"<p>Ap\u00f3s o lutador Anderson Silva se pronunciar publicamente acerca do resultado positivo de um exame antidoping do atleta, foi a vez do Presidente do UFC, <a class=\"read-more\" href=\"https:\/\/blogs.gazetaesportiva.com\/planeta-octogono\/2015\/02\/05\/dana-white-apoia-spider-em-momento-dificil-e-mantem-lutador-como-treinador-do-tuf-brasil-4\/\">leia mais<\/a><\/p>\n","protected":false},"author":33,"featured_media":16287,"comment_status":"open","ping_status":"open","sticky":false,"template":"","format":"standard","meta":{"jetpack_post_was_ever_published":false,"_jetpack_newsletter_access":"","_jetpack_dont_email_post_to_subs":false,"_jetpack_newsletter_tier_id":0,"_jetpack_memberships_contains_paywalled_content":false,"_jetpack_memberships_contains_paid_content":false,"footnotes":"","jetpack_publicize_message":"","jetpack_publicize_feature_enabled":true,"jetpack_social_post_already_shared":false,"jetpack_social_options":{"image_generator_settings":{"template":"highway","default_image_id":0,"font":"","enabled":false},"version":2}},"categories":[1],"tags":[],"class_list":["post-16282","post","type-post","status-publish","format-standard","has-post-thumbnail","hentry","category-principal"],"jetpack_publicize_connections":[],"jetpack_featured_media_url":"https:\/\/blogs.gazetaesportiva.com\/planeta-octogono\/files\/2015\/02\/tmp_5073-IMG_6172-2106507394.jpg","jetpack_sharing_enabled":true,"jetpack_shortlink":"https:\/\/wp.me\/p6rqUQ-4eC","_links":{"self":[{"href":"https:\/\/blogs.gazetaesportiva.com\/planeta-octogono\/wp-json\/wp\/v2\/posts\/16282","targetHints":{"allow":["GET"]}}],"collection":[{"href":"https:\/\/blogs.gazetaesportiva.com\/planeta-octogono\/wp-json\/wp\/v2\/posts"}],"about":[{"href":"https:\/\/blogs.gazetaesportiva.com\/planeta-octogono\/wp-json\/wp\/v2\/types\/post"}],"author":[{"embeddable":true,"href":"https:\/\/blogs.gazetaesportiva.com\/planeta-octogono\/wp-json\/wp\/v2\/users\/33"}],"replies":[{"embeddable":true,"href":"https:\/\/blogs.gazetaesportiva.com\/planeta-octogono\/wp-json\/wp\/v2\/comments?post=16282"}],"version-history":[{"count":0,"href":"https:\/\/blogs.gazetaesportiva.com\/planeta-octogono\/wp-json\/wp\/v2\/posts\/16282\/revisions"}],"wp:featuredmedia":[{"embeddable":true,"href":"https:\/\/blogs.gazetaesportiva.com\/planeta-octogono\/wp-json\/wp\/v2\/media\/16287"}],"wp:attachment":[{"href":"https:\/\/blogs.gazetaesportiva.com\/planeta-octogono\/wp-json\/wp\/v2\/media?parent=16282"}],"wp:term":[{"taxonomy":"category","embeddable":true,"href":"https:\/\/blogs.gazetaesportiva.com\/planeta-octogono\/wp-json\/wp\/v2\/categories?post=16282"},{"taxonomy":"post_tag","embeddable":true,"href":"https:\/\/blogs.gazetaesportiva.com\/planeta-octogono\/wp-json\/wp\/v2\/tags?post=16282"}],"curies":[{"name":"wp","href":"https:\/\/api.w.org\/{rel}","templated":true}]}}