{"id":16272,"date":"2015-02-04T19:09:28","date_gmt":"2015-02-04T21:09:28","guid":{"rendered":"https:\/\/blogs.gazetaesportiva.com\/planeta-octogono\/?p=16272"},"modified":"2015-02-04T19:11:26","modified_gmt":"2015-02-04T21:11:26","slug":"presidente-do-xfc-myron-molotky-fala-sobre-futuro-de-evento-no-brasil-e-considera-realizacao-de-reality-show-esta-sob-nosso-radar","status":"publish","type":"post","link":"https:\/\/blogs.gazetaesportiva.com\/planeta-octogono\/2015\/02\/04\/presidente-do-xfc-myron-molotky-fala-sobre-futuro-de-evento-no-brasil-e-considera-realizacao-de-reality-show-esta-sob-nosso-radar\/","title":{"rendered":"Presidente do XFC, Myron Molotky fala sobre futuro de evento no Brasil e considera realiza\u00e7\u00e3o de reality show: Est\u00e1 sob nosso radar!"},"content":{"rendered":"<figure id=\"attachment_15157\" aria-describedby=\"caption-attachment-15157\" style=\"width: 500px\" class=\"wp-caption aligncenter\"><a href=\"https:\/\/blogs.gazetaesportiva.com\/planeta-octogono\/files\/2014\/11\/238451_451023_wanderlei.jpg\"><img loading=\"lazy\" decoding=\"async\" class=\"size-full wp-image-15157\" alt=\"Presidente do XFC fala sobre futuro - Divulga\u00e7\u00e3o\" src=\"https:\/\/blogs.gazetaesportiva.com\/planeta-octogono\/files\/2014\/11\/238451_451023_wanderlei.jpg\" width=\"500\" height=\"333\" \/><\/a><figcaption id=\"caption-attachment-15157\" class=\"wp-caption-text\"><strong><em>Presidente do XFC fala sobre futuro &#8211; Divulga\u00e7\u00e3o<\/em><\/strong><\/figcaption><\/figure>\n<p>&nbsp;<\/p>\n<p>O blog traz uma entrevista com o Presidente do XFC (Xtreme Fighting Championship), Myron Molotky.<\/p>\n<p>Falando sobre diversos assuntos, Myron conversou sobre o futuro do evento no pa\u00eds.<\/p>\n<p>Com grandes planos para o futuro, o evento que tem parceria com a emissora Rede TV vai continuar investindo no Brasil.<\/p>\n<p>Prevendo realizar 8 eventos em 2015, o XFC tamb\u00e9m planeja edi\u00e7\u00f5es na Am\u00e9rica Latina, Estados Unidos e Europa.<\/p>\n<p style=\"text-align: center\"><strong><em>Veja a conversa com Myron:<\/em><\/strong><\/p>\n<p>\u200b\u200b<\/p>\n<p><b>O XFC j\u00e1 realizou 7 edi\u00e7\u00f5es no Brasil. Qual sua analise mediante ao trabalho realizado pelo evento at\u00e9 aqui?<\/b><\/p>\n<p>\u200b\u200b<b><b><\/b><\/b>\u200bEstamos orgulhosos com o que fizemos at\u00e9 ent\u00e3o. O Brasil nos recebeu de bra\u00e7os abertos e temos certeza que estamos dando a eles muito mais do que o esperado. O Brasil \u00e9 um mercado imenso, com talentos incr\u00edveis. Nosso objetivo principal foi descobrir dar o m\u00e1ximo poss\u00edvel de exposi\u00e7\u00e3o aos lutadores, vindos dos mais variados pa\u00edses. Nossos parceiros de transmiss\u00e3o d\u00e3o a estes lutadores a oportunidade de se mostrar e se exibir para o mundo atrav\u00e9s da S\u00e9rie Internacional do XFC.\u200b\u200b<\/p>\n<div><\/div>\n<p><b>Voc\u00ea teceu muitos elogios ao nivel dos atletas brasileiros. Voc\u00ea acredita que o XFC pode ser o novo celeiro para novos atletas brasileiros da nova gera\u00e7\u00e3o do MMA?<\/b><\/p>\n<p><b><br \/>\n<\/b>Os lutadores brasileiros s\u00e3o incr\u00edveis&#8230; tanto talento ainda n\u00e3o descoberto por aqui&#8230; Eles t\u00eam t\u00e9cnicas incr\u00edveis, comprometimento e paix\u00e3o pelo que fazem. Muitos deles, h\u00e1 poucos anos, nem tinham meios de dar subsist\u00eancia \u00e0s suas fam\u00edlias, enquanto acreditavam em seus sonhos. Agora, eles est\u00e3o mostrando as suas habilidades para o mundo. \u00c9 isso que nos faz muito orgulhosos do impacto que o XFC teve no mundo do MMA. Al\u00e9m disso, proporcionamos aos f\u00e3s boas lutas, n\u00f3s adoramos oferecer oportunidades para essa gera\u00e7\u00e3o de guerreiros do XFC.<\/p>\n<div>\u200b\u200b<\/div>\n<p><b>Muitos f\u00e3s tem esperan\u00e7a que o XFC juntamente com a Rede TV, possa alavancar o esporte no Brasil. Voc\u00ea compartilha do mesmo sentimento?<br \/>\n<\/b><br \/>\nA televis\u00e3o aberta d\u00e1 a todo mundo a oportunidade de assistir ao MMA. \u00c9 a nossa ferramenta principal para desenvolver o esporte, para desenvolver os lutadores e para mostr\u00e1-los ao mundo, assim como mostrar o XFC ao mundo. Os f\u00e3s n\u00e3o t\u00eam que gastar dinheiro com \u201cpay per view\u201d para assistir a um belo show de MMA. \u00c9 de gra\u00e7a! N\u00f3s sentimos que com o crescimento do esporte, torna-se mais e mais importante mostrar a todos, n\u00e3o somente a um pequeno grupo de pessoas. E n\u00f3s n\u00e3o paramos por aqui. O XFC vai apresentar nossos outros parceiros de transmiss\u00e3o: HBO, Terra e outros a serem apresentados em poucas semanas.<\/p>\n<figure id=\"attachment_16273\" aria-describedby=\"caption-attachment-16273\" style=\"width: 695px\" class=\"wp-caption aligncenter\"><a href=\"https:\/\/blogs.gazetaesportiva.com\/planeta-octogono\/files\/2015\/02\/1493592_531319453669064_4486281611870270581_o.jpg\"><img loading=\"lazy\" decoding=\"async\" class=\" wp-image-16273 \" alt=\"Myron exalta lutadores brasileiros - Divulga\u00e7\u00e3o\" src=\"https:\/\/blogs.gazetaesportiva.com\/planeta-octogono\/files\/2015\/02\/1493592_531319453669064_4486281611870270581_o.jpg\" width=\"695\" height=\"455\" \/><\/a><figcaption id=\"caption-attachment-16273\" class=\"wp-caption-text\"><strong><em>Myron exalta lutadores brasileiros &#8211; Divulga\u00e7\u00e3o<\/em><\/strong><\/figcaption><\/figure>\n<div>\u200b\u200b<\/div>\n<p><b>Wanderlei Silva deixou aberta a oportunidade de lutar no evento. N\u00f3s sabemos que ele ainda possui vinculo com o UFC. Mas diante deste cen\u00e1rio, voc\u00ea acredita que ele ainda possa um dia lutar no XFC?<\/b><\/p>\n<p>N\u00e3o temos nenhuma conversa o Wanderlei SIlva. Ele foi um verdadeiro cavalheiro com todo mundo no evento, fazendo nossa admira\u00e7\u00e3o por ele aumentar ainda mais.<\/p>\n<div>\u200b\u200b<\/div>\n<p><b>O XFC realizou seu \u00faltimo evento no Gin\u00e1sio do S\u00e3o Paulo FC. Como voc\u00ea enxerga essa liga\u00e7\u00e3o entre futebol e MMA? \u00a0<\/b><\/p>\n<p>O futebol \u00e9 a paix\u00e3o brasileira. Nada chega nem perto disso, entretanto, o MMA est\u00e1 ganhando espa\u00e7o. Nunca esteve nos nossos planos competir ou fazer um link direto entre o MMA e o futebol, sediando um evento no SPFC. Qualquer iniciativa para apoiar os lutadores \u00e9 bem-vinda e deve ser avaliada.<\/p>\n<div>\u200b\u200b<\/div>\n<p><b>Mudando de assunto, quais esportes voc\u00ea admira?<br \/>\n<\/b><br \/>\nNo passado, eu fui lutador amador de boxe nos EUA, Golden Glove, e sempre gostei de esportes de combate. No entanto, o esporte que eu treinei e fui bem sucedido foi o Hoquei. Eu tive a sorte de compartilhar o ringue de gelo com v\u00e1rios excelentes profissionais e continuo a seguir a carreira deles na NHL e em v\u00e1rias equipes ol\u00edmpicas. Eu tamb\u00e9m gosto de futebol, especialmente o brasileiro, desde que eu era jovem. A rica hist\u00f3ria no Brasil teve um forte efeito em jogadores jovens dos Estados Unidos e teve uma grande import\u00e2ncia no crescimento da popularidade do futebol nos Estados Unidos.<\/p>\n<div>\u200b\u200b<\/div>\n<p><b>O XFC tem planos de realizar um reality show de lutas na televis\u00e3o?<\/b><\/p>\n<p>Definitivamente isso est\u00e1 sob nosso radar. O XFC tem sido abordado por muitas empresas para desenvolver isso, mas o nosso foco continua em construir os lutadores do XFC e a marca XFC globalmente. No tempo certo, os reality shows v\u00e3o ajudar nessa cria\u00e7\u00e3o.<\/p>\n<div>\u200b\u200b<\/div>\n<p><b>Quais s\u00e3o os planos para 2015?<br \/>\n<\/b><br \/>\nEstamos ansiosos para outra boa temporada de desenvolvimento do MMA e do XFC. Vamos sediar oito eventos no Brasil, 2 ou 3 na Am\u00e9rica latina, 2 nos Estados Unidos e 2 na Europa. Os f\u00e3s v\u00e3o ver os campe\u00f5es da segunda temporada, come\u00e7ando com a final das mulheres peso mosca, entre Poliana Botelho e Silvaneide Pereira, no XFCi 9.<\/p>\n<div><\/div>\n<div>N\u00f3s tamb\u00e9m vamos apresentar a a \u201cBelt series\u201d do Campeonato Mundial do XFC&#8230; onde os campeonatos s\u00e3o conquistados, n\u00e3o dados. Nosso plantel continua a crescer. Estamos muito animados para exibir os campe\u00f5es do nosso torneio e o novos guerreiros que far\u00e3o as superlutas e v\u00e3o continuar o crescimento e sucesso do XFC.<\/div>\n","protected":false},"excerpt":{"rendered":"<p>&nbsp; O blog traz uma entrevista com o Presidente do XFC (Xtreme Fighting Championship), Myron Molotky. Falando sobre diversos assuntos, Myron conversou sobre o futuro <a class=\"read-more\" href=\"https:\/\/blogs.gazetaesportiva.com\/planeta-octogono\/2015\/02\/04\/presidente-do-xfc-myron-molotky-fala-sobre-futuro-de-evento-no-brasil-e-considera-realizacao-de-reality-show-esta-sob-nosso-radar\/\">leia mais<\/a><\/p>\n","protected":false},"author":33,"featured_media":16273,"comment_status":"open","ping_status":"open","sticky":false,"template":"","format":"standard","meta":{"jetpack_post_was_ever_published":false,"_jetpack_newsletter_access":"","_jetpack_dont_email_post_to_subs":false,"_jetpack_newsletter_tier_id":0,"_jetpack_memberships_contains_paywalled_content":false,"_jetpack_memberships_contains_paid_content":false,"footnotes":"","jetpack_publicize_message":"","jetpack_publicize_feature_enabled":true,"jetpack_social_post_already_shared":false,"jetpack_social_options":{"image_generator_settings":{"template":"highway","default_image_id":0,"font":"","enabled":false},"version":2}},"categories":[1],"tags":[693,645],"class_list":["post-16272","post","type-post","status-publish","format-standard","has-post-thumbnail","hentry","category-principal","tag-myron-molotky","tag-xfc"],"jetpack_publicize_connections":[],"jetpack_featured_media_url":"https:\/\/blogs.gazetaesportiva.com\/planeta-octogono\/files\/2015\/02\/1493592_531319453669064_4486281611870270581_o.jpg","jetpack_sharing_enabled":true,"jetpack_shortlink":"https:\/\/wp.me\/p6rqUQ-4es","_links":{"self":[{"href":"https:\/\/blogs.gazetaesportiva.com\/planeta-octogono\/wp-json\/wp\/v2\/posts\/16272","targetHints":{"allow":["GET"]}}],"collection":[{"href":"https:\/\/blogs.gazetaesportiva.com\/planeta-octogono\/wp-json\/wp\/v2\/posts"}],"about":[{"href":"https:\/\/blogs.gazetaesportiva.com\/planeta-octogono\/wp-json\/wp\/v2\/types\/post"}],"author":[{"embeddable":true,"href":"https:\/\/blogs.gazetaesportiva.com\/planeta-octogono\/wp-json\/wp\/v2\/users\/33"}],"replies":[{"embeddable":true,"href":"https:\/\/blogs.gazetaesportiva.com\/planeta-octogono\/wp-json\/wp\/v2\/comments?post=16272"}],"version-history":[{"count":0,"href":"https:\/\/blogs.gazetaesportiva.com\/planeta-octogono\/wp-json\/wp\/v2\/posts\/16272\/revisions"}],"wp:featuredmedia":[{"embeddable":true,"href":"https:\/\/blogs.gazetaesportiva.com\/planeta-octogono\/wp-json\/wp\/v2\/media\/16273"}],"wp:attachment":[{"href":"https:\/\/blogs.gazetaesportiva.com\/planeta-octogono\/wp-json\/wp\/v2\/media?parent=16272"}],"wp:term":[{"taxonomy":"category","embeddable":true,"href":"https:\/\/blogs.gazetaesportiva.com\/planeta-octogono\/wp-json\/wp\/v2\/categories?post=16272"},{"taxonomy":"post_tag","embeddable":true,"href":"https:\/\/blogs.gazetaesportiva.com\/planeta-octogono\/wp-json\/wp\/v2\/tags?post=16272"}],"curies":[{"name":"wp","href":"https:\/\/api.w.org\/{rel}","templated":true}]}}